{"id":48613,"date":"2023-01-12T16:00:25","date_gmt":"2023-01-12T21:00:25","guid":{"rendered":"https:\/\/revistazetta.com\/?p=48613"},"modified":"2023-01-12T17:57:26","modified_gmt":"2023-01-12T22:57:26","slug":"foto-de-pedro-ali-con-gorra-del-partido-liberal-sacude-redes-sociales-y-circulos-politicos","status":"publish","type":"post","link":"https:\/\/revistazetta.com\/?p=48613","title":{"rendered":"Foto de Pedro Al\u00ed con gorra del Partido Liberal sacude redes sociales y c\u00edrculos pol\u00edticos"},"content":{"rendered":"<p><strong>Cartagena de Indias, 12 de enero de 2023.-<\/strong> Pedro Al\u00ed se retir\u00f3 el a\u00f1o pasado de la gerencia del Instituto de Deportes y Recreaci\u00f3n de Bol\u00edvar -IDERBOL- para quedar como \u00abagente libre\u00bb en las elecciones venideras de octubre.<\/p>\n<p>Termin\u00f3 el a\u00f1o como la primera opci\u00f3n para aspirar a la Gobernaci\u00f3n de Bol\u00edvar gracias a su trabajo pol\u00edtico asociado al grupo que orienta el senador Lidio Garc\u00eda Turbay, el m\u00e1ximo elector nacional del Partido Liberal, y quien encabez\u00f3 la lista a Senado de los comicios de marzo pasado.<\/p>\n<p>De Pedro Al\u00ed poco se supo en las \u00faltimas semanas, pero este jueves sacudi\u00f3 a los c\u00edrculos pol\u00edticos y las redes sociales con una inusitada foto, en la que luce una gorra con el logo del Partido Liberal, y que acompa\u00f1\u00f3 con este mensaje:<\/p>\n<p style=\"padding-left: 40px;\"><span style=\"color: #000080;\"><strong><em>\u00abEmprendemos un camino que es el resultado a un trabajo continuado durante m\u00e1s de 15 a\u00f1os cuya fortaleza son los cientos de testimonios de personas beneficiadas por la Participaci\u00f3n Comunitaria, nuestro prop\u00f3sito es seguir creciendo a trav\u00e9s de este modelo de Gobierno Participativo\u00bb.<\/em><\/strong><\/span><\/p>\n<p>La publicaci\u00f3n en Twitter, Facebook e Instagram corri\u00f3 como p\u00f3lvora, y de inmediato algunos trataron de leer entre l\u00edneas, pues el mensaje no menciona candidatura a la Gobernaci\u00f3n de Bol\u00edvar, pero s\u00ed es enf\u00e1tico en resaltar la participaci\u00f3n comunitaria que impuls\u00f3 cuando fue alcalde de Magangu\u00e9, en el periodo anterior. (Aspir\u00f3 con el aval de Cambio Radical).<\/p>\n<p>Comienza el a\u00f1o electoral y lo que est\u00e1 claro es que Pedro Al\u00ed estar\u00e1 en el tarjet\u00f3n&#8230; ya el tiempo precisar\u00e1 si es en definitiva el de Gobernaci\u00f3n de Bol\u00edvar u otro cargo de elecci\u00f3n popular.<\/p>\n<p><img loading=\"lazy\" decoding=\"async\" class=\"alignnone wp-image-48614 size-large\" src=\"https:\/\/revistazetta.com\/wp-content\/uploads\/2023\/01\/Captura-de-Pantalla-2023-01-12-a-las-3.56.54-p.m.-1024x603.png\" alt=\"\" width=\"740\" height=\"436\" srcset=\"https:\/\/revistazetta.com\/wp-content\/uploads\/2023\/01\/Captura-de-Pantalla-2023-01-12-a-las-3.56.54-p.m.-1024x603.png 1024w, https:\/\/revistazetta.com\/wp-content\/uploads\/2023\/01\/Captura-de-Pantalla-2023-01-12-a-las-3.56.54-p.m.-400x235.png 400w, https:\/\/revistazetta.com\/wp-content\/uploads\/2023\/01\/Captura-de-Pantalla-2023-01-12-a-las-3.56.54-p.m.-1536x904.png 1536w, https:\/\/revistazetta.com\/wp-content\/uploads\/2023\/01\/Captura-de-Pantalla-2023-01-12-a-las-3.56.54-p.m.-2048x1205.png 2048w\" sizes=\"auto, (max-width: 740px) 100vw, 740px\" \/><\/p>\n","protected":false},"excerpt":{"rendered":"<p>Cartagena de Indias, 12 de enero de 2023.- Pedro Al\u00ed se retir\u00f3 el a\u00f1o pasado de la gerencia del Instituto de Deportes y Recreaci\u00f3n de Bol\u00edvar -IDERBOL- para quedar como \u00abagente libre\u00bb en las elecciones venideras de octubre. Termin\u00f3 el a\u00f1o como la primera opci\u00f3n para aspirar a la Gobernaci\u00f3n de Bol\u00edvar gracias a su trabajo pol\u00edtico asociado al grupo que orienta el senador Lidio Garc\u00eda Turbay, el m\u00e1ximo elector nacional del Partido Liberal, y quien encabez\u00f3 la lista a Senado de los comicios de marzo pasado. De Pedro Al\u00ed&#8230; <\/p>\n","protected":false},"author":3,"featured_media":48615,"comment_status":"closed","ping_status":"closed","sticky":false,"template":"","format":"standard","meta":{"footnotes":"","_links_to":"","_links_to_target":""},"categories":[75,4],"tags":[285,983,365,635,364,298],"class_list":["post-48613","post","type-post","status-publish","format-standard","has-post-thumbnail","hentry","category-destacada","category-politica","tag-destacada","tag-elecciones-2023","tag-gobernacion-de-bolivar","tag-magangue","tag-pedro-ali","tag-politica"],"_links":{"self":[{"href":"https:\/\/revistazetta.com\/index.php?rest_route=\/wp\/v2\/posts\/48613","targetHints":{"allow":["GET"]}}],"collection":[{"href":"https:\/\/revistazetta.com\/index.php?rest_route=\/wp\/v2\/posts"}],"about":[{"href":"https:\/\/revistazetta.com\/index.php?rest_route=\/wp\/v2\/types\/post"}],"author":[{"embeddable":true,"href":"https:\/\/revistazetta.com\/index.php?rest_route=\/wp\/v2\/users\/3"}],"replies":[{"embeddable":true,"href":"https:\/\/revistazetta.com\/index.php?rest_route=%2Fwp%2Fv2%2Fcomments&post=48613"}],"version-history":[{"count":0,"href":"https:\/\/revistazetta.com\/index.php?rest_route=\/wp\/v2\/posts\/48613\/revisions"}],"wp:featuredmedia":[{"embeddable":true,"href":"https:\/\/revistazetta.com\/index.php?rest_route=\/wp\/v2\/media\/48615"}],"wp:attachment":[{"href":"https:\/\/revistazetta.com\/index.php?rest_route=%2Fwp%2Fv2%2Fmedia&parent=48613"}],"wp:term":[{"taxonomy":"category","embeddable":true,"href":"https:\/\/revistazetta.com\/index.php?rest_route=%2Fwp%2Fv2%2Fcategories&post=48613"},{"taxonomy":"post_tag","embeddable":true,"href":"https:\/\/revistazetta.com\/index.php?rest_route=%2Fwp%2Fv2%2Ftags&post=48613"}],"curies":[{"name":"wp","href":"https:\/\/api.w.org\/{rel}","templated":true}]}}