{"id":4863,"date":"2015-03-06T07:41:11","date_gmt":"2015-03-06T12:41:11","guid":{"rendered":"http:\/\/www.revistazetta.com\/?p=4863"},"modified":"2015-03-06T07:41:11","modified_gmt":"2015-03-06T12:41:11","slug":"hay-un-nuevo-periodismo-nacional","status":"publish","type":"post","link":"https:\/\/revistazetta.com\/?p=4863","title":{"rendered":"\u00bfHay un nuevo periodismo nacional?"},"content":{"rendered":"<p>Por Miguel Raad Hern\u00e1ndez (Cartagena, Marzo 5 de 2015). A riesgo de meterme con los trastos de la Iglesia, como dec\u00edan antes las se\u00f1oras, hoy me tomo licencia para apartar el foco de mi lente de los hechos o acontecimientos cotidianos, y enfocarme en el quehacer de los observadores, comunicadores y periodistas encargados de mantenernos informados a los colombianos. Especialmente voy a referirme a los periodistas nacionales de las grandes cadenas de radio y televisi\u00f3n, las de las grandes audiencias, seg\u00fan las encuestas de sinton\u00eda.<\/p>\n<p>&nbsp;<\/p>\n<p>Comienzo por describir el sentimiento o estado de \u00e1nimo que generan los noticieros nacionales. Se inician con unas fanfarrias o cortinas musicales que crispan los nervios del m\u00e1s sereno\u00a0 y fr\u00edo de los oyentes. Al o\u00edrlas sonar todos imaginamos en seguida una tragedia y nos preparamos para salir corriendo a ponernos a salvo. De inmediato entra un locutor casi grit\u00e1ndonos las noticias:<\/p>\n<p>&nbsp;<\/p>\n<p>\u00a1Atenci\u00f3n! \u00a1atenci\u00f3n! ULTIMO MINUTO!\u00a0 JOVEN BORRACHO INSULTA A UN TAXISTA Y A LA POLIC\u00cdA . AFIRMA QUE NO SABEN CON QUI\u00c9N SE HAN METIDO. EL JOVEN DICE SER SOBRINO DEL PAPA FRANCISCO!!!<\/p>\n<p>&nbsp;<\/p>\n<p>ATENCI\u00d3N! ATENCI\u00d3N! VOCEROS DEL VATICANO DICEN QUE EL JOVEN PEREIRANO PUEDE SER UN SOBRINO TATARANIETO DEL PAPA, PORQUE ALG\u00daN BERGOLIO, DE LOS INMIGRANTES ITALIANOS, PUDO PERDERSE CAMINO A LA ARGENTINA Y LLEGAR A COLOMBIA.<\/p>\n<p>&nbsp;<\/p>\n<p>ATENCI\u00d3N! ATENCI\u00d3N! EL PAPA FRANCISCO DICE DESCONOCER PARIENTES EN COLOMBIA. PUEDEN SER DE LA BASTARD\u00cdA. VEAN LAS IM\u00c1GENES DEL JOVEN INSULTANDO A LA POLIC\u00cdA Y DIGAN USTEDES SI SE PARECE O NO AL PAPA!!!<\/p>\n<p>&nbsp;<\/p>\n<p>&nbsp;<\/p>\n<p>Aquella fant\u00e1stica noticia, de enorme trascendencia para la humanidad, hay que escalarla a todas la dimensiones que ella puede alcanzar. Por eso, a la siguiente emisi\u00f3n del noticiero nos sorprenden con el desarrollo de la noticia:<\/p>\n<p>&nbsp;<\/p>\n<p>ATENCI\u00d3N! ATENCI\u00d3N! PREOCUPA POSIBLE INCIDENTE DIPLOM\u00c1TICO DE COLOMBIA CON EL VATICANO POR CASO DE JOVEN PARIENTE DEL PAPA QUE INSULT\u00d3 AL TAXISTA EN PEREIRA!!!<\/p>\n<p>&nbsp;<\/p>\n<p>Y a partir de all\u00ed nos bombardean con entrevistas hechas a personajes ateos que insultan al Papa a trav\u00e9s de los micr\u00f3fonos por tener esa clase de parientes y sacan conclusiones de para d\u00f3nde ir\u00e1 la Iglesia gobernada por un Bergoglio con ese talante del joven pereirano. Luego buscan a las autoridades y \u00e9stas, ya con los nervios crispados y escandalizadas anuncian investigaciones al m\u00e1s alto nivel y sanciones a los responsables. Finalmente, al en\u00e9simo d\u00eda de darle con la noticia, aparece un Juez anunciando que ya dict\u00f3 medida de aseguramiento contra un transe\u00fante que observaba la discusi\u00f3n con el taxista. Ah\u00ed ya los periodistas est\u00e1n felices y se auto congratulan por la labor moralizadora que han cumplido.<\/p>\n<p>&nbsp;<\/p>\n<p>Hasta aqu\u00ed la parodia. Que me perdone el Santo Padre por haber tomado su nombre para extremar el ejemplo. Pero ese es el formato, como dicen los mismos comunicadores, que se ha puesto de moda para captar a la audiencia. Lo que no saben estos periodistas es cu\u00e1ntas personas serias, responsables y ponderadas, se han sentido ofendidas por insultar su inteligencia y buen criterio. Cu\u00e1ntas de esas personas de la audiencia cualificada apagaron su receptor o cambiaron hacia los noticieros internacionales.<\/p>\n<p>&nbsp;<\/p>\n<p>Y cuando nos movemos en el dial o cambiamos de canal hacia reputados noticieros\u00a0 internacionales, \u00a1cu\u00e1nta diferencia! Desde el tono pausado y tranquilo de la voz de los locutores;\u00a0 la selecci\u00f3n del hecho noticioso que es real no fantasioso; la\u00a0 objetividad del tratamiento de la noticia; la ausencia de comentarios personales subjetivos; en fin, el profesionalismo y respeto por la audiencia.<\/p>\n<p>&nbsp;<\/p>\n<p>Y lo que digo no es meramente anecd\u00f3tico. El buen ejercicio del periodismo es determinante en la vida de las naciones. Desde all\u00ed se generan percepciones v\u00e1lidas o distorsiones funestas de la realidad que vivimos. Desde los medios se promueven estilos de vida, comportamientos, estados de \u00e1nimo y hasta la salud mental de millones de personas puede verse influida\u00a0 por las noticias y comentarios que se bombardean sin cesar desde las emisoras y los peri\u00f3dicos.<\/p>\n<p>&nbsp;<\/p>\n<p>Que me perdonen los poderoso de los medios por este comentario tan atrevido. Pero siempre es bueno recordarles que los colombianos no tragamos entero. Yo sigo creyendo que hay muchos periodistas muy profesionales y muy buenos. Ojal\u00e1 ellos impusieran su estilo.<\/p>\n","protected":false},"excerpt":{"rendered":"<p>Por Miguel Raad Hern\u00e1ndez (Cartagena, Marzo 5 de 2015). A riesgo de meterme con los trastos de la Iglesia, como dec\u00edan antes las se\u00f1oras, hoy me tomo licencia para apartar el foco de mi lente de los hechos o acontecimientos cotidianos, y enfocarme en el quehacer de los observadores, comunicadores y periodistas encargados de mantenernos informados a los colombianos. Especialmente voy a referirme a los periodistas nacionales de las grandes cadenas de radio y televisi\u00f3n, las de las grandes audiencias, seg\u00fan las encuestas de sinton\u00eda. &nbsp; Comienzo por describir el&#8230; <\/p>\n","protected":false},"author":4,"featured_media":4864,"comment_status":"open","ping_status":"closed","sticky":false,"template":"","format":"standard","meta":{"footnotes":"","_links_to":"","_links_to_target":""},"categories":[44,65],"tags":[],"class_list":["post-4863","post","type-post","status-publish","format-standard","has-post-thumbnail","hentry","category-materiagris","category-opinion"],"_links":{"self":[{"href":"https:\/\/revistazetta.com\/index.php?rest_route=\/wp\/v2\/posts\/4863","targetHints":{"allow":["GET"]}}],"collection":[{"href":"https:\/\/revistazetta.com\/index.php?rest_route=\/wp\/v2\/posts"}],"about":[{"href":"https:\/\/revistazetta.com\/index.php?rest_route=\/wp\/v2\/types\/post"}],"author":[{"embeddable":true,"href":"https:\/\/revistazetta.com\/index.php?rest_route=\/wp\/v2\/users\/4"}],"replies":[{"embeddable":true,"href":"https:\/\/revistazetta.com\/index.php?rest_route=%2Fwp%2Fv2%2Fcomments&post=4863"}],"version-history":[{"count":0,"href":"https:\/\/revistazetta.com\/index.php?rest_route=\/wp\/v2\/posts\/4863\/revisions"}],"wp:featuredmedia":[{"embeddable":true,"href":"https:\/\/revistazetta.com\/index.php?rest_route=\/wp\/v2\/media\/4864"}],"wp:attachment":[{"href":"https:\/\/revistazetta.com\/index.php?rest_route=%2Fwp%2Fv2%2Fmedia&parent=4863"}],"wp:term":[{"taxonomy":"category","embeddable":true,"href":"https:\/\/revistazetta.com\/index.php?rest_route=%2Fwp%2Fv2%2Fcategories&post=4863"},{"taxonomy":"post_tag","embeddable":true,"href":"https:\/\/revistazetta.com\/index.php?rest_route=%2Fwp%2Fv2%2Ftags&post=4863"}],"curies":[{"name":"wp","href":"https:\/\/api.w.org\/{rel}","templated":true}]}}