{"id":48642,"date":"2023-01-18T05:55:19","date_gmt":"2023-01-18T10:55:19","guid":{"rendered":"https:\/\/revistazetta.com\/?p=48642"},"modified":"2023-01-18T05:55:19","modified_gmt":"2023-01-18T10:55:19","slug":"aterrizando-en-2023-opinion-de-ambrosio-fernandez","status":"publish","type":"post","link":"https:\/\/revistazetta.com\/?p=48642","title":{"rendered":"Aterrizando en 2023 &#8211; Opini\u00f3n de Ambrosio Fern\u00e1ndez"},"content":{"rendered":"<p><strong><span style=\"color: #000080;\">Por Ambrosio Fern\u00e1ndez (Especial para Revista Zetta).-<\/span> Cartagena de Indias, 18 de enero de 2023.-<\/strong>\u00a0El 2023 marcar\u00e1, de una vez por todas, el aterrizaje econ\u00f3mico luego del fuerte impulso que se vio en la mayor\u00eda de los pa\u00edses del mundo, producto de la reactivaci\u00f3n postpandemia. De acuerdo con los c\u00e1lculos del Ministerio de Hacienda y de instituciones como Fedesarrollo, este a\u00f1o el pa\u00eds crecer\u00e1 entre 1,3 y 1,5%, cifra muy baja luego de haber aumentado el PIB m\u00e1s de 10 y 8% entre 2021 y 2022 respectivamente.<span class=\"Apple-converted-space\">\u00a0<\/span><\/p>\n<p>De entrada, esto implica un aterrizaje fuerte para la econom\u00eda colombiana y por ende para todos los ciudadanos. Un horizonte nada halagador, atravesar el 2023 ser\u00e1 una cuesta arriba y m\u00e1s si tenemos en cuenta que el presidente Petro y sus ministros, seguir\u00e1n dando tumbos.<\/p>\n<p>Factores como la disminuci\u00f3n del turismo, por cuenta de un cada vez m\u00e1s alto costo de vida o la huida de capitales extranjeros, puede afectar fuertemente a Cartagena, que, a pesar de buenos datos macroecon\u00f3micos, como el \u00edndice de desempleo, contin\u00faa siendo una ciudad resentida econ\u00f3micamente, con fuertes brechas sociales que se profundizaron en la pandemia y que d\u00eda a d\u00eda se acrecientan m\u00e1s.<span class=\"Apple-converted-space\">\u00a0<\/span><\/p>\n<p>A lo anterior hay que sumar otro ingrediente para ese caldo de incertidumbre que se mueve actualmente y es que en octubre de este a\u00f1o se realizar\u00e1n las elecciones para elegir alcaldes, gobernadores, diputados y concejales. Aunque en menor medida, muchos negocios o inversiones son detenidos en tiempos electorales, a la espera de se\u00f1ales por parte de qui\u00e9nes son electos, sobre como dirigir\u00e1n los destinos de sus territorios. Sin duda la contienda de este a\u00f1o no ser\u00e1 f\u00e1cil y en medio del ambiente de hartazgo y polarizaci\u00f3n que vive la ciudadan\u00eda, habr\u00e1 enfrentamientos fuertes en la plaza p\u00fablica o en las redes sociales, lo que provocar\u00e1 que especialmente desde el exterior, se vea a Cartagena aun con m\u00e1s recelo.<span class=\"Apple-converted-space\">\u00a0<\/span><\/p>\n<p>La agitaci\u00f3n pol\u00edtica tarde o temprano termina pasando factura a los destinos de inversi\u00f3n y m\u00e1s cuando esta no revierte en un fortalecimiento de las instituciones y las pol\u00edticas p\u00fablicas, sino cuando desemboca en aut\u00e9nticos fen\u00f3menos populistas que para todo discurso se\u00f1alan una problem\u00e1tica, pero a la hora de presentar soluciones, se esconden.<span class=\"Apple-converted-space\">\u00a0<\/span><\/p>\n<p>Ante este panorama hay que seguir poni\u00e9ndole frente a cada una de las situaciones que se nos presenten. Colombia ha sido relativamente fuerte cuando han ocurrido grandes crisis en los mercados o en las econom\u00edas desarrolladas y Cartagena ni hablar, incluso a pesar de haber sido sitiada, hace siglos por los piratas y hoy por la politiquer\u00eda, la corrupci\u00f3n y la improvisaci\u00f3n, La heroica no ha sido del todo derrotada.<span class=\"Apple-converted-space\">\u00a0<\/span><\/p>\n<p>\u00a1Vamos por este nuevo a\u00f1o!<\/p>\n","protected":false},"excerpt":{"rendered":"<p>Por Ambrosio Fern\u00e1ndez (Especial para Revista Zetta).- Cartagena de Indias, 18 de enero de 2023.-\u00a0El 2023 marcar\u00e1, de una vez por todas, el aterrizaje econ\u00f3mico luego del fuerte impulso que se vio en la mayor\u00eda de los pa\u00edses del mundo, producto de la reactivaci\u00f3n postpandemia. De acuerdo con los c\u00e1lculos del Ministerio de Hacienda y de instituciones como Fedesarrollo, este a\u00f1o el pa\u00eds crecer\u00e1 entre 1,3 y 1,5%, cifra muy baja luego de haber aumentado el PIB m\u00e1s de 10 y 8% entre 2021 y 2022 respectivamente.\u00a0 De entrada, esto&#8230; <\/p>\n","protected":false},"author":3,"featured_media":48643,"comment_status":"closed","ping_status":"closed","sticky":false,"template":"","format":"standard","meta":{"footnotes":"","_links_to":"","_links_to_target":""},"categories":[44,65],"tags":[829,288,289],"class_list":["post-48642","post","type-post","status-publish","format-standard","has-post-thumbnail","hentry","category-materiagris","category-opinion","tag-ambrosio-fernandez","tag-materia-gris","tag-opinion"],"_links":{"self":[{"href":"https:\/\/revistazetta.com\/index.php?rest_route=\/wp\/v2\/posts\/48642","targetHints":{"allow":["GET"]}}],"collection":[{"href":"https:\/\/revistazetta.com\/index.php?rest_route=\/wp\/v2\/posts"}],"about":[{"href":"https:\/\/revistazetta.com\/index.php?rest_route=\/wp\/v2\/types\/post"}],"author":[{"embeddable":true,"href":"https:\/\/revistazetta.com\/index.php?rest_route=\/wp\/v2\/users\/3"}],"replies":[{"embeddable":true,"href":"https:\/\/revistazetta.com\/index.php?rest_route=%2Fwp%2Fv2%2Fcomments&post=48642"}],"version-history":[{"count":0,"href":"https:\/\/revistazetta.com\/index.php?rest_route=\/wp\/v2\/posts\/48642\/revisions"}],"wp:featuredmedia":[{"embeddable":true,"href":"https:\/\/revistazetta.com\/index.php?rest_route=\/wp\/v2\/media\/48643"}],"wp:attachment":[{"href":"https:\/\/revistazetta.com\/index.php?rest_route=%2Fwp%2Fv2%2Fmedia&parent=48642"}],"wp:term":[{"taxonomy":"category","embeddable":true,"href":"https:\/\/revistazetta.com\/index.php?rest_route=%2Fwp%2Fv2%2Fcategories&post=48642"},{"taxonomy":"post_tag","embeddable":true,"href":"https:\/\/revistazetta.com\/index.php?rest_route=%2Fwp%2Fv2%2Ftags&post=48642"}],"curies":[{"name":"wp","href":"https:\/\/api.w.org\/{rel}","templated":true}]}}