{"id":48652,"date":"2023-01-19T08:27:33","date_gmt":"2023-01-19T13:27:33","guid":{"rendered":"https:\/\/revistazetta.com\/?p=48652"},"modified":"2023-01-19T09:29:47","modified_gmt":"2023-01-19T14:29:47","slug":"mi-candidatura-tendra-mandato-popular-william-garcia-tirado","status":"publish","type":"post","link":"https:\/\/revistazetta.com\/?p=48652","title":{"rendered":"\u00abMi candidatura tendr\u00e1 mandato popular\u00bb: William Garc\u00eda Tirado"},"content":{"rendered":"<p><strong>Cartagena de Indias, 19 de enero de 2023.-<\/strong> Acudir a un mecanismo de recolecci\u00f3n de firmas busca que la candidatura de William Garc\u00eda Tirado tenga un mandato popular.<\/p>\n<p>El dirigente volver\u00e1 a recorrer cada esquina, cada calle, cada barrio, para validar las propuestas que viene enarbolando en su trayectoria pol\u00edtica, y para ello inscribir\u00e1 un movimiento de reelecci\u00f3n de firmas este 26 de enero, ante la Registradur\u00eda.<\/p>\n<p>En la tercera y \u00faltima parte de la entrevista concedida a Revista Zetta, Garc\u00eda Tirado reitera sus temores por la intervenci\u00f3n en pol\u00edtica del alcalde actual William Dau, y pide que los entes de control actual para evitar que contamine el proceso electoral.<\/p>\n<p><iframe loading=\"lazy\" title=\"YouTube video player\" src=\"https:\/\/www.youtube.com\/embed\/6ns0XaasytU\" width=\"560\" height=\"315\" frameborder=\"0\" allowfullscreen=\"allowfullscreen\"><\/iframe><\/p>\n","protected":false},"excerpt":{"rendered":"<p>Cartagena de Indias, 19 de enero de 2023.- Acudir a un mecanismo de recolecci\u00f3n de firmas busca que la candidatura de William Garc\u00eda Tirado tenga un mandato popular. El dirigente volver\u00e1 a recorrer cada esquina, cada calle, cada barrio, para validar las propuestas que viene enarbolando en su trayectoria pol\u00edtica, y para ello inscribir\u00e1 un movimiento de reelecci\u00f3n de firmas este 26 de enero, ante la Registradur\u00eda. En la tercera y \u00faltima parte de la entrevista concedida a Revista Zetta, Garc\u00eda Tirado reitera sus temores por la intervenci\u00f3n en pol\u00edtica&#8230; <\/p>\n","protected":false},"author":3,"featured_media":48654,"comment_status":"closed","ping_status":"closed","sticky":false,"template":"","format":"standard","meta":{"footnotes":"","_links_to":"","_links_to_target":""},"categories":[1440,4],"tags":[983,298,127],"class_list":["post-48652","post","type-post","status-publish","format-standard","has-post-thumbnail","hentry","category-elecciones-2023-politica","category-politica","tag-elecciones-2023","tag-politica","tag-william-garcia-tirado"],"_links":{"self":[{"href":"https:\/\/revistazetta.com\/index.php?rest_route=\/wp\/v2\/posts\/48652","targetHints":{"allow":["GET"]}}],"collection":[{"href":"https:\/\/revistazetta.com\/index.php?rest_route=\/wp\/v2\/posts"}],"about":[{"href":"https:\/\/revistazetta.com\/index.php?rest_route=\/wp\/v2\/types\/post"}],"author":[{"embeddable":true,"href":"https:\/\/revistazetta.com\/index.php?rest_route=\/wp\/v2\/users\/3"}],"replies":[{"embeddable":true,"href":"https:\/\/revistazetta.com\/index.php?rest_route=%2Fwp%2Fv2%2Fcomments&post=48652"}],"version-history":[{"count":0,"href":"https:\/\/revistazetta.com\/index.php?rest_route=\/wp\/v2\/posts\/48652\/revisions"}],"wp:featuredmedia":[{"embeddable":true,"href":"https:\/\/revistazetta.com\/index.php?rest_route=\/wp\/v2\/media\/48654"}],"wp:attachment":[{"href":"https:\/\/revistazetta.com\/index.php?rest_route=%2Fwp%2Fv2%2Fmedia&parent=48652"}],"wp:term":[{"taxonomy":"category","embeddable":true,"href":"https:\/\/revistazetta.com\/index.php?rest_route=%2Fwp%2Fv2%2Fcategories&post=48652"},{"taxonomy":"post_tag","embeddable":true,"href":"https:\/\/revistazetta.com\/index.php?rest_route=%2Fwp%2Fv2%2Ftags&post=48652"}],"curies":[{"name":"wp","href":"https:\/\/api.w.org\/{rel}","templated":true}]}}