{"id":48722,"date":"2023-01-25T17:22:32","date_gmt":"2023-01-25T22:22:32","guid":{"rendered":"https:\/\/revistazetta.com\/?p=48722"},"modified":"2023-01-27T19:12:51","modified_gmt":"2023-01-28T00:12:51","slug":"el-nombre-del-movimiento-que-recogera-firmas-para-william-garcia-tirado-se-llamara-los-tres-golpes","status":"publish","type":"post","link":"https:\/\/revistazetta.com\/?p=48722","title":{"rendered":"El movimiento que recoger\u00e1 firmas para William Garc\u00eda Tirado se llamar\u00e1 \u00abLos Tres Golpes\u00bb"},"content":{"rendered":"<p><strong>Cartagena de Indias, 25 de enero de 2023.-<\/strong> Un nombre que asegura recordaci\u00f3n es el que encontr\u00f3 William Garc\u00eda Tirado para el movimiento significativo de ciudadanos que recaudar\u00e1 firmas en su tercera aspiraci\u00f3n a la Alcald\u00eda: \u00abLos Tres Golpes\u00bb.<\/p>\n<p>Probablemente aluda a los tres alimentos del d\u00eda (desayuno &#8211; almuerzo &#8211; cena), que por nuestra regi\u00f3n conocemos como \u00ablos tres golpes\u00bb, o bien podr\u00eda ser una alusi\u00f3n al tercer intento de llegar al primer cargo del Distrito: Hace ocho a\u00f1os \u00ababdic\u00f3\u00bb en favor de Manolo Duque, y hace cuatro a\u00f1os result\u00f3 derrotado por William Dau, aunque con serias denuncias de fraude electoral.<\/p>\n<p>La inscripci\u00f3n del movimiento ser\u00e1 este jueves 26 de enero, a las 9 de la ma\u00f1ana, en la sede de la Registradur\u00eda en el Pie del Cerro, sobre la avenida Pedro de Heredia.<\/p>\n<p>Garc\u00eda Tirado espera que una multitud de amigos acuda voluntariamente a acompa\u00f1arlo.<\/p>\n<p>Para informar sobre esta actividad, su campa\u00f1a emiti\u00f3 este comunicado:<\/p>\n<p style=\"padding-left: 40px;\"><span style=\"color: #000080;\"><em><strong>El movimiento significativo de ciudadanos \u201cLos Tres Golpes\u201d presenta oficialmente su candidato a la Alcald\u00eda de Cartagena este 26 de enero a las 9:00 a.m, el acto ciudadano se realizar\u00e1 en la Registradur\u00eda Nacional del Estado Civil,seccional Bol\u00edvar, sede Cartagena ubicada en la avenida Pedro de Heredia.<\/strong><\/em><\/span><\/p>\n<p style=\"padding-left: 40px;\"><span style=\"color: #000080;\"><em><strong>William Garc\u00eda Tirado es reconocido por su amplia experiencia pol\u00edtica y administrativa a lo largo de su vida. Naci\u00f3 en el popular barrio La Mar\u00eda, fue edil y desde entonces lider\u00f3 importantes proyectos para el desarrollo de la ciudad que luego lo llevaron a ser concejal y posteriormente representante a la C\u00e1mara del departamento.<\/strong><\/em><\/span><\/p>\n<p style=\"padding-left: 40px;\"><span style=\"color: #000080;\"><em><strong>Desde el Congreso promovi\u00f3 la lucha contra la corrupci\u00f3n, donde hizo importantes denuncias como la venta ilegal e irregular de las playas de Cartagena a particulares y lider\u00f3 proyectos de ley que hoy benefician a miles de colombianos.<\/strong><\/em><\/span><\/p>\n<p style=\"padding-left: 40px;\"><span style=\"color: #000080;\"><em><strong>En las pasadas elecciones Garc\u00eda Tirado obtuvo el respaldo de m\u00e1s de 100 mil votantes que consideraban que era la mejor opci\u00f3n para tomar las riendas de Cartagena, una ciudad que ha vivido en los \u00faltimos a\u00f1os a\u00f1os una de las peores crisis administrativas.<\/strong><\/em><\/span><\/p>\n<p style=\"padding-left: 40px;\"><span style=\"color: #000080;\"><em><strong>\u201cConozco a Cartagena y todas sus necesidades y los cartageneros tambi\u00e9n me conocen. Acept\u00e9 la derrota, las burlas y humillaciones de la clase pol\u00edtica tradicional del departamento que arropados bajo el lema de independientes enga\u00f1aron a toda la ciudad. Hoy presento mi nombre como candidato a la Alcald\u00eda con unas propuestas claras y contundentes para sacar a la ciudad del estancamiento. Amo a Cartagena y mi vocaci\u00f3n es y ser\u00e1 trabajar por ella, este es el momento en el que todos debemos unirnos por eso los invito toda la ciudadan\u00eda cartagenera para que me acompa\u00f1e en ese prop\u00f3sito\u201d, dijo William Garc\u00eda Tirado, candidato a la Alcald\u00eda de Cartagena.<\/strong><\/em><\/span><\/p>\n<p style=\"padding-left: 40px;\"><span style=\"color: #000080;\"><em><strong>Garc\u00eda Tirado es economista, especialista en Gobierno y Gesti\u00f3n, master en Finanzas y doctor en Administraci\u00f3n.<\/strong><\/em><\/span><\/p>\n","protected":false},"excerpt":{"rendered":"<p>Cartagena de Indias, 25 de enero de 2023.- Un nombre que asegura recordaci\u00f3n es el que encontr\u00f3 William Garc\u00eda Tirado para el movimiento significativo de ciudadanos que recaudar\u00e1 firmas en su tercera aspiraci\u00f3n a la Alcald\u00eda: \u00abLos Tres Golpes\u00bb. Probablemente aluda a los tres alimentos del d\u00eda (desayuno &#8211; almuerzo &#8211; cena), que por nuestra regi\u00f3n conocemos como \u00ablos tres golpes\u00bb, o bien podr\u00eda ser una alusi\u00f3n al tercer intento de llegar al primer cargo del Distrito: Hace ocho a\u00f1os \u00ababdic\u00f3\u00bb en favor de Manolo Duque, y hace cuatro a\u00f1os&#8230; <\/p>\n","protected":false},"author":3,"featured_media":48723,"comment_status":"closed","ping_status":"closed","sticky":false,"template":"","format":"standard","meta":{"footnotes":"","_links_to":"","_links_to_target":""},"categories":[1440,4],"tags":[274,191,983,1456,1455,298,127],"class_list":["post-48722","post","type-post","status-publish","format-standard","has-post-thumbnail","hentry","category-elecciones-2023-politica","category-politica","tag-alcaldia-de-cartagena","tag-cartagena-de-indias","tag-elecciones-2023","tag-firmas","tag-inscripcion","tag-politica","tag-william-garcia-tirado"],"_links":{"self":[{"href":"https:\/\/revistazetta.com\/index.php?rest_route=\/wp\/v2\/posts\/48722","targetHints":{"allow":["GET"]}}],"collection":[{"href":"https:\/\/revistazetta.com\/index.php?rest_route=\/wp\/v2\/posts"}],"about":[{"href":"https:\/\/revistazetta.com\/index.php?rest_route=\/wp\/v2\/types\/post"}],"author":[{"embeddable":true,"href":"https:\/\/revistazetta.com\/index.php?rest_route=\/wp\/v2\/users\/3"}],"replies":[{"embeddable":true,"href":"https:\/\/revistazetta.com\/index.php?rest_route=%2Fwp%2Fv2%2Fcomments&post=48722"}],"version-history":[{"count":0,"href":"https:\/\/revistazetta.com\/index.php?rest_route=\/wp\/v2\/posts\/48722\/revisions"}],"wp:featuredmedia":[{"embeddable":true,"href":"https:\/\/revistazetta.com\/index.php?rest_route=\/wp\/v2\/media\/48723"}],"wp:attachment":[{"href":"https:\/\/revistazetta.com\/index.php?rest_route=%2Fwp%2Fv2%2Fmedia&parent=48722"}],"wp:term":[{"taxonomy":"category","embeddable":true,"href":"https:\/\/revistazetta.com\/index.php?rest_route=%2Fwp%2Fv2%2Fcategories&post=48722"},{"taxonomy":"post_tag","embeddable":true,"href":"https:\/\/revistazetta.com\/index.php?rest_route=%2Fwp%2Fv2%2Ftags&post=48722"}],"curies":[{"name":"wp","href":"https:\/\/api.w.org\/{rel}","templated":true}]}}