{"id":48733,"date":"2023-01-27T18:24:12","date_gmt":"2023-01-27T23:24:12","guid":{"rendered":"https:\/\/revistazetta.com\/?p=48733"},"modified":"2023-01-27T18:24:12","modified_gmt":"2023-01-27T23:24:12","slug":"en-2019-nadie-le-robo-las-elecciones-a-nadie-dumek","status":"publish","type":"post","link":"https:\/\/revistazetta.com\/?p=48733","title":{"rendered":"\u00abEn 2019 nadie le rob\u00f3 las elecciones a nadie\u00bb: Dumek"},"content":{"rendered":"<div class=\"x11i5rnm xat24cr x1mh8g0r x1vvkbs xtlvy1s x126k92a\">\n<div dir=\"auto\"><strong>Cartagena de Indias, 27 de enero de 2023.-<\/strong> La teor\u00eda del fraude electoral que William Garc\u00eda Tirado ha denunciado contra el actual alcalde William Dau no es compartida por Dumek Turbay, quien se perfila como fuerte contenedor en la carrera por la Alcald\u00eda de Cartagena en octubre venidero.<\/div>\n<div dir=\"auto\">En entrevista con Revista Zetta, Garc\u00eda Tirado rompi\u00f3 su silencio de tres a\u00f1os tras la derrota electoral, y especific\u00f3 situaciones que lo llevan a concluir que Dau Chamat se eligi\u00f3 con argucias, no con votos.<\/div>\n<div dir=\"auto\">Incluso, al inscribir su grupo significativo para recaudar firmas para aspirar por tercera vez a la Alcald\u00eda, Garc\u00eda Tirado dijo que \u00abesta vez no nos van a robar la elecciones\u00bb.<\/div>\n<div dir=\"auto\">A pesar de ello, su teor\u00eda del fraude no es compartida por Dumek Turbay, quien en sus cuentas de redes sociales expres\u00f3:<\/div>\n<div dir=\"auto\" style=\"padding-left: 40px;\"><span style=\"color: #000080;\"><em>En 2019 nadie le rob\u00f3 las elecciones a nadie. La democracia no se desprecia. Los cartageneros enviaron un mensaje claro y contundente resultado de las circunstancias de ese momento pol\u00edtico, solo que se equivocaron de mensajero y el experimento, consecuencia de muchas causas, result\u00f3 fallido. Un fracaso que tiene a <a class=\"x1i10hfl xjbqb8w x6umtig x1b1mbwd xaqea5y xav7gou x9f619 x1ypdohk xt0psk2 xe8uvvx xdj266r x11i5rnm xat24cr x1mh8g0r xexx8yu x4uap5 x18d9i69 xkhd6sd x16tdsg8 x1hl2dhg xggy1nq x1a2a7pz xt0b8zv x1qq9wsj xo1l8bm\" style=\"color: #000080;\" tabindex=\"0\" role=\"link\" href=\"https:\/\/www.facebook.com\/CartagenaMiA?__cft__[0]=AZUQ8WHTAUi9INRs1kZzAE3WhwmnyiVwul9DvZ4z6J4iSPuxRFG1e0Ose5JqctnOEPc1O49AZZBfBn_fWYUMLEhSvrmj1350BiP5TQvaZ7Fjw5PJxTsF67KZfvHrok_ZSetNtLTJ0lmNabMYnv3tkWNu8RXX0sWEBStVzWv7U_zBxPM4C5KmTsLc05yCRqWLRq4&amp;__tn__=-]K-R\" target=\"_blank\" rel=\"noopener\"><span class=\"xt0psk2\">Cartagena de Indias<\/span><\/a> sumida en una de las peores crisis de su historia reciente.<\/em><\/span><\/div>\n<div dir=\"auto\" style=\"padding-left: 40px;\"><em style=\"color: #000080;\">Propongo mirar hacia adelante y ofrecerle a <a class=\"x1i10hfl xjbqb8w x6umtig x1b1mbwd xaqea5y xav7gou x9f619 x1ypdohk xt0psk2 xe8uvvx xdj266r x11i5rnm xat24cr x1mh8g0r xexx8yu x4uap5 x18d9i69 xkhd6sd x16tdsg8 x1hl2dhg xggy1nq x1a2a7pz xt0b8zv x1qq9wsj xo1l8bm\" style=\"color: #000080;\" tabindex=\"0\" role=\"link\" href=\"https:\/\/www.facebook.com\/cartagenadeindias?__cft__[0]=AZUQ8WHTAUi9INRs1kZzAE3WhwmnyiVwul9DvZ4z6J4iSPuxRFG1e0Ose5JqctnOEPc1O49AZZBfBn_fWYUMLEhSvrmj1350BiP5TQvaZ7Fjw5PJxTsF67KZfvHrok_ZSetNtLTJ0lmNabMYnv3tkWNu8RXX0sWEBStVzWv7U_zBxPM4C5KmTsLc05yCRqWLRq4&amp;__tn__=-]K-R\" target=\"_blank\" rel=\"noopener\"><span class=\"xt0psk2\">Cartagena<\/span><\/a> un debate de soluciones serias, ideas innovadoras y propuestas VIABLES. Sin improperios ni se\u00f1alamientos, sufiente tuvimos en estos casi 4 a\u00f1os de divisi\u00f3n. La ciudad se cans\u00f3 de esa confrontaci\u00f3n grosera porque es in\u00fatil, no sirve pa&#8217; nada. Pensemos en prospectiva, con visi\u00f3n de Ciudad &#8211; Regi\u00f3n, pong\u00e1monos de acuerdo como sociedad y saqu\u00e9mosla adelante para que <a class=\"x1i10hfl xjbqb8w x6umtig x1b1mbwd xaqea5y xav7gou x9f619 x1ypdohk xt0psk2 xe8uvvx xdj266r x11i5rnm xat24cr x1mh8g0r xexx8yu x4uap5 x18d9i69 xkhd6sd x16tdsg8 x1hl2dhg xggy1nq x1a2a7pz xt0b8zv x1qq9wsj xo1l8bm\" style=\"color: #000080;\" tabindex=\"0\" role=\"link\" href=\"https:\/\/www.facebook.com\/hashtag\/avancemosya?__eep__=6&amp;__cft__[0]=AZUQ8WHTAUi9INRs1kZzAE3WhwmnyiVwul9DvZ4z6J4iSPuxRFG1e0Ose5JqctnOEPc1O49AZZBfBn_fWYUMLEhSvrmj1350BiP5TQvaZ7Fjw5PJxTsF67KZfvHrok_ZSetNtLTJ0lmNabMYnv3tkWNu8RXX0sWEBStVzWv7U_zBxPM4C5KmTsLc05yCRqWLRq4&amp;__tn__=*NK-R\" target=\"_blank\" rel=\"noopener\">#AvancemosYa<\/a>. Seamos GENEROSOS con Cartagena.<\/em><\/div>\n<\/div>\n<div dir=\"auto\">La publicaci\u00f3n de Turbay Paz se hizo apenas horas despu\u00e9s que Garc\u00eda Tirado inscribiera su movimiento \u00abLos Tres Golpes\u00bb para recoger firmas en pos de la Alcald\u00eda de Cartagena.<\/div>\n<div dir=\"auto\">El exgobernador Dumek Turbay tambi\u00e9n inscribir\u00e1 un Grupo Significativo de Ciudadanos con el mismo fin.<\/div>\n<div dir=\"auto\">Sobre el presunto fraude electoral de William Dau, esto dijo Garc\u00eda Tirado en entrevista con Revista Zetta:<\/div>\n<div dir=\"auto\"><iframe loading=\"lazy\" title=\"YouTube video player\" src=\"https:\/\/www.youtube.com\/embed\/U_sz53_dUkU\" width=\"560\" height=\"315\" frameborder=\"0\" allowfullscreen=\"allowfullscreen\"><\/iframe><\/div>\n<div dir=\"auto\"><\/div>\n","protected":false},"excerpt":{"rendered":"<p>Cartagena de Indias, 27 de enero de 2023.- La teor\u00eda del fraude electoral que William Garc\u00eda Tirado ha denunciado contra el actual alcalde William Dau no es compartida por Dumek Turbay, quien se perfila como fuerte contenedor en la carrera por la Alcald\u00eda de Cartagena en octubre venidero. En entrevista con Revista Zetta, Garc\u00eda Tirado rompi\u00f3 su silencio de tres a\u00f1os tras la derrota electoral, y especific\u00f3 situaciones que lo llevan a concluir que Dau Chamat se eligi\u00f3 con argucias, no con votos. Incluso, al inscribir su grupo significativo para&#8230; <\/p>\n","protected":false},"author":3,"featured_media":48734,"comment_status":"closed","ping_status":"closed","sticky":false,"template":"","format":"standard","meta":{"footnotes":"","_links_to":"","_links_to_target":""},"categories":[1450],"tags":[285,74,983,1442,298,431,127],"class_list":["post-48733","post","type-post","status-publish","format-standard","has-post-thumbnail","hentry","category-parasladers","tag-destacada","tag-dumek-turbay","tag-elecciones-2023","tag-fraude-electoral","tag-politica","tag-william-dau","tag-william-garcia-tirado"],"_links":{"self":[{"href":"https:\/\/revistazetta.com\/index.php?rest_route=\/wp\/v2\/posts\/48733","targetHints":{"allow":["GET"]}}],"collection":[{"href":"https:\/\/revistazetta.com\/index.php?rest_route=\/wp\/v2\/posts"}],"about":[{"href":"https:\/\/revistazetta.com\/index.php?rest_route=\/wp\/v2\/types\/post"}],"author":[{"embeddable":true,"href":"https:\/\/revistazetta.com\/index.php?rest_route=\/wp\/v2\/users\/3"}],"replies":[{"embeddable":true,"href":"https:\/\/revistazetta.com\/index.php?rest_route=%2Fwp%2Fv2%2Fcomments&post=48733"}],"version-history":[{"count":0,"href":"https:\/\/revistazetta.com\/index.php?rest_route=\/wp\/v2\/posts\/48733\/revisions"}],"wp:featuredmedia":[{"embeddable":true,"href":"https:\/\/revistazetta.com\/index.php?rest_route=\/wp\/v2\/media\/48734"}],"wp:attachment":[{"href":"https:\/\/revistazetta.com\/index.php?rest_route=%2Fwp%2Fv2%2Fmedia&parent=48733"}],"wp:term":[{"taxonomy":"category","embeddable":true,"href":"https:\/\/revistazetta.com\/index.php?rest_route=%2Fwp%2Fv2%2Fcategories&post=48733"},{"taxonomy":"post_tag","embeddable":true,"href":"https:\/\/revistazetta.com\/index.php?rest_route=%2Fwp%2Fv2%2Ftags&post=48733"}],"curies":[{"name":"wp","href":"https:\/\/api.w.org\/{rel}","templated":true}]}}