{"id":48747,"date":"2023-01-29T16:19:23","date_gmt":"2023-01-29T21:19:23","guid":{"rendered":"https:\/\/revistazetta.com\/?p=48747"},"modified":"2023-01-29T16:21:31","modified_gmt":"2023-01-29T21:21:31","slug":"cartagena-proximo-nivel-movimiento-para-llevar-candidatura-a-la-alcaldia-de-cartagena","status":"publish","type":"post","link":"https:\/\/revistazetta.com\/?p=48747","title":{"rendered":"\u00abCartagena, Pr\u00f3ximo Nivel\u00bb, movimiento para llevar candidatura a la Alcald\u00eda de Cartagena"},"content":{"rendered":"<p><strong>Cartagena de Indias, 29 de enero de 2023.-<\/strong> La instalaci\u00f3n de pantallas gigantes en toda la ciudad con informaci\u00f3n en tiempo real de la ejecuci\u00f3n del presupuesto distrital es una de las propuestas que defiende el movimiento \u00abCartagena, Pr\u00f3ximo Nivel\u00bb, y que busca impulsar una candidatura a la Alcald\u00eda de Cartagena.<\/p>\n<p>Seg\u00fan sus primeras publicaciones en redes sociales, se trata de \u00abdejar el pasado y avanzar hacia el futuro\u00bb.<\/p>\n<p>El movimiento ha planteado que primero presentar\u00e1 las principales propuestas de su plataforma pol\u00edtica y despu\u00e9s se buscar\u00e1 el mecanismo para definir a la persona en las abanderar\u00e1 para llegar a la Alcald\u00eda de Cartagena.<\/p>\n<p>El grupo est\u00e1 conformado por profesionales, acad\u00e9micos, trabajadores, comunales y l\u00edderes c\u00edvicos, quienes tienen claro que la financiaci\u00f3n se har\u00e1 mediante la consecuci\u00f3n de peque\u00f1os aportes, lejos de los grandes financistas, cuya experiencia no es sana para la transparencia.<\/p>\n<p>Entre las personas que trabajan esta propuesta est\u00e1 el arquitecto cartagenero \u00c1lvaro Royo, quien hace m\u00e1s de 20 a\u00f1os reside en China, y quien semanalmente entrega sus opiniones en una columna en Revista Zetta.<\/p>\n<p>Estos son dos de los mensajes que est\u00e1n compartiendo en redes sociales:<\/p>\n<p><iframe loading=\"lazy\" style=\"border: none; overflow: hidden;\" src=\"https:\/\/www.facebook.com\/plugins\/video.php?height=476&amp;href=https%3A%2F%2Fwww.facebook.com%2F100088967406912%2Fvideos%2F1419970188744555%2F&amp;show_text=false&amp;width=267&amp;t=0\" width=\"267\" height=\"476\" frameborder=\"0\" scrolling=\"no\" allowfullscreen=\"allowfullscreen\"><\/iframe><\/p>\n<blockquote class=\"twitter-tweet\">\n<p dir=\"ltr\" lang=\"es\">Activar Sonido. <a href=\"https:\/\/t.co\/cJwFZWpqrr\">pic.twitter.com\/cJwFZWpqrr<\/a><\/p>\n<p>\u2014 Alvaro Royo (@Alvaro_E_Royo) <a href=\"https:\/\/twitter.com\/Alvaro_E_Royo\/status\/1618334835709300737?ref_src=twsrc%5Etfw\" target=\"_blank\" rel=\"noopener\">January 25, 2023<\/a><\/p><\/blockquote>\n<p><script async src=\"https:\/\/platform.twitter.com\/widgets.js\" charset=\"utf-8\"><\/script><\/p>\n","protected":false},"excerpt":{"rendered":"<p>Cartagena de Indias, 29 de enero de 2023.- La instalaci\u00f3n de pantallas gigantes en toda la ciudad con informaci\u00f3n en tiempo real de la ejecuci\u00f3n del presupuesto distrital es una de las propuestas que defiende el movimiento \u00abCartagena, Pr\u00f3ximo Nivel\u00bb, y que busca impulsar una candidatura a la Alcald\u00eda de Cartagena. Seg\u00fan sus primeras publicaciones en redes sociales, se trata de \u00abdejar el pasado y avanzar hacia el futuro\u00bb. El movimiento ha planteado que primero presentar\u00e1 las principales propuestas de su plataforma pol\u00edtica y despu\u00e9s se buscar\u00e1 el mecanismo para&#8230; <\/p>\n","protected":false},"author":3,"featured_media":48748,"comment_status":"closed","ping_status":"closed","sticky":false,"template":"","format":"standard","meta":{"footnotes":"","_links_to":"","_links_to_target":""},"categories":[1450,1440,4],"tags":[285,983,298],"class_list":["post-48747","post","type-post","status-publish","format-standard","has-post-thumbnail","hentry","category-parasladers","category-elecciones-2023-politica","category-politica","tag-destacada","tag-elecciones-2023","tag-politica"],"_links":{"self":[{"href":"https:\/\/revistazetta.com\/index.php?rest_route=\/wp\/v2\/posts\/48747","targetHints":{"allow":["GET"]}}],"collection":[{"href":"https:\/\/revistazetta.com\/index.php?rest_route=\/wp\/v2\/posts"}],"about":[{"href":"https:\/\/revistazetta.com\/index.php?rest_route=\/wp\/v2\/types\/post"}],"author":[{"embeddable":true,"href":"https:\/\/revistazetta.com\/index.php?rest_route=\/wp\/v2\/users\/3"}],"replies":[{"embeddable":true,"href":"https:\/\/revistazetta.com\/index.php?rest_route=%2Fwp%2Fv2%2Fcomments&post=48747"}],"version-history":[{"count":0,"href":"https:\/\/revistazetta.com\/index.php?rest_route=\/wp\/v2\/posts\/48747\/revisions"}],"wp:featuredmedia":[{"embeddable":true,"href":"https:\/\/revistazetta.com\/index.php?rest_route=\/wp\/v2\/media\/48748"}],"wp:attachment":[{"href":"https:\/\/revistazetta.com\/index.php?rest_route=%2Fwp%2Fv2%2Fmedia&parent=48747"}],"wp:term":[{"taxonomy":"category","embeddable":true,"href":"https:\/\/revistazetta.com\/index.php?rest_route=%2Fwp%2Fv2%2Fcategories&post=48747"},{"taxonomy":"post_tag","embeddable":true,"href":"https:\/\/revistazetta.com\/index.php?rest_route=%2Fwp%2Fv2%2Ftags&post=48747"}],"curies":[{"name":"wp","href":"https:\/\/api.w.org\/{rel}","templated":true}]}}