{"id":48749,"date":"2023-01-29T17:08:45","date_gmt":"2023-01-29T22:08:45","guid":{"rendered":"https:\/\/revistazetta.com\/?p=48749"},"modified":"2023-01-31T08:01:33","modified_gmt":"2023-01-31T13:01:33","slug":"zaith-adechine-y-su-nuevo-comienzo-todo-apunta-a-la-gobernacion-de-bolivar","status":"publish","type":"post","link":"https:\/\/revistazetta.com\/?p=48749","title":{"rendered":"Zaith Adechine y su \u00abNuevo Comienzo\u00bb: todo apunta a la Gobernaci\u00f3n de Bol\u00edvar"},"content":{"rendered":"<p><strong>Cartagena de Indias, 29 de enero de 2023.-\u00a0<\/strong>Las cuentas de redes sociales de Zaith Carmelo Adechine Carrillo han sorprendido en los \u00faltimos d\u00edas por sus fotos y logos, propios de quien comienza a moverse en las aguas electorales.<\/p>\n<p>Incluso, en la informaci\u00f3n de las cuentas hay un enlace a la p\u00e1gina <a href=\"http:\/\/www.zaithacechine.com\" target=\"_blank\" rel=\"noopener\">http:\/\/www.zaithacechine.com<\/a>\u00a0donde se abre un cuadro de \u00abdialoguemos\u00bb y enlaces sus distintas cuentas en redes sociales.<\/p>\n<p>En la descripci\u00f3n de las cuentas de Facebook e Instagram se lee:<\/p>\n<p><span style=\"color: #000080;\"><em>Cartagenero, 33 a\u00f1os. Construyendo un nuevo comienzo para Bol\u00edvar. Economista. Docente. Ex Concejal.<\/em><\/span><\/p>\n<p><img loading=\"lazy\" decoding=\"async\" class=\"alignnone size-medium wp-image-48756\" src=\"https:\/\/revistazetta.com\/wp-content\/uploads\/2023\/01\/Captura-de-Pantalla-2023-01-29-a-las-4.53.51-p.m.-376x333.png\" alt=\"\" width=\"376\" height=\"333\" srcset=\"https:\/\/revistazetta.com\/wp-content\/uploads\/2023\/01\/Captura-de-Pantalla-2023-01-29-a-las-4.53.51-p.m.-376x333.png 376w, https:\/\/revistazetta.com\/wp-content\/uploads\/2023\/01\/Captura-de-Pantalla-2023-01-29-a-las-4.53.51-p.m.-1024x906.png 1024w, https:\/\/revistazetta.com\/wp-content\/uploads\/2023\/01\/Captura-de-Pantalla-2023-01-29-a-las-4.53.51-p.m.-183x162.png 183w, https:\/\/revistazetta.com\/wp-content\/uploads\/2023\/01\/Captura-de-Pantalla-2023-01-29-a-las-4.53.51-p.m..png 1530w\" sizes=\"auto, (max-width: 376px) 100vw, 376px\" \/><\/p>\n<p>A principios de la semana public\u00f3 la imagen del proyecto \u00abUn nuevo comienzo\u00bb, con un logo donde se resalta la letra Z.<\/p>\n<p><img loading=\"lazy\" decoding=\"async\" class=\"alignnone size-medium wp-image-48754\" src=\"https:\/\/revistazetta.com\/wp-content\/uploads\/2023\/01\/Za5-500x166.jpeg\" alt=\"\" width=\"500\" height=\"166\" srcset=\"https:\/\/revistazetta.com\/wp-content\/uploads\/2023\/01\/Za5-500x166.jpeg 500w, https:\/\/revistazetta.com\/wp-content\/uploads\/2023\/01\/Za5-250x83.jpeg 250w, https:\/\/revistazetta.com\/wp-content\/uploads\/2023\/01\/Za5.jpeg 851w\" sizes=\"auto, (max-width: 500px) 100vw, 500px\" \/><\/p>\n<p>Despu\u00e9s vino una foto donde se la aprecia haciendo deporte, con este texto:<\/p>\n<p><span style=\"color: #000080;\"><em>\u00abTodas las ma\u00f1anas me levanto a hacer ejercicio, ver el hermoso amanecer cartagenero, organizar las actividades del d\u00eda y al tiempo, trabajo por mi salud. Cada d\u00eda es un nuevo comienzo\u00bb.<\/em><\/span><\/p>\n<p><img loading=\"lazy\" decoding=\"async\" class=\"alignnone size-medium wp-image-48753\" src=\"https:\/\/revistazetta.com\/wp-content\/uploads\/2023\/01\/Za4-500x333.jpeg\" alt=\"\" width=\"500\" height=\"333\" srcset=\"https:\/\/revistazetta.com\/wp-content\/uploads\/2023\/01\/Za4-500x333.jpeg 500w, https:\/\/revistazetta.com\/wp-content\/uploads\/2023\/01\/Za4-1024x682.jpeg 1024w, https:\/\/revistazetta.com\/wp-content\/uploads\/2023\/01\/Za4-243x162.jpeg 243w, https:\/\/revistazetta.com\/wp-content\/uploads\/2023\/01\/Za4-1536x1023.jpeg 1536w, https:\/\/revistazetta.com\/wp-content\/uploads\/2023\/01\/Za4.jpeg 1600w\" sizes=\"auto, (max-width: 500px) 100vw, 500px\" \/><\/p>\n<p>Un d\u00eda despu\u00e9s public\u00f3 un par de fotos en el campo bolivarense con esta leyenda:<\/p>\n<p><span style=\"color: #000080;\"><em>La vida en el campo es una lecci\u00f3n constante de perseverancia y dedicaci\u00f3n. Trabajando all\u00ed he aprendido acerca de la importancia de la sostenibilidad y la resiliencia. Estoy agradecido por la oportunidad de aprender junto a nuestra gente sobre las pr\u00e1cticas tradicionales y las innovaciones de nuestro entorno, contribuyendo al desarrollo sostenible de la sociedad hac\u00eda un nuevo comienzo.<\/em><\/span><\/p>\n<p><img loading=\"lazy\" decoding=\"async\" class=\"alignnone size-medium wp-image-48751\" src=\"https:\/\/revistazetta.com\/wp-content\/uploads\/2023\/01\/Za2-500x323.jpeg\" alt=\"\" width=\"500\" height=\"323\" srcset=\"https:\/\/revistazetta.com\/wp-content\/uploads\/2023\/01\/Za2-500x323.jpeg 500w, https:\/\/revistazetta.com\/wp-content\/uploads\/2023\/01\/Za2-250x162.jpeg 250w, https:\/\/revistazetta.com\/wp-content\/uploads\/2023\/01\/Za2.jpeg 960w\" sizes=\"auto, (max-width: 500px) 100vw, 500px\" \/> <img loading=\"lazy\" decoding=\"async\" class=\"alignnone size-medium wp-image-48752\" src=\"https:\/\/revistazetta.com\/wp-content\/uploads\/2023\/01\/Za3-500x328.jpeg\" alt=\"\" width=\"500\" height=\"328\" srcset=\"https:\/\/revistazetta.com\/wp-content\/uploads\/2023\/01\/Za3-500x328.jpeg 500w, https:\/\/revistazetta.com\/wp-content\/uploads\/2023\/01\/Za3-247x162.jpeg 247w, https:\/\/revistazetta.com\/wp-content\/uploads\/2023\/01\/Za3.jpeg 960w\" sizes=\"auto, (max-width: 500px) 100vw, 500px\" \/><\/p>\n<p>Luego public\u00f3 una serie de fotograf\u00edas alusivas a su visita al Festival del Frito de parque Heredia, con este mensaje:<\/p>\n<p><span style=\"color: #000080;\"><em>La cocina del Caribe es una mezcla \u00fanica y rica en aromas, representa el fervor y la cultura que nos identifica como bolivarenses. Ayer degust\u00e9 de la culinaria cartagenera a trav\u00e9s del Festival del Frito del Sur, evento que re\u00fane a emprendedores, donde se aprende e incentiva la atractiva gastronom\u00eda logrando unir lazos sociales a trav\u00e9s de los sabores.<\/em><\/span><\/p>\n<p><img loading=\"lazy\" decoding=\"async\" class=\"alignnone size-medium wp-image-48750\" src=\"https:\/\/revistazetta.com\/wp-content\/uploads\/2023\/01\/Za1-500x333.jpeg\" alt=\"\" width=\"500\" height=\"333\" srcset=\"https:\/\/revistazetta.com\/wp-content\/uploads\/2023\/01\/Za1-500x333.jpeg 500w, https:\/\/revistazetta.com\/wp-content\/uploads\/2023\/01\/Za1-1024x682.jpeg 1024w, https:\/\/revistazetta.com\/wp-content\/uploads\/2023\/01\/Za1-243x162.jpeg 243w, https:\/\/revistazetta.com\/wp-content\/uploads\/2023\/01\/Za1-1536x1023.jpeg 1536w, https:\/\/revistazetta.com\/wp-content\/uploads\/2023\/01\/Za1.jpeg 1600w\" sizes=\"auto, (max-width: 500px) 100vw, 500px\" \/><\/p>\n<p>Este s\u00fabito movimiento de im\u00e1genes y mensajes en redes sociales, la apertura de una p\u00e1gina web personalizada, la presentaci\u00f3n de un logo y dise\u00f1o para un proyecto denominado \u00abUn nuevo comienzo\u00bb, son elementos distintivos de una campa\u00f1a pol\u00edtica, y seg\u00fan establecimos, se trata de una ambientaci\u00f3n para presentar su candidatura a la Gobernaci\u00f3n de Bol\u00edvar.<\/p>\n<p><img loading=\"lazy\" decoding=\"async\" class=\"alignnone size-medium wp-image-48755\" src=\"https:\/\/revistazetta.com\/wp-content\/uploads\/2023\/01\/Za6-333x333.jpeg\" alt=\"\" width=\"333\" height=\"333\" srcset=\"https:\/\/revistazetta.com\/wp-content\/uploads\/2023\/01\/Za6-333x333.jpeg 333w, https:\/\/revistazetta.com\/wp-content\/uploads\/2023\/01\/Za6-162x162.jpeg 162w, https:\/\/revistazetta.com\/wp-content\/uploads\/2023\/01\/Za6.jpeg 960w\" sizes=\"auto, (max-width: 333px) 100vw, 333px\" \/><\/p>\n<p>Adechine estar\u00eda liderando una propuesta independiente, de convergencia de partidos, movimientos y corrientes.<\/p>\n<p>&nbsp;<\/p>\n","protected":false},"excerpt":{"rendered":"<p>Cartagena de Indias, 29 de enero de 2023.-\u00a0Las cuentas de redes sociales de Zaith Carmelo Adechine Carrillo han sorprendido en los \u00faltimos d\u00edas por sus fotos y logos, propios de quien comienza a moverse en las aguas electorales. Incluso, en la informaci\u00f3n de las cuentas hay un enlace a la p\u00e1gina http:\/\/www.zaithacechine.com\u00a0donde se abre un cuadro de \u00abdialoguemos\u00bb y enlaces sus distintas cuentas en redes sociales. En la descripci\u00f3n de las cuentas de Facebook e Instagram se lee: Cartagenero, 33 a\u00f1os. Construyendo un nuevo comienzo para Bol\u00edvar. Economista. Docente. Ex&#8230; <\/p>\n","protected":false},"author":3,"featured_media":48757,"comment_status":"closed","ping_status":"closed","sticky":false,"template":"","format":"standard","meta":{"footnotes":"","_links_to":"","_links_to_target":""},"categories":[1440,4],"tags":[983,365,298,172],"class_list":["post-48749","post","type-post","status-publish","format-standard","has-post-thumbnail","hentry","category-elecciones-2023-politica","category-politica","tag-elecciones-2023","tag-gobernacion-de-bolivar","tag-politica","tag-zaith-adechine"],"_links":{"self":[{"href":"https:\/\/revistazetta.com\/index.php?rest_route=\/wp\/v2\/posts\/48749","targetHints":{"allow":["GET"]}}],"collection":[{"href":"https:\/\/revistazetta.com\/index.php?rest_route=\/wp\/v2\/posts"}],"about":[{"href":"https:\/\/revistazetta.com\/index.php?rest_route=\/wp\/v2\/types\/post"}],"author":[{"embeddable":true,"href":"https:\/\/revistazetta.com\/index.php?rest_route=\/wp\/v2\/users\/3"}],"replies":[{"embeddable":true,"href":"https:\/\/revistazetta.com\/index.php?rest_route=%2Fwp%2Fv2%2Fcomments&post=48749"}],"version-history":[{"count":0,"href":"https:\/\/revistazetta.com\/index.php?rest_route=\/wp\/v2\/posts\/48749\/revisions"}],"wp:featuredmedia":[{"embeddable":true,"href":"https:\/\/revistazetta.com\/index.php?rest_route=\/wp\/v2\/media\/48757"}],"wp:attachment":[{"href":"https:\/\/revistazetta.com\/index.php?rest_route=%2Fwp%2Fv2%2Fmedia&parent=48749"}],"wp:term":[{"taxonomy":"category","embeddable":true,"href":"https:\/\/revistazetta.com\/index.php?rest_route=%2Fwp%2Fv2%2Fcategories&post=48749"},{"taxonomy":"post_tag","embeddable":true,"href":"https:\/\/revistazetta.com\/index.php?rest_route=%2Fwp%2Fv2%2Ftags&post=48749"}],"curies":[{"name":"wp","href":"https:\/\/api.w.org\/{rel}","templated":true}]}}