{"id":48758,"date":"2023-01-30T06:36:01","date_gmt":"2023-01-30T11:36:01","guid":{"rendered":"https:\/\/revistazetta.com\/?p=48758"},"modified":"2023-01-30T06:36:01","modified_gmt":"2023-01-30T11:36:01","slug":"unidad-arana-ali-en-magangue","status":"publish","type":"post","link":"https:\/\/revistazetta.com\/?p=48758","title":{"rendered":"\u00bfUnidad Arana-Al\u00ed en Magangu\u00e9?"},"content":{"rendered":"<p><strong>Cartagena de Indias, 30 de enero de 2023.-<\/strong>\u00a0Cuatro a\u00f1os atr\u00e1s, era una foto imposible.\u00a0En Magangu\u00e9 ha sido notorio y enconado el enfrentamiento entre dos grandes grupos pol\u00edticos: los Al\u00ed y los Arana, y esa pugnacidad estaba reflejada en las candidaturas a Alcald\u00eda: por un lado Carlos Cabrales, y por otro Yalil Arana.<\/p>\n<p>Perdi\u00f3 Arana y gan\u00f3 Cabrales con el apoyo de los Al\u00ed, y en la Gobernaci\u00f3n de Bol\u00edvar triunf\u00f3 Vicente Blel, que por cosas de la din\u00e1mica pol\u00edtica ten\u00eda el respaldo de ambos bandos.<\/p>\n<p>Cuatro a\u00f1os despu\u00e9s, la din\u00e1mica pol\u00edtica los pone frente a un mismo camino, el de la unidad.<\/p>\n<p>Por un lado, est\u00e1 la candidatura de Yamilito Arana (primo de Yalil Arana) a la Gobernaci\u00f3n de Bol\u00edvar, quien sacrific\u00f3 su curul en la C\u00e1mara de Representantes.<\/p>\n<p>Al mismo tiempo, est\u00e1 la precandidatura de Pedro Al\u00ed Al\u00ed tambi\u00e9n a la Gobernaci\u00f3n, pero se presenta la coyuntura id\u00f3nea para que se le abra el camino franco para la Alcald\u00eda de Magangu\u00e9, bien sea con una candidatura encabezada por \u00e9l, o alguien con todo su respaldo.<\/p>\n<p>Adem\u00e1s, el jefe pol\u00edtico del liberalismo en el Caribe, el senador Lidio Garc\u00eda, ver\u00eda con buenos ojos esta alianza. Habr\u00e1 que esperar qu\u00e9 dice.<\/p>\n<p>As\u00ed las cosas, todos contentos: Yamilito gobernador y los Al\u00ed con Alcald\u00eda de Magangu\u00e9.<\/p>\n<p>La foto se registr\u00f3 este domingo durante el cumplea\u00f1os del diputado liberal Ever Rico, uno de los m\u00e1s representativos miembros del grupo Al\u00ed, donde estuvieron Pedro Al\u00ed, Yamilito Arana y Fejed Al\u00ed. Se les vio joviales, fraternales y sonrientes. La unidad est\u00e1 servida.<\/p>\n<p>&nbsp;<\/p>\n","protected":false},"excerpt":{"rendered":"<p>Cartagena de Indias, 30 de enero de 2023.-\u00a0Cuatro a\u00f1os atr\u00e1s, era una foto imposible.\u00a0En Magangu\u00e9 ha sido notorio y enconado el enfrentamiento entre dos grandes grupos pol\u00edticos: los Al\u00ed y los Arana, y esa pugnacidad estaba reflejada en las candidaturas a Alcald\u00eda: por un lado Carlos Cabrales, y por otro Yalil Arana. Perdi\u00f3 Arana y gan\u00f3 Cabrales con el apoyo de los Al\u00ed, y en la Gobernaci\u00f3n de Bol\u00edvar triunf\u00f3 Vicente Blel, que por cosas de la din\u00e1mica pol\u00edtica ten\u00eda el respaldo de ambos bandos. Cuatro a\u00f1os despu\u00e9s, la din\u00e1mica&#8230; <\/p>\n","protected":false},"author":3,"featured_media":48759,"comment_status":"closed","ping_status":"closed","sticky":false,"template":"","format":"standard","meta":{"footnotes":"","_links_to":"","_links_to_target":""},"categories":[1450,1440,4],"tags":[285,983,561,186,448,364,298,247],"class_list":["post-48758","post","type-post","status-publish","format-standard","has-post-thumbnail","hentry","category-parasladers","category-elecciones-2023-politica","category-politica","tag-destacada","tag-elecciones-2023","tag-ever-rico","tag-fejed-ali","tag-lidio-garcia","tag-pedro-ali","tag-politica","tag-yamilito-arana"],"_links":{"self":[{"href":"https:\/\/revistazetta.com\/index.php?rest_route=\/wp\/v2\/posts\/48758","targetHints":{"allow":["GET"]}}],"collection":[{"href":"https:\/\/revistazetta.com\/index.php?rest_route=\/wp\/v2\/posts"}],"about":[{"href":"https:\/\/revistazetta.com\/index.php?rest_route=\/wp\/v2\/types\/post"}],"author":[{"embeddable":true,"href":"https:\/\/revistazetta.com\/index.php?rest_route=\/wp\/v2\/users\/3"}],"replies":[{"embeddable":true,"href":"https:\/\/revistazetta.com\/index.php?rest_route=%2Fwp%2Fv2%2Fcomments&post=48758"}],"version-history":[{"count":0,"href":"https:\/\/revistazetta.com\/index.php?rest_route=\/wp\/v2\/posts\/48758\/revisions"}],"wp:featuredmedia":[{"embeddable":true,"href":"https:\/\/revistazetta.com\/index.php?rest_route=\/wp\/v2\/media\/48759"}],"wp:attachment":[{"href":"https:\/\/revistazetta.com\/index.php?rest_route=%2Fwp%2Fv2%2Fmedia&parent=48758"}],"wp:term":[{"taxonomy":"category","embeddable":true,"href":"https:\/\/revistazetta.com\/index.php?rest_route=%2Fwp%2Fv2%2Fcategories&post=48758"},{"taxonomy":"post_tag","embeddable":true,"href":"https:\/\/revistazetta.com\/index.php?rest_route=%2Fwp%2Fv2%2Ftags&post=48758"}],"curies":[{"name":"wp","href":"https:\/\/api.w.org\/{rel}","templated":true}]}}