{"id":48766,"date":"2023-01-30T10:07:49","date_gmt":"2023-01-30T15:07:49","guid":{"rendered":"https:\/\/revistazetta.com\/?p=48766"},"modified":"2023-01-30T10:07:49","modified_gmt":"2023-01-30T15:07:49","slug":"mery-luz-londono-fomenta-unidad-para-llegar-a-la-alcaldia-con-avales","status":"publish","type":"post","link":"https:\/\/revistazetta.com\/?p=48766","title":{"rendered":"Mery Luz Londo\u00f1o fomenta unidad para llegar a la Alcald\u00eda con avales"},"content":{"rendered":"<p><strong>Cartagena de Indias, 30 de enero de 2023.-<\/strong>\u00a0Una convergencia de corrientes pol\u00edticas dispuestas a reconstruir a Cartagena es la que espera consolidar Mery Luz Londo\u00f1o en su camino hacia la Alcald\u00eda.<\/p>\n<p>La dirigente espera contar con, al menos, tres avales de organizaciones pol\u00edticas para desarrollar su campa\u00f1a para el primer cargo distrital.<\/p>\n<p>Londo\u00f1o dijo que es muy importante el liderazgo femenino para convocar a todos los sectores de la ciudad a trabajar por la reconstrucci\u00f3n de Cartagena.<\/p>\n<p>\u00abEs una responsabilidad de todos unirnos para mejorar las condiciones sociales, infraestructura, oportunidades para todos, especialmente para j\u00f3venes y mujeres\u00bb.<\/p>\n<p>&nbsp;<\/p>\n","protected":false},"excerpt":{"rendered":"<p>Cartagena de Indias, 30 de enero de 2023.-\u00a0Una convergencia de corrientes pol\u00edticas dispuestas a reconstruir a Cartagena es la que espera consolidar Mery Luz Londo\u00f1o en su camino hacia la Alcald\u00eda. La dirigente espera contar con, al menos, tres avales de organizaciones pol\u00edticas para desarrollar su campa\u00f1a para el primer cargo distrital. Londo\u00f1o dijo que es muy importante el liderazgo femenino para convocar a todos los sectores de la ciudad a trabajar por la reconstrucci\u00f3n de Cartagena. \u00abEs una responsabilidad de todos unirnos para mejorar las condiciones sociales, infraestructura, oportunidades&#8230; <\/p>\n","protected":false},"author":3,"featured_media":48767,"comment_status":"closed","ping_status":"closed","sticky":false,"template":"","format":"standard","meta":{"footnotes":"","_links_to":"","_links_to_target":""},"categories":[1450,1440,4],"tags":[274,285,983,1462,298],"class_list":["post-48766","post","type-post","status-publish","format-standard","has-post-thumbnail","hentry","category-parasladers","category-elecciones-2023-politica","category-politica","tag-alcaldia-de-cartagena","tag-destacada","tag-elecciones-2023","tag-mery-luz-londono","tag-politica"],"_links":{"self":[{"href":"https:\/\/revistazetta.com\/index.php?rest_route=\/wp\/v2\/posts\/48766","targetHints":{"allow":["GET"]}}],"collection":[{"href":"https:\/\/revistazetta.com\/index.php?rest_route=\/wp\/v2\/posts"}],"about":[{"href":"https:\/\/revistazetta.com\/index.php?rest_route=\/wp\/v2\/types\/post"}],"author":[{"embeddable":true,"href":"https:\/\/revistazetta.com\/index.php?rest_route=\/wp\/v2\/users\/3"}],"replies":[{"embeddable":true,"href":"https:\/\/revistazetta.com\/index.php?rest_route=%2Fwp%2Fv2%2Fcomments&post=48766"}],"version-history":[{"count":0,"href":"https:\/\/revistazetta.com\/index.php?rest_route=\/wp\/v2\/posts\/48766\/revisions"}],"wp:featuredmedia":[{"embeddable":true,"href":"https:\/\/revistazetta.com\/index.php?rest_route=\/wp\/v2\/media\/48767"}],"wp:attachment":[{"href":"https:\/\/revistazetta.com\/index.php?rest_route=%2Fwp%2Fv2%2Fmedia&parent=48766"}],"wp:term":[{"taxonomy":"category","embeddable":true,"href":"https:\/\/revistazetta.com\/index.php?rest_route=%2Fwp%2Fv2%2Fcategories&post=48766"},{"taxonomy":"post_tag","embeddable":true,"href":"https:\/\/revistazetta.com\/index.php?rest_route=%2Fwp%2Fv2%2Ftags&post=48766"}],"curies":[{"name":"wp","href":"https:\/\/api.w.org\/{rel}","templated":true}]}}