{"id":48773,"date":"2023-01-31T07:32:19","date_gmt":"2023-01-31T12:32:19","guid":{"rendered":"https:\/\/revistazetta.com\/?p=48773"},"modified":"2023-01-31T08:05:55","modified_gmt":"2023-01-31T13:05:55","slug":"alvaro-redondo-nunca-dijo-que-aspiraria-a-la-gobernacion-de-bolivar","status":"publish","type":"post","link":"https:\/\/revistazetta.com\/?p=48773","title":{"rendered":"\u00c1lvaro Redondo nunca dijo que aspirar\u00eda a la Gobernaci\u00f3n de Bol\u00edvar"},"content":{"rendered":"<p><strong>Cartagena de Indias, 31 de enero de 2023.-<\/strong> Cuando Alvaro Redondo Castilla renunci\u00f3 en octubre pasado a su cargo como secretario privado de la Gobernaci\u00f3n de Bolivar se interpret\u00f3 que lo hac\u00eda para no inhablitarse y aspirar a un cargo de elecci\u00f3n popular.<\/p>\n<p>En ese momento tambi\u00e9n renunciaron Carlos F\u00e9liz a la Secretar\u00eda del Interior, para aspirar a la gobernaci\u00f3n de Bol\u00edvar, y Mery Luz Londo\u00f1o, a Planeaci\u00f3n, para postularse a la Alcald\u00eda de Cartagena.<\/p>\n<p>Esa coyuntura hizo que se interpretara que Redondo tendr\u00eda una aspiraci\u00f3n a cargo electoral, pero nunca confirm\u00f3 esa versi\u00f3n ni en sus redes sociales ni en declaraciones p\u00fablicas.<\/p>\n<p>Esto deja sin piso las versiones que indican que \u00abdesmont\u00f3\u00bb su aspiraci\u00f3n a la Gobernaci\u00f3n, pues no mostr\u00f3 p\u00fablicamente intenci\u00f3n en ese sentido.<\/p>\n<p>Redondo se posesion\u00f3 este lunes como director ejecutivo encargado de Cormagdalena.<\/p>\n","protected":false},"excerpt":{"rendered":"<p>Cartagena de Indias, 31 de enero de 2023.- Cuando Alvaro Redondo Castilla renunci\u00f3 en octubre pasado a su cargo como secretario privado de la Gobernaci\u00f3n de Bolivar se interpret\u00f3 que lo hac\u00eda para no inhablitarse y aspirar a un cargo de elecci\u00f3n popular. En ese momento tambi\u00e9n renunciaron Carlos F\u00e9liz a la Secretar\u00eda del Interior, para aspirar a la gobernaci\u00f3n de Bol\u00edvar, y Mery Luz Londo\u00f1o, a Planeaci\u00f3n, para postularse a la Alcald\u00eda de Cartagena. Esa coyuntura hizo que se interpretara que Redondo tendr\u00eda una aspiraci\u00f3n a cargo electoral, pero&#8230; <\/p>\n","protected":false},"author":3,"featured_media":48774,"comment_status":"closed","ping_status":"closed","sticky":false,"template":"","format":"standard","meta":{"footnotes":"","_links_to":"","_links_to_target":""},"categories":[4],"tags":[1303,1463,298],"class_list":["post-48773","post","type-post","status-publish","format-standard","has-post-thumbnail","hentry","category-politica","tag-alvaro-redondo","tag-cormagdalena","tag-politica"],"_links":{"self":[{"href":"https:\/\/revistazetta.com\/index.php?rest_route=\/wp\/v2\/posts\/48773","targetHints":{"allow":["GET"]}}],"collection":[{"href":"https:\/\/revistazetta.com\/index.php?rest_route=\/wp\/v2\/posts"}],"about":[{"href":"https:\/\/revistazetta.com\/index.php?rest_route=\/wp\/v2\/types\/post"}],"author":[{"embeddable":true,"href":"https:\/\/revistazetta.com\/index.php?rest_route=\/wp\/v2\/users\/3"}],"replies":[{"embeddable":true,"href":"https:\/\/revistazetta.com\/index.php?rest_route=%2Fwp%2Fv2%2Fcomments&post=48773"}],"version-history":[{"count":0,"href":"https:\/\/revistazetta.com\/index.php?rest_route=\/wp\/v2\/posts\/48773\/revisions"}],"wp:featuredmedia":[{"embeddable":true,"href":"https:\/\/revistazetta.com\/index.php?rest_route=\/wp\/v2\/media\/48774"}],"wp:attachment":[{"href":"https:\/\/revistazetta.com\/index.php?rest_route=%2Fwp%2Fv2%2Fmedia&parent=48773"}],"wp:term":[{"taxonomy":"category","embeddable":true,"href":"https:\/\/revistazetta.com\/index.php?rest_route=%2Fwp%2Fv2%2Fcategories&post=48773"},{"taxonomy":"post_tag","embeddable":true,"href":"https:\/\/revistazetta.com\/index.php?rest_route=%2Fwp%2Fv2%2Ftags&post=48773"}],"curies":[{"name":"wp","href":"https:\/\/api.w.org\/{rel}","templated":true}]}}