{"id":48829,"date":"2023-01-31T23:10:58","date_gmt":"2023-02-01T04:10:58","guid":{"rendered":"https:\/\/revistazetta.com\/?p=48829"},"modified":"2023-02-07T06:10:04","modified_gmt":"2023-02-07T11:10:04","slug":"magangue-vive-primeras-fiestas-de-la-candelaria-bajo-la-ley-que-las-declaro-patrimonio-cultural","status":"publish","type":"post","link":"https:\/\/revistazetta.com\/?p=48829","title":{"rendered":"Magangu\u00e9 vive primeras Fiestas de la Candelaria bajo la ley que las declar\u00f3 Patrimonio Cultural"},"content":{"rendered":"<div class=\"x11i5rnm xat24cr x1mh8g0r x1vvkbs xdj266r x126k92a\">\n<div dir=\"auto\" style=\"padding-left: 40px;\"><span style=\"color: #000080;\"><em><strong>La norma fue impulsada por Yamilito Arana cuando fue Representante a la C\u00e1mara por Bol\u00edvar<\/strong><\/em><\/span><\/div>\n<div dir=\"auto\"><\/div>\n<div dir=\"auto\"><strong>Magangu\u00e9, 1 de febrero de 2023.-<\/strong> El tradicional y masivo fervor que tienen en Magangu\u00e9 las Fiestas en honor a la Virgen de La Candelaria se ver\u00e1 realzado por la vigencia de la nueva ley que las declar\u00f3 patrimonio Hist\u00f3rico y Cultural de la Naci\u00f3n.<\/div>\n<div dir=\"auto\">La norma fue presentada por Yamilito Arana en su primer periodo como Representante a la C\u00e1mara por Bol\u00edvar, y en sus disposiciones contempla una serie de beneficios palpables para Magangu\u00e9 y el culto popular.<\/div>\n<div dir=\"auto\"><img loading=\"lazy\" decoding=\"async\" class=\"alignnone size-medium wp-image-48833\" src=\"https:\/\/revistazetta.com\/wp-content\/uploads\/2023\/01\/Cande-4-266x333.jpeg\" alt=\"\" width=\"266\" height=\"333\" srcset=\"https:\/\/revistazetta.com\/wp-content\/uploads\/2023\/01\/Cande-4-266x333.jpeg 266w, https:\/\/revistazetta.com\/wp-content\/uploads\/2023\/01\/Cande-4-819x1024.jpeg 819w, https:\/\/revistazetta.com\/wp-content\/uploads\/2023\/01\/Cande-4-130x162.jpeg 130w, https:\/\/revistazetta.com\/wp-content\/uploads\/2023\/01\/Cande-4.jpeg 1024w\" sizes=\"auto, (max-width: 266px) 100vw, 266px\" \/><\/div>\n<\/div>\n<div class=\"x11i5rnm xat24cr x1mh8g0r x1vvkbs xtlvy1s x126k92a\">\n<div dir=\"auto\">Este 1 de febrero de 2023 resultar\u00e1 muy especial para la comunidad cat\u00f3lica maganguele\u00f1a y devota de la patrona del municipio, la Virgen de La Candelaria, y tambi\u00e9n ser\u00e1 emotivo para los miles de peregrinos que anualmente llegan a venerar a la Virgen Morena \u201cLa Negrita Milagrosa\u201d.<\/div>\n<div dir=\"auto\">Como siempre, personas procedentes desde todos los rincones de la Costa Caribe llegan desde el 1 de febrero a cumplir sus mandas a la Virgen por un milagro recibido, a dar un testimonio o a pedir alg\u00fan favor a la Patrona de la Di\u00f3cesis de Magangu\u00e9.<\/div>\n<\/div>\n<div dir=\"auto\"><img loading=\"lazy\" decoding=\"async\" class=\"alignnone size-medium wp-image-48831\" src=\"https:\/\/revistazetta.com\/wp-content\/uploads\/2023\/01\/Cande-2-266x333.jpeg\" alt=\"\" width=\"266\" height=\"333\" srcset=\"https:\/\/revistazetta.com\/wp-content\/uploads\/2023\/01\/Cande-2-266x333.jpeg 266w, https:\/\/revistazetta.com\/wp-content\/uploads\/2023\/01\/Cande-2-130x162.jpeg 130w, https:\/\/revistazetta.com\/wp-content\/uploads\/2023\/01\/Cande-2.jpeg 768w\" sizes=\"auto, (max-width: 266px) 100vw, 266px\" \/><\/div>\n<div dir=\"auto\"><\/div>\n<div dir=\"auto\"><strong>Actividades en Magangu\u00e9<\/strong><\/div>\n<div class=\"x11i5rnm xat24cr x1mh8g0r x1vvkbs xtlvy1s x126k92a\">\n<div dir=\"auto\">Las actividades se inician desde muy temprano con el Festival del Bocachico que estar\u00e1 ubicado en la calle de La Albarrada diagonal a La Catedral.<\/div>\n<div dir=\"auto\">A las 9 de la ma\u00f1ana se espera la llegada a Magangu\u00e9 de la r\u00e9plica del cuadro de la Virgen de La Candelaria que viene en peregrinaci\u00f3n por el r\u00edo Magdalena como una muestra significativa por el a\u00f1o del bautismo sobre como entr\u00f3 la evangelizaci\u00f3n por el r\u00edo y as\u00ed lleg\u00f3 el cuadro, igualmente es una invitaci\u00f3n a reflexionar sobre la contaminaci\u00f3n de las aguas que nos rodean.<\/div>\n<\/div>\n<div class=\"x11i5rnm xat24cr x1mh8g0r x1vvkbs xtlvy1s x126k92a\">\n<div dir=\"auto\">Esta peregrinaci\u00f3n se inici\u00f3 en C\u00f3rdoba, Tet\u00f3n, pas\u00f3 por Zambrano, lleg\u00f3 a Yat\u00ed y este 1 de febrero estar\u00e1 en Magangu\u00e9 de donde continuar\u00e1 hasta Cantagallo.<\/div>\n<div dir=\"auto\"><img loading=\"lazy\" decoding=\"async\" class=\"alignnone size-medium wp-image-48832\" src=\"https:\/\/revistazetta.com\/wp-content\/uploads\/2023\/01\/Cande-3-266x333.jpeg\" alt=\"\" width=\"266\" height=\"333\" srcset=\"https:\/\/revistazetta.com\/wp-content\/uploads\/2023\/01\/Cande-3-266x333.jpeg 266w, https:\/\/revistazetta.com\/wp-content\/uploads\/2023\/01\/Cande-3-130x162.jpeg 130w, https:\/\/revistazetta.com\/wp-content\/uploads\/2023\/01\/Cande-3.jpeg 768w\" sizes=\"auto, (max-width: 266px) 100vw, 266px\" \/><\/div>\n<\/div>\n<div class=\"x11i5rnm xat24cr x1mh8g0r x1vvkbs xtlvy1s x126k92a\">\n<div dir=\"auto\">La Santa Misa se celebra a las 5 y a las 6 de la madrugada.<\/div>\n<div dir=\"auto\">Entre las 8 y 30 de la ma\u00f1ana y 7 de la noche se realizar\u00e1 un Gran Corredor Cultural organizado por la Alcald\u00eda municipal, donde se expondr\u00e1n los distintos vestidos utilizados por la Virgen a trav\u00e9s del tiempo, evento que se realizar\u00e1 en el segundo piso de Comfamiliar en la calle Domingo Guardiola.<\/div>\n<\/div>\n<div class=\"x11i5rnm xat24cr x1mh8g0r x1vvkbs xtlvy1s x126k92a\">\n<div dir=\"auto\">Entre las 9 de la ma\u00f1ana y las 8 de la noche se realizar\u00e1 la Feria Artesanal y Cultural \u00abLa Candelaria pa\u00b4todo el mundo\u00bb, que se llevar\u00e1 a cabo en la calle de La Albarrada sector La Catedral, evento es organizado por Icultur y la C\u00e1mara de Comercio de Magangu\u00e9.<\/div>\n<\/div>\n<div class=\"x11i5rnm xat24cr x1mh8g0r x1vvkbs xtlvy1s x126k92a\">\n<div dir=\"auto\">En horas de la tarde se espera la presencia de un saxofonista en el sector de La Diocesana y un cuarteto de jazz de Comfenalco en la calle Domingo Guardiola muy cerca de donde estar\u00e1 ubicada la Virgen esperando a San Jos\u00e9.<\/div>\n<\/div>\n<div class=\"x11i5rnm xat24cr x1mh8g0r x1vvkbs xtlvy1s x126k92a\">\n<div dir=\"auto\">A las 4 y 30 de la tarde se oficiar\u00e1 la Santa Misa en el Centro Pastoral San Jos\u00e9 en el barrio Olaya a las 5 de la tarde Misa en La Catedral, a las 5 y 30 partir\u00e1 la procesi\u00f3n del Encuentro acompa\u00f1ada por la Banda La Valerosa de Mompox, desde el Centro Pastoral San Jos\u00e9, que culminar\u00e1 con la Virgen de La Candelaria y San Jos\u00e9 en La Catedral, cabe destacar que en la calle Domingo Guardiola estar\u00e1n apostadas 30 personas con antorchas escoltando a la Virgen y San Jos\u00e9, posteriormente se celebrar\u00e1 la Santa Misa en La Catedral.<\/div>\n<\/div>\n<div class=\"x11i5rnm xat24cr x1mh8g0r x1vvkbs xtlvy1s x126k92a\">\n<div dir=\"auto\">Finalmente, y luego de culminar la Santa Misa, se llevar\u00e1 a cabo la Serenata a la Virgen de La Candelaria, ofrecida por una Coral de la Universidad de Bellas Artes de Cartagena, Unibac.<\/div>\n<\/div>\n<div dir=\"auto\"><\/div>\n<div dir=\"auto\"><strong>Ventajas para Magangu\u00e9 de la nueva ley<\/strong><\/div>\n<div dir=\"auto\">\u00a0\u00a0\u00a0<img loading=\"lazy\" decoding=\"async\" class=\"alignnone size-medium wp-image-48834\" src=\"https:\/\/revistazetta.com\/wp-content\/uploads\/2023\/01\/Yamil-Arana-con-diputados-217x333.jpeg\" alt=\"\" width=\"217\" height=\"333\" srcset=\"https:\/\/revistazetta.com\/wp-content\/uploads\/2023\/01\/Yamil-Arana-con-diputados-217x333.jpeg 217w, https:\/\/revistazetta.com\/wp-content\/uploads\/2023\/01\/Yamil-Arana-con-diputados-106x162.jpeg 106w, https:\/\/revistazetta.com\/wp-content\/uploads\/2023\/01\/Yamil-Arana-con-diputados.jpeg 518w\" sizes=\"auto, (max-width: 217px) 100vw, 217px\" \/><\/div>\n<div dir=\"auto\">\n<p>Seg\u00fan Yamilito Arana, exrepresentante a la c\u00e1mara por el partido Conservador, por medio de la declaraci\u00f3n de Patrimonio Cultural de la Naci\u00f3n a las Fiestas de la Virgen de la Candelaria del municipio de Magangu\u00e9, se obtendr\u00edan varios beneficios:<\/p>\n<p>\uf0b7 Mayor reconocimiento y posicionamiento tanto a las fiestas a nivel nacional e internacional, como al municipio de Magangu\u00e9.<span class=\"Apple-converted-space\">\u00a0<\/span><\/p>\n<p>\uf0b7 Dinamizar el turismo en la regi\u00f3n. Se convierte en un mayor atractivo tur\u00edstico para las personas.<span class=\"Apple-converted-space\">\u00a0<\/span><\/p>\n<p>\uf0b7 Fortalecimiento y conservaci\u00f3n de las actividades culturales, musicales y art\u00edsticas que se den en torno a las fiestas.<span class=\"Apple-converted-space\">\u00a0<\/span><\/p>\n<p>\uf0b7 Mayor divulgaci\u00f3n de los valores culturales de las fiestas de la virgen de la Candelaria y sus habitantes.<span class=\"Apple-converted-space\">\u00a0<\/span><\/p>\n<p>\uf0b7 Desarrollo para la regi\u00f3n.<span class=\"Apple-converted-space\">\u00a0<\/span><\/p>\n<p>\uf0b7 Ayudar\u00e1 a la reactivaci\u00f3n econ\u00f3mica del territorio.<span class=\"Apple-converted-space\">\u00a0<\/span><\/p>\n<p>As\u00ed mismo, tal como se se\u00f1ala en el par\u00e1grafo del art\u00edculo 2 \u00ba, al declarar como bien de inter\u00e9s cultural \u2013 BIC, la Catedral de Nuestra Se\u00f1ora de la Candelaria de Magangu\u00e9, se adquieren beneficios tributarios, el art\u00edculo 14 de la Ley 1185 de 2008 establece una deducci\u00f3n de gastos relacionados con planes especiales de protecci\u00f3n y destinados al mantenimiento y conservaci\u00f3n de estos bienes.<\/p>\n<\/div>\n","protected":false},"excerpt":{"rendered":"<p>La norma fue impulsada por Yamilito Arana cuando fue Representante a la C\u00e1mara por Bol\u00edvar Magangu\u00e9, 1 de febrero de 2023.- El tradicional y masivo fervor que tienen en Magangu\u00e9 las Fiestas en honor a la Virgen de La Candelaria se ver\u00e1 realzado por la vigencia de la nueva ley que las declar\u00f3 patrimonio Hist\u00f3rico y Cultural de la Naci\u00f3n. La norma fue presentada por Yamilito Arana en su primer periodo como Representante a la C\u00e1mara por Bol\u00edvar, y en sus disposiciones contempla una serie de beneficios palpables para Magangu\u00e9&#8230; <\/p>\n","protected":false},"author":3,"featured_media":48830,"comment_status":"closed","ping_status":"closed","sticky":false,"template":"","format":"standard","meta":{"footnotes":"","_links_to":"","_links_to_target":""},"categories":[83,80],"tags":[635,305,300,1466,247],"class_list":["post-48829","post","type-post","status-publish","format-standard","has-post-thumbnail","hentry","category-municipios","category-region","tag-magangue","tag-municipios","tag-region","tag-virgen-de-la-candelaria","tag-yamilito-arana"],"_links":{"self":[{"href":"https:\/\/revistazetta.com\/index.php?rest_route=\/wp\/v2\/posts\/48829","targetHints":{"allow":["GET"]}}],"collection":[{"href":"https:\/\/revistazetta.com\/index.php?rest_route=\/wp\/v2\/posts"}],"about":[{"href":"https:\/\/revistazetta.com\/index.php?rest_route=\/wp\/v2\/types\/post"}],"author":[{"embeddable":true,"href":"https:\/\/revistazetta.com\/index.php?rest_route=\/wp\/v2\/users\/3"}],"replies":[{"embeddable":true,"href":"https:\/\/revistazetta.com\/index.php?rest_route=%2Fwp%2Fv2%2Fcomments&post=48829"}],"version-history":[{"count":0,"href":"https:\/\/revistazetta.com\/index.php?rest_route=\/wp\/v2\/posts\/48829\/revisions"}],"wp:featuredmedia":[{"embeddable":true,"href":"https:\/\/revistazetta.com\/index.php?rest_route=\/wp\/v2\/media\/48830"}],"wp:attachment":[{"href":"https:\/\/revistazetta.com\/index.php?rest_route=%2Fwp%2Fv2%2Fmedia&parent=48829"}],"wp:term":[{"taxonomy":"category","embeddable":true,"href":"https:\/\/revistazetta.com\/index.php?rest_route=%2Fwp%2Fv2%2Fcategories&post=48829"},{"taxonomy":"post_tag","embeddable":true,"href":"https:\/\/revistazetta.com\/index.php?rest_route=%2Fwp%2Fv2%2Ftags&post=48829"}],"curies":[{"name":"wp","href":"https:\/\/api.w.org\/{rel}","templated":true}]}}