{"id":48912,"date":"2023-02-14T10:29:02","date_gmt":"2023-02-14T15:29:02","guid":{"rendered":"https:\/\/revistazetta.com\/?p=48912"},"modified":"2023-02-14T10:36:59","modified_gmt":"2023-02-14T15:36:59","slug":"mejora-salud-de-juandi-tras-accidente-de-transito","status":"publish","type":"post","link":"https:\/\/revistazetta.com\/?p=48912","title":{"rendered":"Mejora salud de Juandi tras accidente de tr\u00e1nsito"},"content":{"rendered":"<p><strong>Cartagena de Indias, 14 de febrero de 2023.-<\/strong> La salud del cantante de Charanga Joven, Juandi Fiel, mejor\u00f3 tras las atenciones m\u00e9dicas recibidas luego del accidente de tr\u00e1nsito ocurrido en la madrugada del pasado lunes, inform\u00f3 un vocero de la agrupaci\u00f3n.<\/p>\n<p>Se estableci\u00f3 que el cuerpo m\u00e9dico considera darle de alta luego de ser atendidas las contusiones y laceraciones recibidas, y realizarle diferentes ex\u00e1menes e im\u00e1genes especializadas, para pasar a recibir atenci\u00f3n m\u00e9dica domiciliaria, quedando pendiente una cirug\u00eda para atender una fractura de mand\u00edbula, que ser\u00e1 programada en breve.<\/p>\n<p>El accidente se registr\u00f3 en inmediaciones de Blas de Lezo, sobre la transversal 54, cuando Juandi conduc\u00eda una motocicleta y se dirig\u00eda a su lugar de residencia. Tras chocar con otra motocicleta, fue llevado a un centro asistencial.<\/p>\n<p>Las voces de apoyo al cantante y a la agrupaci\u00f3n han sido fortificantes, y tanto Juandi como sus compa\u00f1eros de Charanga Joven han podido sentir el aprecio de sus seguidores, que esperan que el cantante se recupere y pronto vuelva a estar en escenarios.<\/p>\n<p>La agrupaci\u00f3n tambi\u00e9n ha recibido el respaldo del gremio musical, y ya est\u00e1n avanzadas las conversaciones con vocalistas para suplir temporalmente la ausencia de Juandi mientras se pone a punto para regresar a la actividad.<\/p>\n<p>Dentro de los pr\u00f3ximos compromisos de Charanga Joven est\u00e1 su participaci\u00f3n en el carnaval de Barranquilla, as\u00ed como presentaciones en diferentes lugares del Caribe colombiano.<\/p>\n<p>No obstante, es muy probable que la agrupaci\u00f3n no se presente en el Festival de Orquestas, donde ya ha triunfado antes, debido a que el principal tema \u00abLa Invitaci\u00f3n\u00bb tiene la voz y el sello de Juandi, y el espect\u00e1culo que estaban preparando giraba en gran porcentaje en torno a su vocalizaci\u00f3n.<\/p>\n<p>\u00abLa Invitaci\u00f3n\u00bb fue declarada por Revista Zetta como \u00abCanci\u00f3n del A\u00f1o 2022\u00bb.<\/p>\n<p>La Charanga Joven est\u00e1 integrada por:<\/p>\n<p>Santiago Ahumada (Director &#8211; Bajo)<\/p>\n<p>Juandi Fiel Llamas (Voz &#8211; G\u00fciro)<\/p>\n<p>Luismi Yanes (Voz &#8211; Timbal)<\/p>\n<p>Camilo Masucci Buelvas (Flauta)<\/p>\n<p>Daniel Vega \u201cEl Shabbala\u201d (Viol\u00edn)<\/p>\n<p>Kevin Padilla \u201cChory\u201d (Congas)<\/p>\n<p>Oscar Montes \u201cEl S\u00fagar\u201d (Piano)<\/p>\n","protected":false},"excerpt":{"rendered":"<p>Cartagena de Indias, 14 de febrero de 2023.- La salud del cantante de Charanga Joven, Juandi Fiel, mejor\u00f3 tras las atenciones m\u00e9dicas recibidas luego del accidente de tr\u00e1nsito ocurrido en la madrugada del pasado lunes, inform\u00f3 un vocero de la agrupaci\u00f3n. Se estableci\u00f3 que el cuerpo m\u00e9dico considera darle de alta luego de ser atendidas las contusiones y laceraciones recibidas, y realizarle diferentes ex\u00e1menes e im\u00e1genes especializadas, para pasar a recibir atenci\u00f3n m\u00e9dica domiciliaria, quedando pendiente una cirug\u00eda para atender una fractura de mand\u00edbula, que ser\u00e1 programada en breve. El&#8230; <\/p>\n","protected":false},"author":3,"featured_media":48913,"comment_status":"closed","ping_status":"closed","sticky":false,"template":"","format":"standard","meta":{"footnotes":"","_links_to":"","_links_to_target":""},"categories":[1450,41,43],"tags":[1421,290,285,1481,304],"class_list":["post-48912","post","type-post","status-publish","format-standard","has-post-thumbnail","hentry","category-parasladers","category-cultura","category-cultura-musica","tag-charanga-joven","tag-cultura","tag-destacada","tag-juandi-fiel","tag-musica"],"_links":{"self":[{"href":"https:\/\/revistazetta.com\/index.php?rest_route=\/wp\/v2\/posts\/48912","targetHints":{"allow":["GET"]}}],"collection":[{"href":"https:\/\/revistazetta.com\/index.php?rest_route=\/wp\/v2\/posts"}],"about":[{"href":"https:\/\/revistazetta.com\/index.php?rest_route=\/wp\/v2\/types\/post"}],"author":[{"embeddable":true,"href":"https:\/\/revistazetta.com\/index.php?rest_route=\/wp\/v2\/users\/3"}],"replies":[{"embeddable":true,"href":"https:\/\/revistazetta.com\/index.php?rest_route=%2Fwp%2Fv2%2Fcomments&post=48912"}],"version-history":[{"count":0,"href":"https:\/\/revistazetta.com\/index.php?rest_route=\/wp\/v2\/posts\/48912\/revisions"}],"wp:featuredmedia":[{"embeddable":true,"href":"https:\/\/revistazetta.com\/index.php?rest_route=\/wp\/v2\/media\/48913"}],"wp:attachment":[{"href":"https:\/\/revistazetta.com\/index.php?rest_route=%2Fwp%2Fv2%2Fmedia&parent=48912"}],"wp:term":[{"taxonomy":"category","embeddable":true,"href":"https:\/\/revistazetta.com\/index.php?rest_route=%2Fwp%2Fv2%2Fcategories&post=48912"},{"taxonomy":"post_tag","embeddable":true,"href":"https:\/\/revistazetta.com\/index.php?rest_route=%2Fwp%2Fv2%2Ftags&post=48912"}],"curies":[{"name":"wp","href":"https:\/\/api.w.org\/{rel}","templated":true}]}}