{"id":49005,"date":"2023-02-21T07:08:23","date_gmt":"2023-02-21T12:08:23","guid":{"rendered":"https:\/\/revistazetta.com\/?p=49005"},"modified":"2023-02-21T07:13:37","modified_gmt":"2023-02-21T12:13:37","slug":"dilson-obyrne-acepto-la-invitacion-de-charanga-joven-y-levanto-un-congo-de-oro","status":"publish","type":"post","link":"https:\/\/revistazetta.com\/?p=49005","title":{"rendered":"Dilson Obyrne acept\u00f3 La Invitaci\u00f3n de Charanga Joven y levant\u00f3 un Congo de Oro"},"content":{"rendered":"<div class=\"_a9zs\">\n<p><strong>Cartagena de Indias, 21 de febrero de 2023.-<\/strong> La invitaci\u00f3n le lleg\u00f3 inesperada. La agrupaci\u00f3n m\u00e1s exitosa de los \u00faltimos a\u00f1os en Cartagena, Charanga Joven, repentinamente sufri\u00f3 la baja, por lesi\u00f3n, de uno de sus cantantes, Juandi, quien se recupera de un accidente de tr\u00e1fico.<\/p>\n<p>Todos se\u00f1alaban a Dilson Obyrne como el talento m\u00e1s id\u00f3neo para cubrir la plaza, sobre todo por los retos que deb\u00eda encarar Charanga Joven en el Carnaval de Barranquilla, donde ya hab\u00eda triunfado y donde su presencia es codiciada por p\u00fablico y empresarios.<\/p>\n<div id=\"attachment_49007\" style=\"width: 332px\" class=\"wp-caption alignnone\"><img loading=\"lazy\" decoding=\"async\" aria-describedby=\"caption-attachment-49007\" class=\"wp-image-49007 size-medium\" src=\"https:\/\/revistazetta.com\/wp-content\/uploads\/2023\/02\/331851184_154010824023759_8681308844367160043_n-322x333.jpg\" alt=\"\" width=\"322\" height=\"333\" srcset=\"https:\/\/revistazetta.com\/wp-content\/uploads\/2023\/02\/331851184_154010824023759_8681308844367160043_n-322x333.jpg 322w, https:\/\/revistazetta.com\/wp-content\/uploads\/2023\/02\/331851184_154010824023759_8681308844367160043_n-989x1024.jpg 989w, https:\/\/revistazetta.com\/wp-content\/uploads\/2023\/02\/331851184_154010824023759_8681308844367160043_n-156x162.jpg 156w, https:\/\/revistazetta.com\/wp-content\/uploads\/2023\/02\/331851184_154010824023759_8681308844367160043_n.jpg 993w\" sizes=\"auto, (max-width: 322px) 100vw, 322px\" \/><p id=\"caption-attachment-49007\" class=\"wp-caption-text\">As\u00ed festej\u00f3 Charanga Joven su segundo Congo de Oro.<\/p><\/div>\n<p>Adem\u00e1s de las presentaciones en conciertos, hab\u00eda un reto especial y era volver a disputar un Congo de Oro en el Festival del Orquestas, y para ello el grupo ven\u00eda preparando todos los detalles, desde el vestuario hasta cada arreglo musical, y en especial la puesta en escena de \u00abLa Invitaci\u00f3n\u00bb, el tema m\u00e1s reconocido de Charanga Joven, y uno de los principales del sonido cartagenero.<\/p>\n<p>Revista Zetta catalog\u00f3 a La Invitaci\u00f3n como la \u00abCanci\u00f3n del A\u00f1o 2022\u00bb, siendo otro de los innumerables reconocimientos, tanto a la melod\u00eda como a la agrupaci\u00f3n.<\/p>\n<div id=\"attachment_49009\" style=\"width: 510px\" class=\"wp-caption alignnone\"><img loading=\"lazy\" decoding=\"async\" aria-describedby=\"caption-attachment-49009\" class=\"wp-image-49009 size-medium\" src=\"https:\/\/revistazetta.com\/wp-content\/uploads\/2023\/02\/Congo-2-500x333.jpeg\" alt=\"\" width=\"500\" height=\"333\" srcset=\"https:\/\/revistazetta.com\/wp-content\/uploads\/2023\/02\/Congo-2-500x333.jpeg 500w, https:\/\/revistazetta.com\/wp-content\/uploads\/2023\/02\/Congo-2-1024x682.jpeg 1024w, https:\/\/revistazetta.com\/wp-content\/uploads\/2023\/02\/Congo-2-243x162.jpeg 243w, https:\/\/revistazetta.com\/wp-content\/uploads\/2023\/02\/Congo-2.jpeg 1280w\" sizes=\"auto, (max-width: 500px) 100vw, 500px\" \/><p id=\"caption-attachment-49009\" class=\"wp-caption-text\">Dilson Obyrne interpretando \u00abLa Invitaci\u00f3n\u00bb, tema identificado con la voz de Juandi, quien no pudo estar en las presentaciones del Carnaval.<\/p><\/div>\n<p>No obstante, sustituir a Juandi encerraba retos dis\u00edmiles: aprender el repertorio, memorizar el show en vivo y ejecutar al mismo tiempo la percusi\u00f3n menor.<\/p>\n<p>&#8211; \u00ab\u00bfPuedes hacerlo en tres d\u00edas?\u00bb Seguramente le preguntaron a Dilson, quien asumi\u00f3 el gigantesco desaf\u00edo.<\/p>\n<p>El talento de Dilson es indiscutible. D\u00edas atr\u00e1s, apenas, hab\u00eda puesto su voz para inmortalizar el Himno de los Periodistas, la canci\u00f3n \u00abSoy Periodista\u00bb, producida por Revista Zetta, con la autor\u00eda de su director, John Zamora.<\/p>\n<div id=\"attachment_49012\" style=\"width: 510px\" class=\"wp-caption alignnone\"><img loading=\"lazy\" decoding=\"async\" aria-describedby=\"caption-attachment-49012\" class=\"wp-image-49012 size-medium\" src=\"https:\/\/revistazetta.com\/wp-content\/uploads\/2023\/02\/S-1-500x333.jpg\" alt=\"\" width=\"500\" height=\"333\" srcset=\"https:\/\/revistazetta.com\/wp-content\/uploads\/2023\/02\/S-1-500x333.jpg 500w, https:\/\/revistazetta.com\/wp-content\/uploads\/2023\/02\/S-1-1024x683.jpg 1024w, https:\/\/revistazetta.com\/wp-content\/uploads\/2023\/02\/S-1-243x162.jpg 243w, https:\/\/revistazetta.com\/wp-content\/uploads\/2023\/02\/S-1-1536x1024.jpg 1536w, https:\/\/revistazetta.com\/wp-content\/uploads\/2023\/02\/S-1-2048x1365.jpg 2048w\" sizes=\"auto, (max-width: 500px) 100vw, 500px\" \/><p id=\"caption-attachment-49012\" class=\"wp-caption-text\">Dilson Obyrne con el trompetita Onix Bello, en la grabaci\u00f3n de \u00abSoy Periodista\u00bb, tema de John Zamora.<\/p><\/div>\n<p>Y tras el accidente de Juandi, todos los caminos conduc\u00edan a Dilson, as\u00ed que se puso \u00abla camiseta\u00bb y se integr\u00f3 de inmediato a los ensayos para estar listo y cubrir los compromisos de Charanga Joven en Barranquilla, especialmente el Festival de Orquestas.<\/p>\n<p>El resultado no sorprendi\u00f3 a nadie, dada la calidad, trayectoria y aceptaci\u00f3n de Charanga Joven: Congo de Oro como Mejor Orquesta Salsa, y Congo de Oro como\u00a0Mejor Instrumentista a Daniel Vega Franco, su violinista.<\/p>\n<div id=\"attachment_49008\" style=\"width: 510px\" class=\"wp-caption alignnone\"><img loading=\"lazy\" decoding=\"async\" aria-describedby=\"caption-attachment-49008\" class=\"wp-image-49008 size-medium\" src=\"https:\/\/revistazetta.com\/wp-content\/uploads\/2023\/02\/Congo-1-500x333.jpeg\" alt=\"\" width=\"500\" height=\"333\" srcset=\"https:\/\/revistazetta.com\/wp-content\/uploads\/2023\/02\/Congo-1-500x333.jpeg 500w, https:\/\/revistazetta.com\/wp-content\/uploads\/2023\/02\/Congo-1-1024x682.jpeg 1024w, https:\/\/revistazetta.com\/wp-content\/uploads\/2023\/02\/Congo-1-243x162.jpeg 243w, https:\/\/revistazetta.com\/wp-content\/uploads\/2023\/02\/Congo-1.jpeg 1280w\" sizes=\"auto, (max-width: 500px) 100vw, 500px\" \/><p id=\"caption-attachment-49008\" class=\"wp-caption-text\">Congo de Oro como\u00a0Mejor Instrumentista a Daniel Vega Franco, violinista de Charanga Joven.<\/p><\/div>\n<p>Con justicia, los medios de comunicaci\u00f3n registraron el nuevo triunfo de la valiosa agrupaci\u00f3n, y en redes sociales llovieron las felicitaciones y reconocimientos.<\/p>\n<p>Dilson Obyrne estaba muy emocionado, y comparti\u00f3 un sentido mensaje de agradecimiento a Dios, a Charanga Joven y a su familia. Cumpli\u00f3 uno de sus sue\u00f1os por aceptar \u00abLa Invitaci\u00f3n\u00bb:<\/p>\n<p class=\"_aacl _aaco _aacu _aacx _aad7 _aade\"><span style=\"color: #0000ff;\"><em>Desde ni\u00f1o me llam\u00f3 la atenci\u00f3n ver desde tempranas horas la transmisi\u00f3n por televisi\u00f3n de Telecaribe del Festival de Orquestas en Barranquilla. En a\u00f1os posteriores, ya metido en el mundo real de la m\u00fasica en vivo, so\u00f1\u00e9 con participar pero por cosas de Dios, mi carrera tom\u00f3 un rumbo diferente y busqu\u00e9 otros sue\u00f1os en el pa\u00eds de Chile, donde he podido participar en grandes festivales; pero mi sue\u00f1o de poder cantarle a Barranquilla segu\u00eda intacto. \ud83d\udcaa<\/em><\/span><br \/>\n<span style=\"color: #0000ff;\"><em>En extra\u00f1as circunstancias Dios me regal\u00f3 est\u00e1 gran oportunidad que, para m\u00ed corta vida, ha sido la m\u00e1s estresante que he pasado en lo que se refiere de mi trabajo como cantante: en menos de 3 d\u00edas aprenderse un repertorio, tocar instrumentos de percusi\u00f3n menor, aprenderse un show ya consolidado por m\u00e1s de tres a\u00f1os y cantar una canci\u00f3n reconocida que se est\u00e1 volviendo insignia para m\u00ed ciudad de Cartagena (La Invitaci\u00f3n); \u00a1ufff mucho en tan poco tiempo! Llegu\u00e9 a pensar que no pod\u00eda hacerlo, mucha responsabilidad y adem\u00e1s de eso todos (familia,amigos, m\u00fasicos de Cartagena y el mundo) coincid\u00edan en que la persona id\u00f3nea para hacer el trabajo era yo&#8230; <\/em><\/span><br \/>\n<span style=\"color: #0000ff;\"><em>La responsabilidad era mayor, sabiendo que Charanga Joven ya el a\u00f1o anterior se hab\u00eda ganado dos Congos de Oro.<\/em><\/span><br \/>\n<span style=\"color: #0000ff;\"><em>Mi mente no pod\u00eda con tanto pero mi coraz\u00f3n y mi esp\u00edritu me dec\u00edan que s\u00ed. \ud83d\udcaa<\/em><\/span><br \/>\n<span style=\"color: #0000ff;\"><em>Al final Dios habl\u00f3 en mi vida fuerte y claro nuevamente. ESTAMOS PARA GRANDES COSAS<\/em><\/span><br \/>\n<span style=\"color: #0000ff;\"><em>FE, CONVICCI\u00d3N Y SACRIFICIO \u00a1todo eso tiene su reecompensa!<\/em><\/span><br \/>\n<span style=\"color: #0000ff;\"><em>Hoy me levanto con la gran noticia de haber cumplido no solo mi sue\u00f1o de participar en el Festival de Orquestaos de Barranquilla, sino tambi\u00e9n saber que nos ganamos el Congo de Oro&#8230;<\/em><\/span><br \/>\n<span style=\"color: #0000ff;\"><em>La alegr\u00eda invade mi mente y coraz\u00f3n donde ya no entran en discordia \ud83d\ude05 y donde sabemos que Dios nos agarra fuerte de mano..<\/em><\/span><br \/>\n<span style=\"color: #0000ff;\"><em>\u00a1Este escrito lo he hecho con l\u00e1grimas de alegr\u00eda por el amor infinito que Dios nos da!\ud83d\ude4f<\/em><\/span><br \/>\n<span style=\"color: #0000ff;\"><em>Sue\u00f1o cumplido, deber cumplido gracias a <a class=\"x1i10hfl xjbqb8w x6umtig x1b1mbwd xaqea5y xav7gou x9f619 x1ypdohk xt0psk2 xe8uvvx xdj266r x11i5rnm xat24cr x1mh8g0r xexx8yu x4uap5 x18d9i69 xkhd6sd x16tdsg8 x1hl2dhg xggy1nq x1a2a7pz notranslate _a6hd\" style=\"color: #0000ff;\" tabindex=\"0\" role=\"link\" href=\"https:\/\/www.instagram.com\/charangajoven\/\" target=\"_blank\" rel=\"noopener\">@charangajoven<\/a> por creer en m\u00ed y por la oportunidad.<\/em><\/span><br \/>\n<span style=\"color: #0000ff;\"><em>Dedicado a mi familia; mi esposa y mis hijas, que son mi gran motor, mi madre y mi hermano que son las voces de aliento que necesito siempre. \u00a1Los amo! \u2764\ufe0f<\/em><\/span><br \/>\n<span style=\"color: #0000ff;\"><em>\u00a1Los sue\u00f1os se cumplen! Luchen por ellos&#8230;\ud83d\udcaa\ud83d\udc4f<\/em><\/span><br \/>\n<span style=\"color: #0000ff;\"><em>Dios existe. Dios es bueno\ud83e\udd17\ud83d\ude4f<\/em><\/span><br \/>\n<span style=\"color: #0000ff;\"><em>\u00a1Bendiciones para todos!<\/em><\/span><\/p>\n<p>&nbsp;<\/p>\n<\/div>\n","protected":false},"excerpt":{"rendered":"<p>Cartagena de Indias, 21 de febrero de 2023.- La invitaci\u00f3n le lleg\u00f3 inesperada. La agrupaci\u00f3n m\u00e1s exitosa de los \u00faltimos a\u00f1os en Cartagena, Charanga Joven, repentinamente sufri\u00f3 la baja, por lesi\u00f3n, de uno de sus cantantes, Juandi, quien se recupera de un accidente de tr\u00e1fico. Todos se\u00f1alaban a Dilson Obyrne como el talento m\u00e1s id\u00f3neo para cubrir la plaza, sobre todo por los retos que deb\u00eda encarar Charanga Joven en el Carnaval de Barranquilla, donde ya hab\u00eda triunfado y donde su presencia es codiciada por p\u00fablico y empresarios. Adem\u00e1s de&#8230; <\/p>\n","protected":false},"author":3,"featured_media":49006,"comment_status":"closed","ping_status":"closed","sticky":false,"template":"","format":"standard","meta":{"footnotes":"","_links_to":"","_links_to_target":""},"categories":[1450,41,1510],"tags":[1421,290,285,1512,1420,1511],"class_list":["post-49005","post","type-post","status-publish","format-standard","has-post-thumbnail","hentry","category-parasladers","category-cultura","category-martes-de-musica","tag-charanga-joven","tag-cultura","tag-destacada","tag-dilson-obyrne","tag-la-invitacion","tag-martes-de-musica"],"_links":{"self":[{"href":"https:\/\/revistazetta.com\/index.php?rest_route=\/wp\/v2\/posts\/49005","targetHints":{"allow":["GET"]}}],"collection":[{"href":"https:\/\/revistazetta.com\/index.php?rest_route=\/wp\/v2\/posts"}],"about":[{"href":"https:\/\/revistazetta.com\/index.php?rest_route=\/wp\/v2\/types\/post"}],"author":[{"embeddable":true,"href":"https:\/\/revistazetta.com\/index.php?rest_route=\/wp\/v2\/users\/3"}],"replies":[{"embeddable":true,"href":"https:\/\/revistazetta.com\/index.php?rest_route=%2Fwp%2Fv2%2Fcomments&post=49005"}],"version-history":[{"count":0,"href":"https:\/\/revistazetta.com\/index.php?rest_route=\/wp\/v2\/posts\/49005\/revisions"}],"wp:featuredmedia":[{"embeddable":true,"href":"https:\/\/revistazetta.com\/index.php?rest_route=\/wp\/v2\/media\/49006"}],"wp:attachment":[{"href":"https:\/\/revistazetta.com\/index.php?rest_route=%2Fwp%2Fv2%2Fmedia&parent=49005"}],"wp:term":[{"taxonomy":"category","embeddable":true,"href":"https:\/\/revistazetta.com\/index.php?rest_route=%2Fwp%2Fv2%2Fcategories&post=49005"},{"taxonomy":"post_tag","embeddable":true,"href":"https:\/\/revistazetta.com\/index.php?rest_route=%2Fwp%2Fv2%2Ftags&post=49005"}],"curies":[{"name":"wp","href":"https:\/\/api.w.org\/{rel}","templated":true}]}}