{"id":49025,"date":"2023-02-21T18:46:30","date_gmt":"2023-02-21T23:46:30","guid":{"rendered":"https:\/\/revistazetta.com\/?p=49025"},"modified":"2023-02-21T18:46:30","modified_gmt":"2023-02-21T23:46:30","slug":"una-champeta-por-la-paz-para-acabar-con-la-intolerancia-en-cartagena-mister-carvajalino","status":"publish","type":"post","link":"https:\/\/revistazetta.com\/?p=49025","title":{"rendered":"\u00abUna champeta por la paz, para acabar con la intolerancia en Cartagena\u00bb: M\u00edster Carvajalino"},"content":{"rendered":"<p><strong>Cartagena de Indias, 21 de febrero de 2023.-<\/strong>\u00a0Ante las dolientes noticias de colocarnos en el ranking de las 50 ciudades m\u00e1s peligrosas del mundo, y los constantes casos de intolerancia que se presentan en Cartagena que afectan la convivencia y la paz en las familias, barrios, colegios, universidades, empresas, establecimientos p\u00fablicos y dem\u00e1s espacios, el empresario, educador y l\u00edder c\u00edvico M\u00edster Carvajalino propone unir la ciudad amurallada con Colombia y el mundo.<\/p>\n<p>Bajo la iniciativa \u00abUna Champeta por la Paz\u00bb, y convencido de que una de las grandes falencias que tenemos es la educaci\u00f3n, Carvajalino busca transmitir un mensaje de paz y uni\u00f3n que llegue a todos los rincones de Cartagena y Colombia por medio de la m\u00fasica, homenajeando los ritmos aut\u00f3ctonos del \u00abCorralito de Piedra\u00bb y reconociendo la educaci\u00f3n como pilar importante para reconstruir, transformar y fortalecer la ciudad.<\/p>\n<p>Se busca que de esta manera se reconozca a Cartagena como un territorio en paz a nivel universal, para darle garant\u00edas tanto a los propios como a turistas de visitarla y trabajar por ella.<\/p>\n","protected":false},"excerpt":{"rendered":"<p>Cartagena de Indias, 21 de febrero de 2023.-\u00a0Ante las dolientes noticias de colocarnos en el ranking de las 50 ciudades m\u00e1s peligrosas del mundo, y los constantes casos de intolerancia que se presentan en Cartagena que afectan la convivencia y la paz en las familias, barrios, colegios, universidades, empresas, establecimientos p\u00fablicos y dem\u00e1s espacios, el empresario, educador y l\u00edder c\u00edvico M\u00edster Carvajalino propone unir la ciudad amurallada con Colombia y el mundo. Bajo la iniciativa \u00abUna Champeta por la Paz\u00bb, y convencido de que una de las grandes falencias que&#8230; <\/p>\n","protected":false},"author":3,"featured_media":49026,"comment_status":"closed","ping_status":"closed","sticky":false,"template":"","format":"standard","meta":{"footnotes":"","_links_to":"","_links_to_target":""},"categories":[1450],"tags":[274,1520,1239,285,983,1519,298],"class_list":["post-49025","post","type-post","status-publish","format-standard","has-post-thumbnail","hentry","category-parasladers","tag-alcaldia-de-cartagena","tag-cartagenas-de-indias","tag-champeta","tag-destacada","tag-elecciones-2023","tag-mistericas-carvajalino","tag-politica"],"_links":{"self":[{"href":"https:\/\/revistazetta.com\/index.php?rest_route=\/wp\/v2\/posts\/49025","targetHints":{"allow":["GET"]}}],"collection":[{"href":"https:\/\/revistazetta.com\/index.php?rest_route=\/wp\/v2\/posts"}],"about":[{"href":"https:\/\/revistazetta.com\/index.php?rest_route=\/wp\/v2\/types\/post"}],"author":[{"embeddable":true,"href":"https:\/\/revistazetta.com\/index.php?rest_route=\/wp\/v2\/users\/3"}],"replies":[{"embeddable":true,"href":"https:\/\/revistazetta.com\/index.php?rest_route=%2Fwp%2Fv2%2Fcomments&post=49025"}],"version-history":[{"count":0,"href":"https:\/\/revistazetta.com\/index.php?rest_route=\/wp\/v2\/posts\/49025\/revisions"}],"wp:featuredmedia":[{"embeddable":true,"href":"https:\/\/revistazetta.com\/index.php?rest_route=\/wp\/v2\/media\/49026"}],"wp:attachment":[{"href":"https:\/\/revistazetta.com\/index.php?rest_route=%2Fwp%2Fv2%2Fmedia&parent=49025"}],"wp:term":[{"taxonomy":"category","embeddable":true,"href":"https:\/\/revistazetta.com\/index.php?rest_route=%2Fwp%2Fv2%2Fcategories&post=49025"},{"taxonomy":"post_tag","embeddable":true,"href":"https:\/\/revistazetta.com\/index.php?rest_route=%2Fwp%2Fv2%2Ftags&post=49025"}],"curies":[{"name":"wp","href":"https:\/\/api.w.org\/{rel}","templated":true}]}}