{"id":49027,"date":"2023-02-22T08:44:39","date_gmt":"2023-02-22T13:44:39","guid":{"rendered":"https:\/\/revistazetta.com\/?p=49027"},"modified":"2023-02-22T08:44:39","modified_gmt":"2023-02-22T13:44:39","slug":"ahibes-echavez-mompox-para-todos","status":"publish","type":"post","link":"https:\/\/revistazetta.com\/?p=49027","title":{"rendered":"Ahibes Ech\u00e1vez: Mompox para todos"},"content":{"rendered":"<p><strong>Santa Cruz de Mompox, 22 de febrero de 2023.-<\/strong> Un creciente consenso en Mompox apunta a ver en la preparaci\u00f3n y trayectoria de Ahibes Ech\u00e1vez una id\u00f3nea alternativa para regir los destinos de este Distrito.<\/p>\n<p>Su nombre crece en aceptaci\u00f3n y sus propuestas ilustran el potencial que puede desarrollar Mompox en los cuatro a\u00f1os de su eventual gobierno.<\/p>\n<p>Ech\u00e1vez considera que apelar a la \u201cmomposinidad\u201d es reconocer la trascendental val\u00eda del amor y sentido de pertenencia por Mompox.<\/p>\n<p>Ech\u00e1vez es un joven hijo de Santa Cruz de Mompox, con la preparaci\u00f3n acad\u00e9mica \u00f3ptima para asumir los retos, desaf\u00edos, transformaciones y cambios que requiere esta ciudad.<\/p>\n<p>Es bachiller del colegio Santa Cruz de Mompox, destac\u00e1ndose siempre por su responsabilidad y compromiso. Es abogado egresado de la Universidad del Atl\u00e1ntico, con posgrados en Derecho Administrativo, Gesti\u00f3n P\u00fablica y Derecho Constitucional, y m\u00e1gister en Derecho P\u00fablico.<\/p>\n<p>Cuenta con gran experiencia en el sector p\u00fablico en cargos de direcci\u00f3n, asesor\u00edas y control en el sector oficial.<\/p>\n<p><img loading=\"lazy\" decoding=\"async\" class=\"alignnone size-medium wp-image-49029\" src=\"https:\/\/revistazetta.com\/wp-content\/uploads\/2023\/02\/Ahi-2-456x333.jpeg\" alt=\"\" width=\"456\" height=\"333\" srcset=\"https:\/\/revistazetta.com\/wp-content\/uploads\/2023\/02\/Ahi-2-456x333.jpeg 456w, https:\/\/revistazetta.com\/wp-content\/uploads\/2023\/02\/Ahi-2-222x162.jpeg 222w, https:\/\/revistazetta.com\/wp-content\/uploads\/2023\/02\/Ahi-2.jpeg 795w\" sizes=\"auto, (max-width: 456px) 100vw, 456px\" \/><\/p>\n<p><b>Ejes estrat\u00e9gicos<\/b><\/p>\n<p>En los ejes estrat\u00e9gicos de su propuesta se puede apreciar a un Mompox incluyente, con protagonismo de los sectores rurales y perif\u00e9ricos.<\/p>\n<p>Un din\u00e1mico programa de generaci\u00f3n de ingresos, donde el turismo y la agroindustria jugar\u00e1n papel preponderante.<\/p>\n<p>Implementar pol\u00edticas p\u00fablicas en favor de la juventud con respecto a la amenaza de la drogadicci\u00f3n.<\/p>\n<p>Mejorar y supervisar la educaci\u00f3n de la regi\u00f3n para lograr que sea con calidad y pertinencia.<\/p>\n<p>Elevar la atenci\u00f3n en salud, acompa\u00f1ada de acciones positivas en territorio y medio ambiente, convivencia y seguridad ciudadana, arte, recreaci\u00f3n y cultura, gobernabilidad para toda la ciudadania.<\/p>\n","protected":false},"excerpt":{"rendered":"<p>Santa Cruz de Mompox, 22 de febrero de 2023.- Un creciente consenso en Mompox apunta a ver en la preparaci\u00f3n y trayectoria de Ahibes Ech\u00e1vez una id\u00f3nea alternativa para regir los destinos de este Distrito. Su nombre crece en aceptaci\u00f3n y sus propuestas ilustran el potencial que puede desarrollar Mompox en los cuatro a\u00f1os de su eventual gobierno. Ech\u00e1vez considera que apelar a la \u201cmomposinidad\u201d es reconocer la trascendental val\u00eda del amor y sentido de pertenencia por Mompox. Ech\u00e1vez es un joven hijo de Santa Cruz de Mompox, con la&#8230; <\/p>\n","protected":false},"author":3,"featured_media":49028,"comment_status":"closed","ping_status":"closed","sticky":false,"template":"","format":"standard","meta":{"footnotes":"","_links_to":"","_links_to_target":""},"categories":[1450,83,80],"tags":[1521,285,305,300],"class_list":["post-49027","post","type-post","status-publish","format-standard","has-post-thumbnail","hentry","category-parasladers","category-municipios","category-region","tag-ahibes-echavez","tag-destacada","tag-municipios","tag-region"],"_links":{"self":[{"href":"https:\/\/revistazetta.com\/index.php?rest_route=\/wp\/v2\/posts\/49027","targetHints":{"allow":["GET"]}}],"collection":[{"href":"https:\/\/revistazetta.com\/index.php?rest_route=\/wp\/v2\/posts"}],"about":[{"href":"https:\/\/revistazetta.com\/index.php?rest_route=\/wp\/v2\/types\/post"}],"author":[{"embeddable":true,"href":"https:\/\/revistazetta.com\/index.php?rest_route=\/wp\/v2\/users\/3"}],"replies":[{"embeddable":true,"href":"https:\/\/revistazetta.com\/index.php?rest_route=%2Fwp%2Fv2%2Fcomments&post=49027"}],"version-history":[{"count":0,"href":"https:\/\/revistazetta.com\/index.php?rest_route=\/wp\/v2\/posts\/49027\/revisions"}],"wp:featuredmedia":[{"embeddable":true,"href":"https:\/\/revistazetta.com\/index.php?rest_route=\/wp\/v2\/media\/49028"}],"wp:attachment":[{"href":"https:\/\/revistazetta.com\/index.php?rest_route=%2Fwp%2Fv2%2Fmedia&parent=49027"}],"wp:term":[{"taxonomy":"category","embeddable":true,"href":"https:\/\/revistazetta.com\/index.php?rest_route=%2Fwp%2Fv2%2Fcategories&post=49027"},{"taxonomy":"post_tag","embeddable":true,"href":"https:\/\/revistazetta.com\/index.php?rest_route=%2Fwp%2Fv2%2Ftags&post=49027"}],"curies":[{"name":"wp","href":"https:\/\/api.w.org\/{rel}","templated":true}]}}