{"id":49038,"date":"2023-02-23T00:33:07","date_gmt":"2023-02-23T05:33:07","guid":{"rendered":"https:\/\/revistazetta.com\/?p=49038"},"modified":"2023-02-23T00:33:07","modified_gmt":"2023-02-23T05:33:07","slug":"analisis-politico-dumek-encontro-jefe-de-debate-gratuito-fecundo-e-iracundo","status":"publish","type":"post","link":"https:\/\/revistazetta.com\/?p=49038","title":{"rendered":"An\u00e1lisis pol\u00edtico: Dumek encontr\u00f3 Jefe de Debate (gratuito, fecundo e iracundo)"},"content":{"rendered":"<p><strong>Por John Zamora (Director de Revista Zetta).-<\/strong>\u00a0Tanto que William Dau odia a Dumek Turbay; tanto que lo denuncia, lo persigue, lo hostiga\u2026 tanto que le inventa, y result\u00f3 ser su mejor jefe de debate en su campa\u00f1a para ser el pr\u00f3ximo alcalde de Cartagena.<\/p>\n<p>Gracias a su gratuita y fecunda gesti\u00f3n, los torpes ataques de Dau logran un efecto contrario: afianzar a Dumek en el centro de las miradas pol\u00edticas, y colocarlo en el \u201cTop of Mind\u201d de la discusi\u00f3n pre-electoral.<\/p>\n<p>Al igual que la Ni\u00f1a Tulia, de S\u00e1nchez Juliao, Dau meti\u00f3 las narices donde no deb\u00eda meterlas, sin que nadie lo est\u00e9 llamando. Un gobernante inteligente recomienda la continuidad de sus pol\u00edticas, pero nunca entra en descalificaciones personales porque, es casi fijo, resulta el tiro por la culata.<\/p>\n<p>Pero Dau, como el t\u00edo Peraloca, no quiere hacer caso, y mientras m\u00e1s ataca a Dumek, mas lo ratifica como su n\u00e9mesis.<\/p>\n<p>Dumek bien podr\u00eda contestarle a Dau dici\u00e9ndole \u201cel tormento tuyo soy yo\u201d. Pero no. Con inteligencia, en lugar tomar pastillas de chiquitolina pol\u00edtica para responderle a Dau, Dumek est\u00e1 aprovechando el \u201cinfighting\u201d para darle una lecci\u00f3n de madurez pol\u00edtica.<\/p>\n<p>Recordemos que Dumek public\u00f3 un trino donde agradece al presidente del Senado, Roy Barreras, el aval de su naciente partido \u201cFuerza de la Paz\u201d.<\/p>\n<p><img loading=\"lazy\" decoding=\"async\" class=\"alignnone size-medium wp-image-49039\" src=\"https:\/\/revistazetta.com\/wp-content\/uploads\/2023\/02\/Captura-de-Pantalla-2023-02-22-a-las-11.24.23-p.m.-344x333.png\" alt=\"\" width=\"344\" height=\"333\" srcset=\"https:\/\/revistazetta.com\/wp-content\/uploads\/2023\/02\/Captura-de-Pantalla-2023-02-22-a-las-11.24.23-p.m.-344x333.png 344w, https:\/\/revistazetta.com\/wp-content\/uploads\/2023\/02\/Captura-de-Pantalla-2023-02-22-a-las-11.24.23-p.m.-167x162.png 167w, https:\/\/revistazetta.com\/wp-content\/uploads\/2023\/02\/Captura-de-Pantalla-2023-02-22-a-las-11.24.23-p.m..png 1016w\" sizes=\"auto, (max-width: 344px) 100vw, 344px\" \/><\/p>\n<p>En seguida, la Ni\u00f1a Tulia que habita en Dau sali\u00f3 a enviarle un mensaje \u201cterror\u00edfico\u201d a Roy:<\/p>\n<p>&#8211; \u201cNo metas tus narices en Cartagena\u201d.<\/p>\n<blockquote class=\"instagram-media\" style=\"background: #FFF; border: 0; border-radius: 3px; box-shadow: 0 0 1px 0 rgba(0,0,0,0.5),0 1px 10px 0 rgba(0,0,0,0.15); margin: 1px; max-width: 540px; min-width: 326px; padding: 0; width: calc(100% - 2px);\" data-instgrm-captioned=\"\" data-instgrm-permalink=\"https:\/\/www.instagram.com\/reel\/Co8IKYwJXzn\/?utm_source=ig_embed&amp;utm_campaign=loading\" data-instgrm-version=\"14\">\n<div style=\"padding: 16px;\">\n<p>&nbsp;<\/p>\n<div style=\"display: flex; flex-direction: row; align-items: center;\">\n<div style=\"background-color: #f4f4f4; border-radius: 50%; flex-grow: 0; height: 40px; margin-right: 14px; width: 40px;\"><\/div>\n<div style=\"display: flex; flex-direction: column; flex-grow: 1; justify-content: center;\">\n<div style=\"background-color: #f4f4f4; border-radius: 4px; flex-grow: 0; height: 14px; margin-bottom: 6px; width: 100px;\"><\/div>\n<div style=\"background-color: #f4f4f4; border-radius: 4px; flex-grow: 0; height: 14px; width: 60px;\"><\/div>\n<\/div>\n<\/div>\n<div style=\"padding: 19% 0;\"><\/div>\n<div style=\"display: block; height: 50px; margin: 0 auto 12px; width: 50px;\"><\/div>\n<div style=\"padding-top: 8px;\">\n<div style=\"color: #3897f0; font-family: Arial,sans-serif; font-size: 14px; font-style: normal; font-weight: 550; line-height: 18px;\">Ver esta publicaci\u00f3n en Instagram<\/div>\n<\/div>\n<div style=\"padding: 12.5% 0;\"><\/div>\n<div style=\"display: flex; flex-direction: row; margin-bottom: 14px; align-items: center;\">\n<div>\n<div style=\"background-color: #f4f4f4; border-radius: 50%; height: 12.5px; width: 12.5px; transform: translateX(0px) translateY(7px);\"><\/div>\n<div style=\"background-color: #f4f4f4; height: 12.5px; transform: rotate(-45deg) translateX(3px) translateY(1px); width: 12.5px; flex-grow: 0; margin-right: 14px; margin-left: 2px;\"><\/div>\n<div style=\"background-color: #f4f4f4; border-radius: 50%; height: 12.5px; width: 12.5px; transform: translateX(9px) translateY(-18px);\"><\/div>\n<\/div>\n<div style=\"margin-left: 8px;\">\n<div style=\"background-color: #f4f4f4; border-radius: 50%; flex-grow: 0; height: 20px; width: 20px;\"><\/div>\n<div style=\"width: 0; height: 0; border-top: 2px solid transparent; border-left: 6px solid #f4f4f4; border-bottom: 2px solid transparent; transform: translateX(16px) translateY(-4px) rotate(30deg);\"><\/div>\n<\/div>\n<div style=\"margin-left: auto;\">\n<div style=\"width: 0px; border-top: 8px solid #F4F4F4; border-right: 8px solid transparent; transform: translateY(16px);\"><\/div>\n<div style=\"background-color: #f4f4f4; flex-grow: 0; height: 12px; width: 16px; transform: translateY(-4px);\"><\/div>\n<div style=\"width: 0; height: 0; border-top: 8px solid #F4F4F4; border-left: 8px solid transparent; transform: translateY(-4px) translateX(8px);\"><\/div>\n<\/div>\n<\/div>\n<div style=\"display: flex; flex-direction: column; flex-grow: 1; justify-content: center; margin-bottom: 24px;\">\n<div style=\"background-color: #f4f4f4; border-radius: 4px; flex-grow: 0; height: 14px; margin-bottom: 6px; width: 224px;\"><\/div>\n<div style=\"background-color: #f4f4f4; border-radius: 4px; flex-grow: 0; height: 14px; width: 144px;\"><\/div>\n<\/div>\n<p>&nbsp;<\/p>\n<p style=\"color: #c9c8cd; font-family: Arial,sans-serif; font-size: 14px; line-height: 17px; margin-bottom: 0; margin-top: 8px; overflow: hidden; padding: 8px 0 7px; text-align: center; text-overflow: ellipsis; white-space: nowrap;\"><a style=\"color: #c9c8cd; font-family: Arial,sans-serif; font-size: 14px; font-style: normal; font-weight: normal; line-height: 17px; text-decoration: none;\" href=\"https:\/\/www.instagram.com\/reel\/Co8IKYwJXzn\/?utm_source=ig_embed&amp;utm_campaign=loading\" target=\"_blank\" rel=\"noopener\">Una publicaci\u00f3n compartida por William Dau (@salvemos_a_cartagena)<\/a><\/p>\n<\/div>\n<\/blockquote>\n<p><script async src=\"\/\/www.instagram.com\/embed.js\"><\/script><\/p>\n<p>Y Dumek contest\u00f3 con sagacidad:<\/p>\n<p><i>A esto se ha dedicado los 4 a\u00f1os, a se\u00f1alar, a dividir, a pelear. A generar discordia. Dau se siente c\u00f3modo en la confrontaci\u00f3n; nosotros sacaremos adelante a <\/i><a href=\"https:\/\/twitter.com\/hashtag\/Cartagena?src=hashtag_click\" target=\"_blank\" rel=\"noopener\"><i>#Cartagena<\/i><\/a><i> uni\u00e9ndola en armon\u00eda y en torno a la ideas y propuestas, construyendo desde la diferencia. \u00a1GOBERNANDO!<\/i><\/p>\n<p><img loading=\"lazy\" decoding=\"async\" class=\"alignnone size-medium wp-image-49044\" src=\"https:\/\/revistazetta.com\/wp-content\/uploads\/2023\/02\/Captura-de-Pantalla-2023-02-23-a-las-12.22.12-a.m.-500x216.png\" alt=\"\" width=\"500\" height=\"216\" srcset=\"https:\/\/revistazetta.com\/wp-content\/uploads\/2023\/02\/Captura-de-Pantalla-2023-02-23-a-las-12.22.12-a.m.-500x216.png 500w, https:\/\/revistazetta.com\/wp-content\/uploads\/2023\/02\/Captura-de-Pantalla-2023-02-23-a-las-12.22.12-a.m.-1024x443.png 1024w, https:\/\/revistazetta.com\/wp-content\/uploads\/2023\/02\/Captura-de-Pantalla-2023-02-23-a-las-12.22.12-a.m.-250x108.png 250w, https:\/\/revistazetta.com\/wp-content\/uploads\/2023\/02\/Captura-de-Pantalla-2023-02-23-a-las-12.22.12-a.m..png 1202w\" sizes=\"auto, (max-width: 500px) 100vw, 500px\" \/><\/p>\n<p>En la discusi\u00f3n se meti\u00f3 otra Ni\u00f1a Tulia, el exsenador Gustavo Bol\u00edvar, quien con la estatura moral de una hormiga en medio de elefantes, dijo que \u201c\u00bbUstedes han visto c\u00f3mo algunos integrantes del Pacto ya empiezan a alinearse con sectores de los partidos tradicionales y sectores corruptos de la pol\u00edtica\u201d.<\/p>\n<blockquote class=\"instagram-media\" style=\"background: #FFF; border: 0; border-radius: 3px; box-shadow: 0 0 1px 0 rgba(0,0,0,0.5),0 1px 10px 0 rgba(0,0,0,0.15); margin: 1px; max-width: 540px; min-width: 326px; padding: 0; width: calc(100% - 2px);\" data-instgrm-captioned=\"\" data-instgrm-permalink=\"https:\/\/www.instagram.com\/reel\/Co_BrXHttRT\/?utm_source=ig_embed&amp;utm_campaign=loading\" data-instgrm-version=\"14\">\n<div style=\"padding: 16px;\">\n<p>&nbsp;<\/p>\n<div style=\"display: flex; flex-direction: row; align-items: center;\">\n<div style=\"background-color: #f4f4f4; border-radius: 50%; flex-grow: 0; height: 40px; margin-right: 14px; width: 40px;\"><\/div>\n<div style=\"display: flex; flex-direction: column; flex-grow: 1; justify-content: center;\">\n<div style=\"background-color: #f4f4f4; border-radius: 4px; flex-grow: 0; height: 14px; margin-bottom: 6px; width: 100px;\"><\/div>\n<div style=\"background-color: #f4f4f4; border-radius: 4px; flex-grow: 0; height: 14px; width: 60px;\"><\/div>\n<\/div>\n<\/div>\n<div style=\"padding: 19% 0;\"><\/div>\n<div style=\"display: block; height: 50px; margin: 0 auto 12px; width: 50px;\"><\/div>\n<div style=\"padding-top: 8px;\">\n<div style=\"color: #3897f0; font-family: Arial,sans-serif; font-size: 14px; font-style: normal; font-weight: 550; line-height: 18px;\">Ver esta publicaci\u00f3n en Instagram<\/div>\n<\/div>\n<div style=\"padding: 12.5% 0;\"><\/div>\n<div style=\"display: flex; flex-direction: row; margin-bottom: 14px; align-items: center;\">\n<div>\n<div style=\"background-color: #f4f4f4; border-radius: 50%; height: 12.5px; width: 12.5px; transform: translateX(0px) translateY(7px);\"><\/div>\n<div style=\"background-color: #f4f4f4; height: 12.5px; transform: rotate(-45deg) translateX(3px) translateY(1px); width: 12.5px; flex-grow: 0; margin-right: 14px; margin-left: 2px;\"><\/div>\n<div style=\"background-color: #f4f4f4; border-radius: 50%; height: 12.5px; width: 12.5px; transform: translateX(9px) translateY(-18px);\"><\/div>\n<\/div>\n<div style=\"margin-left: 8px;\">\n<div style=\"background-color: #f4f4f4; border-radius: 50%; flex-grow: 0; height: 20px; width: 20px;\"><\/div>\n<div style=\"width: 0; height: 0; border-top: 2px solid transparent; border-left: 6px solid #f4f4f4; border-bottom: 2px solid transparent; transform: translateX(16px) translateY(-4px) rotate(30deg);\"><\/div>\n<\/div>\n<div style=\"margin-left: auto;\">\n<div style=\"width: 0px; border-top: 8px solid #F4F4F4; border-right: 8px solid transparent; transform: translateY(16px);\"><\/div>\n<div style=\"background-color: #f4f4f4; flex-grow: 0; height: 12px; width: 16px; transform: translateY(-4px);\"><\/div>\n<div style=\"width: 0; height: 0; border-top: 8px solid #F4F4F4; border-left: 8px solid transparent; transform: translateY(-4px) translateX(8px);\"><\/div>\n<\/div>\n<\/div>\n<div style=\"display: flex; flex-direction: column; flex-grow: 1; justify-content: center; margin-bottom: 24px;\">\n<div style=\"background-color: #f4f4f4; border-radius: 4px; flex-grow: 0; height: 14px; margin-bottom: 6px; width: 224px;\"><\/div>\n<div style=\"background-color: #f4f4f4; border-radius: 4px; flex-grow: 0; height: 14px; width: 144px;\"><\/div>\n<\/div>\n<p>&nbsp;<\/p>\n<p style=\"color: #c9c8cd; font-family: Arial,sans-serif; font-size: 14px; line-height: 17px; margin-bottom: 0; margin-top: 8px; overflow: hidden; padding: 8px 0 7px; text-align: center; text-overflow: ellipsis; white-space: nowrap;\"><a style=\"color: #c9c8cd; font-family: Arial,sans-serif; font-size: 14px; font-style: normal; font-weight: normal; line-height: 17px; text-decoration: none;\" href=\"https:\/\/www.instagram.com\/reel\/Co_BrXHttRT\/?utm_source=ig_embed&amp;utm_campaign=loading\" target=\"_blank\" rel=\"noopener\">Una publicaci\u00f3n compartida por Canal CNC Cartagena (@canalcnccartagena)<\/a><\/p>\n<\/div>\n<\/blockquote>\n<p><script async src=\"\/\/www.instagram.com\/embed.js\"><\/script><\/p>\n<p>La tormenta propici\u00f3 una distorsi\u00f3n, pues algunos creyeron equivocadamente que Dumek estaba pidiendo pista en el Pacto Hist\u00f3rico. De nuevo, sac\u00f3 utilidad pol\u00edtica con estos mensajes:<\/p>\n<p><i>El nuestro no es un proceso de un solo partido, es un proyecto de coalici\u00f3n, uni\u00f3n de voluntades, fuerzas ciudadanas y movimientos pol\u00edticos.<\/i><\/p>\n<p><i>En esta idea de <\/i><a href=\"https:\/\/twitter.com\/hashtag\/UnirParaAvanzar?src=hashtag_click\" target=\"_blank\" rel=\"noopener\"><i>#UnirParaAvanzar<\/i><\/a><i> no se excluye a nadie, pues <\/i><a href=\"https:\/\/twitter.com\/hashtag\/Cartagena?src=hashtag_click\" target=\"_blank\" rel=\"noopener\"><i>#Cartagena<\/i><\/a><i> necesita del concurso de todos, no de pocos. \u00a1Seguimos sumando!<\/i><\/p>\n<p><img loading=\"lazy\" decoding=\"async\" class=\"alignnone size-medium wp-image-49040\" src=\"https:\/\/revistazetta.com\/wp-content\/uploads\/2023\/02\/Captura-de-Pantalla-2023-02-22-a-las-11.38.35-p.m.-500x296.png\" alt=\"\" width=\"500\" height=\"296\" srcset=\"https:\/\/revistazetta.com\/wp-content\/uploads\/2023\/02\/Captura-de-Pantalla-2023-02-22-a-las-11.38.35-p.m.-500x296.png 500w, https:\/\/revistazetta.com\/wp-content\/uploads\/2023\/02\/Captura-de-Pantalla-2023-02-22-a-las-11.38.35-p.m.-1024x607.png 1024w, https:\/\/revistazetta.com\/wp-content\/uploads\/2023\/02\/Captura-de-Pantalla-2023-02-22-a-las-11.38.35-p.m.-250x148.png 250w, https:\/\/revistazetta.com\/wp-content\/uploads\/2023\/02\/Captura-de-Pantalla-2023-02-22-a-las-11.38.35-p.m..png 1202w\" sizes=\"auto, (max-width: 500px) 100vw, 500px\" \/><\/p>\n<p>Y es cierto. Dumek apoy\u00f3 al senador de Cambio Radical, Jorge Benedetti, y all\u00ed hay una expectativa clara de aval, pero tambi\u00e9n tiene buenas relaciones con Centro Democr\u00e1tico, con los conservadores, con otros sectores de izquierda, incluso en el partido Liberal, al punto que podr\u00eda configurarse una coalici\u00f3n multipartidista.<\/p>\n<p>De ser as\u00ed, no tiene sentido acudir al mecanismo de recolecci\u00f3n de firmas, m\u00e1xime cuando la calle est\u00e1 congestionada con m\u00e1s de 16 grupos en esa tarea.<\/p>\n<p>Otros tres trinos dieron puntilla a esta tormenta:<\/p>\n<p><i>Seguimos sumando voluntades. A <\/i><a href=\"https:\/\/twitter.com\/hashtag\/Cartagena?src=hashtag_click\" target=\"_blank\" rel=\"noopener\"><i>#Cartagena<\/i><\/a><i> la sacamos adelante entre todos, no entre pocos.<\/i><\/p>\n<p><img loading=\"lazy\" decoding=\"async\" class=\"alignnone size-medium wp-image-49041\" src=\"https:\/\/revistazetta.com\/wp-content\/uploads\/2023\/02\/Captura-de-Pantalla-2023-02-22-a-las-11.42.33-p.m.-363x333.png\" alt=\"\" width=\"363\" height=\"333\" srcset=\"https:\/\/revistazetta.com\/wp-content\/uploads\/2023\/02\/Captura-de-Pantalla-2023-02-22-a-las-11.42.33-p.m.-363x333.png 363w, https:\/\/revistazetta.com\/wp-content\/uploads\/2023\/02\/Captura-de-Pantalla-2023-02-22-a-las-11.42.33-p.m.-1024x941.png 1024w, https:\/\/revistazetta.com\/wp-content\/uploads\/2023\/02\/Captura-de-Pantalla-2023-02-22-a-las-11.42.33-p.m.-176x162.png 176w, https:\/\/revistazetta.com\/wp-content\/uploads\/2023\/02\/Captura-de-Pantalla-2023-02-22-a-las-11.42.33-p.m..png 1202w\" sizes=\"auto, (max-width: 363px) 100vw, 363px\" \/><\/p>\n<p>Y estos, que dejan clara su posici\u00f3n pol\u00edtica, lejos de acomodamientos:<\/p>\n<p><i>No entiendo por qu\u00e9 reducir todo a \u00abel que est\u00e1 con Petro\u00bb y \u00abEl que no est\u00e1 con Petro\u00bb. <\/i><a href=\"https:\/\/twitter.com\/hashtag\/Cartagena?src=hashtag_click\" target=\"_blank\" rel=\"noopener\"><i>#Cartagena<\/i><\/a><i> es m\u00e1s que Petro. \u00c9l es el presidente de todos los colombianos y es necesario trabajar articuladamente con el Gobierno Nacional. Vamos a desideologizar el debate, por favor.<\/i><\/p>\n<p><img loading=\"lazy\" decoding=\"async\" class=\"alignnone size-medium wp-image-49042\" src=\"https:\/\/revistazetta.com\/wp-content\/uploads\/2023\/02\/Captura-de-Pantalla-2023-02-22-a-las-11.44.56-p.m.-500x164.png\" alt=\"\" width=\"500\" height=\"164\" srcset=\"https:\/\/revistazetta.com\/wp-content\/uploads\/2023\/02\/Captura-de-Pantalla-2023-02-22-a-las-11.44.56-p.m.-500x164.png 500w, https:\/\/revistazetta.com\/wp-content\/uploads\/2023\/02\/Captura-de-Pantalla-2023-02-22-a-las-11.44.56-p.m.-1024x337.png 1024w, https:\/\/revistazetta.com\/wp-content\/uploads\/2023\/02\/Captura-de-Pantalla-2023-02-22-a-las-11.44.56-p.m.-250x82.png 250w, https:\/\/revistazetta.com\/wp-content\/uploads\/2023\/02\/Captura-de-Pantalla-2023-02-22-a-las-11.44.56-p.m..png 1204w\" sizes=\"auto, (max-width: 500px) 100vw, 500px\" \/><\/p>\n<p><i>Diego, no soy petrista. Tengo profundas diferencias con el Presidente, pero nos encontramos en algunos anhelos sociales, nos une <\/i><a href=\"https:\/\/twitter.com\/hashtag\/Cartagena?src=hashtag_click\" target=\"_blank\" rel=\"noopener\"><i>#Cartagena<\/i><\/a><i>, por ejemplo. He trabajado bien con presidentes dis\u00edmiles. Soy un dem\u00f3crata respetuoso de las instituciones y la empresa privada. Saludos.<\/i><\/p>\n<p><img loading=\"lazy\" decoding=\"async\" class=\"alignnone size-medium wp-image-49043\" src=\"https:\/\/revistazetta.com\/wp-content\/uploads\/2023\/02\/Captura-de-Pantalla-2023-02-22-a-las-11.45.55-p.m.-500x240.png\" alt=\"\" width=\"500\" height=\"240\" srcset=\"https:\/\/revistazetta.com\/wp-content\/uploads\/2023\/02\/Captura-de-Pantalla-2023-02-22-a-las-11.45.55-p.m.-500x240.png 500w, https:\/\/revistazetta.com\/wp-content\/uploads\/2023\/02\/Captura-de-Pantalla-2023-02-22-a-las-11.45.55-p.m.-1024x491.png 1024w, https:\/\/revistazetta.com\/wp-content\/uploads\/2023\/02\/Captura-de-Pantalla-2023-02-22-a-las-11.45.55-p.m.-250x120.png 250w, https:\/\/revistazetta.com\/wp-content\/uploads\/2023\/02\/Captura-de-Pantalla-2023-02-22-a-las-11.45.55-p.m..png 1198w\" sizes=\"auto, (max-width: 500px) 100vw, 500px\" \/><\/p>\n<p>Aunque estaba quedando muy claro que Dau no ha servido para poco o nada, hay que reconocer que como jefe de debate de Dumek Turbay lo est\u00e1 haciendo de maravilla: mientras m\u00e1s despotrica, m\u00e1s lo instala en la carrera para ganar la Alcald\u00eda. \u00bfY si Dau se queda callado? Eso s\u00ed ser\u00eda un milagro.<\/p>\n<p>&nbsp;<\/p>\n<p>&nbsp;<\/p>\n","protected":false},"excerpt":{"rendered":"<p>Por John Zamora (Director de Revista Zetta).-\u00a0Tanto que William Dau odia a Dumek Turbay; tanto que lo denuncia, lo persigue, lo hostiga\u2026 tanto que le inventa, y result\u00f3 ser su mejor jefe de debate en su campa\u00f1a para ser el pr\u00f3ximo alcalde de Cartagena. Gracias a su gratuita y fecunda gesti\u00f3n, los torpes ataques de Dau logran un efecto contrario: afianzar a Dumek en el centro de las miradas pol\u00edticas, y colocarlo en el \u201cTop of Mind\u201d de la discusi\u00f3n pre-electoral. Al igual que la Ni\u00f1a Tulia, de S\u00e1nchez Juliao,&#8230; <\/p>\n","protected":false},"author":3,"featured_media":49045,"comment_status":"closed","ping_status":"closed","sticky":false,"template":"","format":"standard","meta":{"footnotes":"","_links_to":"","_links_to_target":""},"categories":[1450,66,44],"tags":[314,285,74,1525,115,288,941,431],"class_list":["post-49038","post","type-post","status-publish","format-standard","has-post-thumbnail","hentry","category-parasladers","category-analisis","category-materiagris","tag-analisis","tag-destacada","tag-dumek-turbay","tag-gustavo-bolivar","tag-john-zamora","tag-materia-gris","tag-roy-barreras","tag-william-dau"],"_links":{"self":[{"href":"https:\/\/revistazetta.com\/index.php?rest_route=\/wp\/v2\/posts\/49038","targetHints":{"allow":["GET"]}}],"collection":[{"href":"https:\/\/revistazetta.com\/index.php?rest_route=\/wp\/v2\/posts"}],"about":[{"href":"https:\/\/revistazetta.com\/index.php?rest_route=\/wp\/v2\/types\/post"}],"author":[{"embeddable":true,"href":"https:\/\/revistazetta.com\/index.php?rest_route=\/wp\/v2\/users\/3"}],"replies":[{"embeddable":true,"href":"https:\/\/revistazetta.com\/index.php?rest_route=%2Fwp%2Fv2%2Fcomments&post=49038"}],"version-history":[{"count":0,"href":"https:\/\/revistazetta.com\/index.php?rest_route=\/wp\/v2\/posts\/49038\/revisions"}],"wp:featuredmedia":[{"embeddable":true,"href":"https:\/\/revistazetta.com\/index.php?rest_route=\/wp\/v2\/media\/49045"}],"wp:attachment":[{"href":"https:\/\/revistazetta.com\/index.php?rest_route=%2Fwp%2Fv2%2Fmedia&parent=49038"}],"wp:term":[{"taxonomy":"category","embeddable":true,"href":"https:\/\/revistazetta.com\/index.php?rest_route=%2Fwp%2Fv2%2Fcategories&post=49038"},{"taxonomy":"post_tag","embeddable":true,"href":"https:\/\/revistazetta.com\/index.php?rest_route=%2Fwp%2Fv2%2Ftags&post=49038"}],"curies":[{"name":"wp","href":"https:\/\/api.w.org\/{rel}","templated":true}]}}