{"id":49069,"date":"2023-02-26T10:39:39","date_gmt":"2023-02-26T15:39:39","guid":{"rendered":"https:\/\/revistazetta.com\/?p=49069"},"modified":"2023-02-26T10:42:55","modified_gmt":"2023-02-26T15:42:55","slug":"reynaldo-tovar-juntos-transformamos-a-cartagena","status":"publish","type":"post","link":"https:\/\/revistazetta.com\/?p=49069","title":{"rendered":"Reynaldo Tovar: Juntos transformamos a Cartagena"},"content":{"rendered":"<p><strong>Cartagena de Indias, 26 de febrero de 2023.-<\/strong> A las 8 de la ma\u00f1ana del 29 de octubre de 2022, cuando apenas se abr\u00eda el calendario electoral, Reynaldo Tovar estaba en la puerta de la Registradur\u00eda con todos sus documentos listos para registrar el grupo significativo de ciudadanos \u00abCartagena Cuenta Conmigo\u00bb.<\/p>\n<p><img loading=\"lazy\" decoding=\"async\" class=\"alignnone size-medium wp-image-49071\" src=\"https:\/\/revistazetta.com\/wp-content\/uploads\/2023\/02\/AZ-Rey-1-500x333.jpg\" alt=\"\" width=\"500\" height=\"333\" srcset=\"https:\/\/revistazetta.com\/wp-content\/uploads\/2023\/02\/AZ-Rey-1-500x333.jpg 500w, https:\/\/revistazetta.com\/wp-content\/uploads\/2023\/02\/AZ-Rey-1-1024x683.jpg 1024w, https:\/\/revistazetta.com\/wp-content\/uploads\/2023\/02\/AZ-Rey-1-243x162.jpg 243w, https:\/\/revistazetta.com\/wp-content\/uploads\/2023\/02\/AZ-Rey-1-1536x1024.jpg 1536w, https:\/\/revistazetta.com\/wp-content\/uploads\/2023\/02\/AZ-Rey-1-2048x1365.jpg 2048w\" sizes=\"auto, (max-width: 500px) 100vw, 500px\" \/><\/p>\n<p>Se convirti\u00f3 en el primero en salir a las calles a recolectar firmas en su pretensi\u00f3n de ser alcalde de Cartagena, y el primero, tambi\u00e9n, en recibir autorizaci\u00f3n de la autoridad electoral para el empleo de sus logos de propaganda.<\/p>\n<p>Tovar quiere ser, igualmente, el primero en la preferencia del electorado, compartiendo sus propuestas para transformar a Cartagena con una agenda de temas estrat\u00e9gicos, con diagn\u00f3sticos actualizados y soluciones viables.<\/p>\n<p>De sus d\u00edas como t\u00e9cnico instalador de redes en Telecom, su formaci\u00f3n universitaria, sus intentos por ser concejal, y su trabajo en el control social, Tovar habl\u00f3 en el programa \u00abDe la A a la Zetta\u00bb, con John Zamora, que inicia su cuarta temporada.<\/p>\n<p><iframe loading=\"lazy\" title=\"YouTube video player\" src=\"https:\/\/www.youtube.com\/embed\/f2UeXPrTqO4\" width=\"560\" height=\"315\" frameborder=\"0\" allowfullscreen=\"allowfullscreen\"><\/iframe><\/p>\n<p>&nbsp;<\/p>\n<p><img loading=\"lazy\" decoding=\"async\" class=\"alignnone size-medium wp-image-49082\" src=\"https:\/\/revistazetta.com\/wp-content\/uploads\/2023\/02\/AZ-Rey-11-500x333.jpg\" alt=\"\" width=\"500\" height=\"333\" srcset=\"https:\/\/revistazetta.com\/wp-content\/uploads\/2023\/02\/AZ-Rey-11-500x333.jpg 500w, https:\/\/revistazetta.com\/wp-content\/uploads\/2023\/02\/AZ-Rey-11-1024x683.jpg 1024w, https:\/\/revistazetta.com\/wp-content\/uploads\/2023\/02\/AZ-Rey-11-243x162.jpg 243w, https:\/\/revistazetta.com\/wp-content\/uploads\/2023\/02\/AZ-Rey-11-1536x1024.jpg 1536w, https:\/\/revistazetta.com\/wp-content\/uploads\/2023\/02\/AZ-Rey-11-2048x1365.jpg 2048w\" sizes=\"auto, (max-width: 500px) 100vw, 500px\" \/> <img loading=\"lazy\" decoding=\"async\" class=\"alignnone size-medium wp-image-49081\" src=\"https:\/\/revistazetta.com\/wp-content\/uploads\/2023\/02\/AZ-Rey-10-500x333.jpg\" alt=\"\" width=\"500\" height=\"333\" srcset=\"https:\/\/revistazetta.com\/wp-content\/uploads\/2023\/02\/AZ-Rey-10-500x333.jpg 500w, https:\/\/revistazetta.com\/wp-content\/uploads\/2023\/02\/AZ-Rey-10-1024x683.jpg 1024w, https:\/\/revistazetta.com\/wp-content\/uploads\/2023\/02\/AZ-Rey-10-243x162.jpg 243w, https:\/\/revistazetta.com\/wp-content\/uploads\/2023\/02\/AZ-Rey-10-1536x1024.jpg 1536w, https:\/\/revistazetta.com\/wp-content\/uploads\/2023\/02\/AZ-Rey-10-2048x1365.jpg 2048w\" sizes=\"auto, (max-width: 500px) 100vw, 500px\" \/> <img loading=\"lazy\" decoding=\"async\" class=\"alignnone size-medium wp-image-49080\" src=\"https:\/\/revistazetta.com\/wp-content\/uploads\/2023\/02\/AZ-Rey-9-500x333.jpg\" alt=\"\" width=\"500\" height=\"333\" srcset=\"https:\/\/revistazetta.com\/wp-content\/uploads\/2023\/02\/AZ-Rey-9-500x333.jpg 500w, https:\/\/revistazetta.com\/wp-content\/uploads\/2023\/02\/AZ-Rey-9-1024x683.jpg 1024w, https:\/\/revistazetta.com\/wp-content\/uploads\/2023\/02\/AZ-Rey-9-243x162.jpg 243w, https:\/\/revistazetta.com\/wp-content\/uploads\/2023\/02\/AZ-Rey-9-1536x1024.jpg 1536w, https:\/\/revistazetta.com\/wp-content\/uploads\/2023\/02\/AZ-Rey-9-2048x1365.jpg 2048w\" sizes=\"auto, (max-width: 500px) 100vw, 500px\" \/> <img loading=\"lazy\" decoding=\"async\" class=\"alignnone size-medium wp-image-49079\" src=\"https:\/\/revistazetta.com\/wp-content\/uploads\/2023\/02\/AZ-Rey-8-500x333.jpg\" alt=\"\" width=\"500\" height=\"333\" srcset=\"https:\/\/revistazetta.com\/wp-content\/uploads\/2023\/02\/AZ-Rey-8-500x333.jpg 500w, https:\/\/revistazetta.com\/wp-content\/uploads\/2023\/02\/AZ-Rey-8-1024x683.jpg 1024w, https:\/\/revistazetta.com\/wp-content\/uploads\/2023\/02\/AZ-Rey-8-243x162.jpg 243w, https:\/\/revistazetta.com\/wp-content\/uploads\/2023\/02\/AZ-Rey-8-1536x1024.jpg 1536w, https:\/\/revistazetta.com\/wp-content\/uploads\/2023\/02\/AZ-Rey-8-2048x1365.jpg 2048w\" sizes=\"auto, (max-width: 500px) 100vw, 500px\" \/> <img loading=\"lazy\" decoding=\"async\" class=\"alignnone size-medium wp-image-49078\" src=\"https:\/\/revistazetta.com\/wp-content\/uploads\/2023\/02\/AZ-Rey-7-500x333.jpg\" alt=\"\" width=\"500\" height=\"333\" srcset=\"https:\/\/revistazetta.com\/wp-content\/uploads\/2023\/02\/AZ-Rey-7-500x333.jpg 500w, https:\/\/revistazetta.com\/wp-content\/uploads\/2023\/02\/AZ-Rey-7-1024x683.jpg 1024w, https:\/\/revistazetta.com\/wp-content\/uploads\/2023\/02\/AZ-Rey-7-243x162.jpg 243w, https:\/\/revistazetta.com\/wp-content\/uploads\/2023\/02\/AZ-Rey-7-1536x1024.jpg 1536w, https:\/\/revistazetta.com\/wp-content\/uploads\/2023\/02\/AZ-Rey-7-2048x1365.jpg 2048w\" sizes=\"auto, (max-width: 500px) 100vw, 500px\" \/> <img loading=\"lazy\" decoding=\"async\" class=\"alignnone size-medium wp-image-49077\" src=\"https:\/\/revistazetta.com\/wp-content\/uploads\/2023\/02\/AZ-Rey-6-500x333.jpg\" alt=\"\" width=\"500\" height=\"333\" srcset=\"https:\/\/revistazetta.com\/wp-content\/uploads\/2023\/02\/AZ-Rey-6-500x333.jpg 500w, https:\/\/revistazetta.com\/wp-content\/uploads\/2023\/02\/AZ-Rey-6-1024x683.jpg 1024w, https:\/\/revistazetta.com\/wp-content\/uploads\/2023\/02\/AZ-Rey-6-243x162.jpg 243w, https:\/\/revistazetta.com\/wp-content\/uploads\/2023\/02\/AZ-Rey-6-1536x1024.jpg 1536w, https:\/\/revistazetta.com\/wp-content\/uploads\/2023\/02\/AZ-Rey-6-2048x1365.jpg 2048w\" sizes=\"auto, (max-width: 500px) 100vw, 500px\" \/> <img loading=\"lazy\" decoding=\"async\" class=\"alignnone size-medium wp-image-49075\" src=\"https:\/\/revistazetta.com\/wp-content\/uploads\/2023\/02\/AZ-Rey-5-500x333.jpg\" alt=\"\" width=\"500\" height=\"333\" srcset=\"https:\/\/revistazetta.com\/wp-content\/uploads\/2023\/02\/AZ-Rey-5-500x333.jpg 500w, https:\/\/revistazetta.com\/wp-content\/uploads\/2023\/02\/AZ-Rey-5-1024x683.jpg 1024w, https:\/\/revistazetta.com\/wp-content\/uploads\/2023\/02\/AZ-Rey-5-243x162.jpg 243w, https:\/\/revistazetta.com\/wp-content\/uploads\/2023\/02\/AZ-Rey-5-1536x1024.jpg 1536w, https:\/\/revistazetta.com\/wp-content\/uploads\/2023\/02\/AZ-Rey-5-2048x1365.jpg 2048w\" sizes=\"auto, (max-width: 500px) 100vw, 500px\" \/> <img loading=\"lazy\" decoding=\"async\" class=\"alignnone size-medium wp-image-49074\" src=\"https:\/\/revistazetta.com\/wp-content\/uploads\/2023\/02\/AZ-Rey-4-500x333.jpg\" alt=\"\" width=\"500\" height=\"333\" srcset=\"https:\/\/revistazetta.com\/wp-content\/uploads\/2023\/02\/AZ-Rey-4-500x333.jpg 500w, https:\/\/revistazetta.com\/wp-content\/uploads\/2023\/02\/AZ-Rey-4-1024x683.jpg 1024w, https:\/\/revistazetta.com\/wp-content\/uploads\/2023\/02\/AZ-Rey-4-243x162.jpg 243w, https:\/\/revistazetta.com\/wp-content\/uploads\/2023\/02\/AZ-Rey-4-1536x1024.jpg 1536w, https:\/\/revistazetta.com\/wp-content\/uploads\/2023\/02\/AZ-Rey-4-2048x1365.jpg 2048w\" sizes=\"auto, (max-width: 500px) 100vw, 500px\" \/> <img loading=\"lazy\" decoding=\"async\" class=\"alignnone size-medium wp-image-49073\" src=\"https:\/\/revistazetta.com\/wp-content\/uploads\/2023\/02\/AZ-Rey-3-500x333.jpg\" alt=\"\" width=\"500\" height=\"333\" srcset=\"https:\/\/revistazetta.com\/wp-content\/uploads\/2023\/02\/AZ-Rey-3-500x333.jpg 500w, https:\/\/revistazetta.com\/wp-content\/uploads\/2023\/02\/AZ-Rey-3-1024x683.jpg 1024w, https:\/\/revistazetta.com\/wp-content\/uploads\/2023\/02\/AZ-Rey-3-243x162.jpg 243w, https:\/\/revistazetta.com\/wp-content\/uploads\/2023\/02\/AZ-Rey-3-1536x1024.jpg 1536w, https:\/\/revistazetta.com\/wp-content\/uploads\/2023\/02\/AZ-Rey-3-2048x1365.jpg 2048w\" sizes=\"auto, (max-width: 500px) 100vw, 500px\" \/> <img loading=\"lazy\" decoding=\"async\" class=\"alignnone size-medium wp-image-49072\" src=\"https:\/\/revistazetta.com\/wp-content\/uploads\/2023\/02\/AZ-Rey-2-500x333.jpg\" alt=\"\" width=\"500\" height=\"333\" srcset=\"https:\/\/revistazetta.com\/wp-content\/uploads\/2023\/02\/AZ-Rey-2-500x333.jpg 500w, https:\/\/revistazetta.com\/wp-content\/uploads\/2023\/02\/AZ-Rey-2-1024x683.jpg 1024w, https:\/\/revistazetta.com\/wp-content\/uploads\/2023\/02\/AZ-Rey-2-243x162.jpg 243w, https:\/\/revistazetta.com\/wp-content\/uploads\/2023\/02\/AZ-Rey-2-1536x1024.jpg 1536w, https:\/\/revistazetta.com\/wp-content\/uploads\/2023\/02\/AZ-Rey-2-2048x1365.jpg 2048w\" sizes=\"auto, (max-width: 500px) 100vw, 500px\" \/><\/p>\n","protected":false},"excerpt":{"rendered":"<p>Cartagena de Indias, 26 de febrero de 2023.- A las 8 de la ma\u00f1ana del 29 de octubre de 2022, cuando apenas se abr\u00eda el calendario electoral, Reynaldo Tovar estaba en la puerta de la Registradur\u00eda con todos sus documentos listos para registrar el grupo significativo de ciudadanos \u00abCartagena Cuenta Conmigo\u00bb. Se convirti\u00f3 en el primero en salir a las calles a recolectar firmas en su pretensi\u00f3n de ser alcalde de Cartagena, y el primero, tambi\u00e9n, en recibir autorizaci\u00f3n de la autoridad electoral para el empleo de sus logos de&#8230; <\/p>\n","protected":false},"author":3,"featured_media":49070,"comment_status":"closed","ping_status":"closed","sticky":false,"template":"","format":"standard","meta":{"footnotes":"","_links_to":"","_links_to_target":""},"categories":[1450,1344],"tags":[1533,549,285,115,1436],"class_list":["post-49069","post","type-post","status-publish","format-standard","has-post-thumbnail","hentry","category-parasladers","category-de-la-a-a-la-zetta","tag-cartagena-cuenta-conmigo","tag-de-la-a-a-la-zetta","tag-destacada","tag-john-zamora","tag-reynaldo-tovar"],"_links":{"self":[{"href":"https:\/\/revistazetta.com\/index.php?rest_route=\/wp\/v2\/posts\/49069","targetHints":{"allow":["GET"]}}],"collection":[{"href":"https:\/\/revistazetta.com\/index.php?rest_route=\/wp\/v2\/posts"}],"about":[{"href":"https:\/\/revistazetta.com\/index.php?rest_route=\/wp\/v2\/types\/post"}],"author":[{"embeddable":true,"href":"https:\/\/revistazetta.com\/index.php?rest_route=\/wp\/v2\/users\/3"}],"replies":[{"embeddable":true,"href":"https:\/\/revistazetta.com\/index.php?rest_route=%2Fwp%2Fv2%2Fcomments&post=49069"}],"version-history":[{"count":0,"href":"https:\/\/revistazetta.com\/index.php?rest_route=\/wp\/v2\/posts\/49069\/revisions"}],"wp:featuredmedia":[{"embeddable":true,"href":"https:\/\/revistazetta.com\/index.php?rest_route=\/wp\/v2\/media\/49070"}],"wp:attachment":[{"href":"https:\/\/revistazetta.com\/index.php?rest_route=%2Fwp%2Fv2%2Fmedia&parent=49069"}],"wp:term":[{"taxonomy":"category","embeddable":true,"href":"https:\/\/revistazetta.com\/index.php?rest_route=%2Fwp%2Fv2%2Fcategories&post=49069"},{"taxonomy":"post_tag","embeddable":true,"href":"https:\/\/revistazetta.com\/index.php?rest_route=%2Fwp%2Fv2%2Ftags&post=49069"}],"curies":[{"name":"wp","href":"https:\/\/api.w.org\/{rel}","templated":true}]}}