{"id":49115,"date":"2023-03-03T09:17:51","date_gmt":"2023-03-03T14:17:51","guid":{"rendered":"https:\/\/revistazetta.com\/?p=49115"},"modified":"2023-03-03T09:32:15","modified_gmt":"2023-03-03T14:32:15","slug":"pedro-ali-prende-la-maquina-y-pone-en-marcha-revolucion-comunitaria-en-magangue","status":"publish","type":"post","link":"https:\/\/revistazetta.com\/?p=49115","title":{"rendered":"Pedro Al\u00ed \u00abprende la m\u00e1quina\u00bb y pone en marcha Revoluci\u00f3n Comunitaria en Magangu\u00e9"},"content":{"rendered":"<p><strong>Magangu\u00e9, 3 de marzo de 2023.-<\/strong> Las voces en las calles de este puerto fluvial repiten el mismo interrogante: \u00bfVolver\u00e1 Pedro Al\u00ed a aspirar a la Alcald\u00eda?<\/p>\n<p>La inquietud se incrementa por la cita colectiva prevista para este viernes, en la cancha N\u00e1poles del tradicional barrio Versalles, para \u00abprender la m\u00e1quina\u00bb del movimiento \u00abRevoluci\u00f3n Comunitaria\u00bb, que ser\u00eda la plataforma para recoger firmas e impulsar una lista para el Concejo de Magangu\u00e9 y, probablemente tambi\u00e9n, una candidatura a la Alcald\u00eda.<\/p>\n<p>Pedro Al\u00ed public\u00f3 un video corto de un hombre que acciona el mecanismo para encender un \u00abtrompo\u00bb, la m\u00e1quina mezcladora de cemento que sirve para la pavimentaci\u00f3n de v\u00edas y un r\u00f3tulo que dice: \u00abCalentando Motores\u00bb.<\/p>\n<p><iframe loading=\"lazy\" style=\"border: none; overflow: hidden;\" src=\"https:\/\/www.facebook.com\/plugins\/video.php?height=476&amp;href=https%3A%2F%2Fwww.facebook.com%2Frodolfozvesga%2Fvideos%2F2326678117512864%2F&amp;show_text=false&amp;width=269&amp;t=0\" width=\"269\" height=\"476\" frameborder=\"0\" scrolling=\"no\" allowfullscreen=\"allowfullscreen\"><\/iframe><\/p>\n<p>En su cuenta de Facebook tambi\u00e9n ha publicado fotograf\u00edas y otros mensajes cortos como este:<\/p>\n<p><span style=\"color: #0000ff;\"><em>\u00abNos vemos en Versalles el viernes, uno de los barrios en donde se pavimentaron en su administraci\u00f3n un n\u00famero significativo de calles con el programa La Revoluci\u00f3n del Pavimento\u00bb.<\/em><\/span><\/p>\n<p><span style=\"color: #0000ff;\"><em>\u00abEn Magangue empezamos la ejecuci\u00f3n de obras con participaci\u00f3n Comunitaria y la intervenci\u00f3n directa de las JAC hace 7 a\u00f1os, hoy somos ejemplo nacional de lo que realmente es la democracia participativa que VIVA LA REVOLUCI\u00d3N COMUNITARIA\u00bb.<\/em><\/span><\/p>\n<p><strong>El panorama ha cambiado<\/strong><\/p>\n<p>En septiembre de 2022, el contexto pol\u00edtico era diferente al de ahora en marzo de 2023. Hace seis meses se hablaba de la posibilidad de una candidatura a la Gobernaci\u00f3n de Pedro Al\u00ed, y se hizo popular esta fotograf\u00eda:<\/p>\n<p><img loading=\"lazy\" decoding=\"async\" class=\"alignnone size-medium wp-image-49120\" src=\"https:\/\/revistazetta.com\/wp-content\/uploads\/2023\/03\/Pedro-Ali-5-255x333.jpeg\" alt=\"\" width=\"255\" height=\"333\" srcset=\"https:\/\/revistazetta.com\/wp-content\/uploads\/2023\/03\/Pedro-Ali-5-255x333.jpeg 255w, https:\/\/revistazetta.com\/wp-content\/uploads\/2023\/03\/Pedro-Ali-5-124x162.jpeg 124w, https:\/\/revistazetta.com\/wp-content\/uploads\/2023\/03\/Pedro-Ali-5.jpeg 735w\" sizes=\"auto, (max-width: 255px) 100vw, 255px\" \/><\/p>\n<p>No obstante, en diciembre se conoci\u00f3 la renuncia den Yamilito Arana como representante a la C\u00e1mara, para no inhabilitarse y poder ser candidato a la Gobernaci\u00f3n por el partido Conservador, un proyecto pol\u00edtico de mucha fuerza.<\/p>\n<p>Aunque en las elecciones de hace cuatro a\u00f1os hubo un notorio enfrentamiento entre los grupos de Arana y Al\u00ed en Magangu\u00e9, las nuevas circunstancias los hacen probables aliados, quedando dos caminos que no se cruzan; el de Yamilito a la Gobernaci\u00f3n y el de Al\u00ed a la Alcald\u00eda de Magangu\u00e9.<\/p>\n<p>Revista Zetta tiene un mes completo de estar llamando casi a diario y escribi\u00e9ndole al dirigente Pedro Al\u00ed, para disipar inquietudes, pero no se ha obtenido respuesta. Estaremos atentos a lo que suceda en Versalles.<\/p>\n<div class=\"x11i5rnm xat24cr x1mh8g0r x1vvkbs xtlvy1s x126k92a\">\n<div dir=\"auto\"><img loading=\"lazy\" decoding=\"async\" class=\"alignnone size-medium wp-image-49116\" src=\"https:\/\/revistazetta.com\/wp-content\/uploads\/2023\/03\/Pedro-Ali-1-348x333.jpeg\" alt=\"\" width=\"348\" height=\"333\" srcset=\"https:\/\/revistazetta.com\/wp-content\/uploads\/2023\/03\/Pedro-Ali-1-348x333.jpeg 348w, https:\/\/revistazetta.com\/wp-content\/uploads\/2023\/03\/Pedro-Ali-1-169x162.jpeg 169w, https:\/\/revistazetta.com\/wp-content\/uploads\/2023\/03\/Pedro-Ali-1.jpeg 960w\" sizes=\"auto, (max-width: 348px) 100vw, 348px\" \/><\/div>\n<div dir=\"auto\"><img loading=\"lazy\" decoding=\"async\" class=\"alignnone size-medium wp-image-49117\" src=\"https:\/\/revistazetta.com\/wp-content\/uploads\/2023\/03\/Pedro-Ali-2-187x333.jpeg\" alt=\"\" width=\"187\" height=\"333\" srcset=\"https:\/\/revistazetta.com\/wp-content\/uploads\/2023\/03\/Pedro-Ali-2-187x333.jpeg 187w, https:\/\/revistazetta.com\/wp-content\/uploads\/2023\/03\/Pedro-Ali-2-91x162.jpeg 91w, https:\/\/revistazetta.com\/wp-content\/uploads\/2023\/03\/Pedro-Ali-2.jpeg 540w\" sizes=\"auto, (max-width: 187px) 100vw, 187px\" \/><\/div>\n<div dir=\"auto\"><img loading=\"lazy\" decoding=\"async\" class=\"alignnone size-medium wp-image-49118\" src=\"https:\/\/revistazetta.com\/wp-content\/uploads\/2023\/03\/Pedro-Ali-3-500x283.jpeg\" alt=\"\" width=\"500\" height=\"283\" srcset=\"https:\/\/revistazetta.com\/wp-content\/uploads\/2023\/03\/Pedro-Ali-3-500x283.jpeg 500w, https:\/\/revistazetta.com\/wp-content\/uploads\/2023\/03\/Pedro-Ali-3-250x142.jpeg 250w, https:\/\/revistazetta.com\/wp-content\/uploads\/2023\/03\/Pedro-Ali-3.jpeg 960w\" sizes=\"auto, (max-width: 500px) 100vw, 500px\" \/><\/div>\n<div dir=\"auto\"><img loading=\"lazy\" decoding=\"async\" class=\"alignnone size-medium wp-image-49119\" src=\"https:\/\/revistazetta.com\/wp-content\/uploads\/2023\/03\/Pedro-ali-4-217x333.jpeg\" alt=\"\" width=\"217\" height=\"333\" srcset=\"https:\/\/revistazetta.com\/wp-content\/uploads\/2023\/03\/Pedro-ali-4-217x333.jpeg 217w, https:\/\/revistazetta.com\/wp-content\/uploads\/2023\/03\/Pedro-ali-4-105x162.jpeg 105w, https:\/\/revistazetta.com\/wp-content\/uploads\/2023\/03\/Pedro-ali-4.jpeg 625w\" sizes=\"auto, (max-width: 217px) 100vw, 217px\" \/><\/div>\n<div dir=\"auto\"><\/div>\n<\/div>\n","protected":false},"excerpt":{"rendered":"<p>Magangu\u00e9, 3 de marzo de 2023.- Las voces en las calles de este puerto fluvial repiten el mismo interrogante: \u00bfVolver\u00e1 Pedro Al\u00ed a aspirar a la Alcald\u00eda? La inquietud se incrementa por la cita colectiva prevista para este viernes, en la cancha N\u00e1poles del tradicional barrio Versalles, para \u00abprender la m\u00e1quina\u00bb del movimiento \u00abRevoluci\u00f3n Comunitaria\u00bb, que ser\u00eda la plataforma para recoger firmas e impulsar una lista para el Concejo de Magangu\u00e9 y, probablemente tambi\u00e9n, una candidatura a la Alcald\u00eda. Pedro Al\u00ed public\u00f3 un video corto de un hombre que acciona&#8230; <\/p>\n","protected":false},"author":3,"featured_media":49123,"comment_status":"closed","ping_status":"closed","sticky":false,"template":"","format":"standard","meta":{"footnotes":"","_links_to":"","_links_to_target":""},"categories":[1450,1440,4],"tags":[285,983,635,364,298],"class_list":["post-49115","post","type-post","status-publish","format-standard","has-post-thumbnail","hentry","category-parasladers","category-elecciones-2023-politica","category-politica","tag-destacada","tag-elecciones-2023","tag-magangue","tag-pedro-ali","tag-politica"],"_links":{"self":[{"href":"https:\/\/revistazetta.com\/index.php?rest_route=\/wp\/v2\/posts\/49115","targetHints":{"allow":["GET"]}}],"collection":[{"href":"https:\/\/revistazetta.com\/index.php?rest_route=\/wp\/v2\/posts"}],"about":[{"href":"https:\/\/revistazetta.com\/index.php?rest_route=\/wp\/v2\/types\/post"}],"author":[{"embeddable":true,"href":"https:\/\/revistazetta.com\/index.php?rest_route=\/wp\/v2\/users\/3"}],"replies":[{"embeddable":true,"href":"https:\/\/revistazetta.com\/index.php?rest_route=%2Fwp%2Fv2%2Fcomments&post=49115"}],"version-history":[{"count":0,"href":"https:\/\/revistazetta.com\/index.php?rest_route=\/wp\/v2\/posts\/49115\/revisions"}],"wp:featuredmedia":[{"embeddable":true,"href":"https:\/\/revistazetta.com\/index.php?rest_route=\/wp\/v2\/media\/49123"}],"wp:attachment":[{"href":"https:\/\/revistazetta.com\/index.php?rest_route=%2Fwp%2Fv2%2Fmedia&parent=49115"}],"wp:term":[{"taxonomy":"category","embeddable":true,"href":"https:\/\/revistazetta.com\/index.php?rest_route=%2Fwp%2Fv2%2Fcategories&post=49115"},{"taxonomy":"post_tag","embeddable":true,"href":"https:\/\/revistazetta.com\/index.php?rest_route=%2Fwp%2Fv2%2Ftags&post=49115"}],"curies":[{"name":"wp","href":"https:\/\/api.w.org\/{rel}","templated":true}]}}