{"id":49133,"date":"2023-03-04T10:50:05","date_gmt":"2023-03-04T15:50:05","guid":{"rendered":"https:\/\/revistazetta.com\/?p=49133"},"modified":"2023-03-04T10:50:05","modified_gmt":"2023-03-04T15:50:05","slug":"formula-arana-ali-sale-a-plaza-publica-en-magangue","status":"publish","type":"post","link":"https:\/\/revistazetta.com\/?p=49133","title":{"rendered":"F\u00f3rmula Arana-Al\u00ed sale a plaza p\u00fablica en Magangu\u00e9"},"content":{"rendered":"<p><strong>Magangu\u00e9, 4 de marzo de 2023.-<\/strong> Los tiempos cambian y hechos que antes se consideraban improbables, ahora son palpables, y con mayor significado en plaza p\u00fablica, como el abrazo de dos alfiles de tradicionales casas pol\u00edticas de esta regi\u00f3n: Yamilito Arana y Pedro Al\u00ed Al\u00ed.<\/p>\n<p>Los dirigentes compartieron tarima en la cancha N\u00e1poles del popular barrio Versalles, que se llen\u00f3 de seguidores en la presentaci\u00f3n del movimiento \u00abRevoluci\u00f3n Comunitaria\u00bb, que impulsar\u00e1 la recolecci\u00f3n de firmas para llevar una corpulenta lista al Concejo de Magangu\u00e9, donde se tienen 17 esca\u00f1os.<\/p>\n<p>Yamilito Arana renunci\u00f3 en diciembre pasado a su curul en la C\u00e1mara de Representantes, y ser\u00e1 candidato a la Gobernaci\u00f3n de Bol\u00edvar avalado por el partido Conservador, mientras que Pedro Al\u00ed se tiene como s\u00f3lida opci\u00f3n para encabezar un proceso a la Alcald\u00eda de Magangu\u00e9, donde estuvo hace cuatro a\u00f1os.<\/p>\n<p>Pedro Al\u00ed public\u00f3 en su cuenta de Facebook un mosaico de fotograf\u00edas, acompa\u00f1ado por la leyenda: \u00abSin palabras\u00bb.<\/p>\n<p><img loading=\"lazy\" decoding=\"async\" class=\"alignnone size-medium wp-image-49134\" src=\"https:\/\/revistazetta.com\/wp-content\/uploads\/2023\/03\/Ali-noche-1-333x333.jpeg\" alt=\"\" width=\"333\" height=\"333\" srcset=\"https:\/\/revistazetta.com\/wp-content\/uploads\/2023\/03\/Ali-noche-1-333x333.jpeg 333w, https:\/\/revistazetta.com\/wp-content\/uploads\/2023\/03\/Ali-noche-1-162x162.jpeg 162w, https:\/\/revistazetta.com\/wp-content\/uploads\/2023\/03\/Ali-noche-1.jpeg 960w\" sizes=\"auto, (max-width: 333px) 100vw, 333px\" \/><\/p>\n<p>Yamilito Arana tambi\u00e9n coste\u00f3 y subi\u00f3 esta imagen en sus historias:<\/p>\n<p><img loading=\"lazy\" decoding=\"async\" class=\"alignnone size-medium wp-image-49136\" src=\"https:\/\/revistazetta.com\/wp-content\/uploads\/2023\/03\/IMG_6479-194x333.jpg\" alt=\"\" width=\"194\" height=\"333\" srcset=\"https:\/\/revistazetta.com\/wp-content\/uploads\/2023\/03\/IMG_6479-194x333.jpg 194w, https:\/\/revistazetta.com\/wp-content\/uploads\/2023\/03\/IMG_6479-595x1024.jpg 595w, https:\/\/revistazetta.com\/wp-content\/uploads\/2023\/03\/IMG_6479-94x162.jpg 94w, https:\/\/revistazetta.com\/wp-content\/uploads\/2023\/03\/IMG_6479-893x1536.jpg 893w, https:\/\/revistazetta.com\/wp-content\/uploads\/2023\/03\/IMG_6479.jpg 1125w\" sizes=\"auto, (max-width: 194px) 100vw, 194px\" \/><\/p>\n<p>&nbsp;<\/p>\n","protected":false},"excerpt":{"rendered":"<p>Magangu\u00e9, 4 de marzo de 2023.- Los tiempos cambian y hechos que antes se consideraban improbables, ahora son palpables, y con mayor significado en plaza p\u00fablica, como el abrazo de dos alfiles de tradicionales casas pol\u00edticas de esta regi\u00f3n: Yamilito Arana y Pedro Al\u00ed Al\u00ed. Los dirigentes compartieron tarima en la cancha N\u00e1poles del popular barrio Versalles, que se llen\u00f3 de seguidores en la presentaci\u00f3n del movimiento \u00abRevoluci\u00f3n Comunitaria\u00bb, que impulsar\u00e1 la recolecci\u00f3n de firmas para llevar una corpulenta lista al Concejo de Magangu\u00e9, donde se tienen 17 esca\u00f1os. Yamilito&#8230; <\/p>\n","protected":false},"author":3,"featured_media":49137,"comment_status":"closed","ping_status":"closed","sticky":false,"template":"","format":"standard","meta":{"footnotes":"","_links_to":"","_links_to_target":""},"categories":[1450,1440,4],"tags":[285,983,635,364,298,247],"class_list":["post-49133","post","type-post","status-publish","format-standard","has-post-thumbnail","hentry","category-parasladers","category-elecciones-2023-politica","category-politica","tag-destacada","tag-elecciones-2023","tag-magangue","tag-pedro-ali","tag-politica","tag-yamilito-arana"],"_links":{"self":[{"href":"https:\/\/revistazetta.com\/index.php?rest_route=\/wp\/v2\/posts\/49133","targetHints":{"allow":["GET"]}}],"collection":[{"href":"https:\/\/revistazetta.com\/index.php?rest_route=\/wp\/v2\/posts"}],"about":[{"href":"https:\/\/revistazetta.com\/index.php?rest_route=\/wp\/v2\/types\/post"}],"author":[{"embeddable":true,"href":"https:\/\/revistazetta.com\/index.php?rest_route=\/wp\/v2\/users\/3"}],"replies":[{"embeddable":true,"href":"https:\/\/revistazetta.com\/index.php?rest_route=%2Fwp%2Fv2%2Fcomments&post=49133"}],"version-history":[{"count":0,"href":"https:\/\/revistazetta.com\/index.php?rest_route=\/wp\/v2\/posts\/49133\/revisions"}],"wp:featuredmedia":[{"embeddable":true,"href":"https:\/\/revistazetta.com\/index.php?rest_route=\/wp\/v2\/media\/49137"}],"wp:attachment":[{"href":"https:\/\/revistazetta.com\/index.php?rest_route=%2Fwp%2Fv2%2Fmedia&parent=49133"}],"wp:term":[{"taxonomy":"category","embeddable":true,"href":"https:\/\/revistazetta.com\/index.php?rest_route=%2Fwp%2Fv2%2Fcategories&post=49133"},{"taxonomy":"post_tag","embeddable":true,"href":"https:\/\/revistazetta.com\/index.php?rest_route=%2Fwp%2Fv2%2Ftags&post=49133"}],"curies":[{"name":"wp","href":"https:\/\/api.w.org\/{rel}","templated":true}]}}