{"id":49216,"date":"2023-03-09T15:24:17","date_gmt":"2023-03-09T20:24:17","guid":{"rendered":"https:\/\/revistazetta.com\/?p=49216"},"modified":"2023-03-09T15:24:17","modified_gmt":"2023-03-09T20:24:17","slug":"mister-carvajalino-con-permiso-en-colombiaton-y-presente-en-el-dia-de-la-mujer","status":"publish","type":"post","link":"https:\/\/revistazetta.com\/?p=49216","title":{"rendered":"M\u00edster Carvajalino: Con permiso en Colombiat\u00f3n y presente en el D\u00eda de la Mujer"},"content":{"rendered":"<p><strong>Cartagena de Indias, 9 de marzo de 2023.-<\/strong> La campa\u00f1a de recolecci\u00f3n de firmas del grupo significativo de ciudadanos \u00abPor una Cartagena en paz\u00bb, que impulsa la aspiraci\u00f3n del empresario, l\u00edder c\u00edvico y educador Luis Carvajalino a la Alcald\u00eda de Cartagena, tuvo dos cotas de may\u00fascula importancia en los \u00faltimos d\u00edas: el masivo permiso que le dieron en Colombiat\u00f3n, y el trascendental mensaje en el D\u00eda Internacional de la Mujer.<\/p>\n<p><strong>Permiso en Colombiat\u00f3n<\/strong><\/p>\n<p>En una reuni\u00f3n masiva de m\u00e1s de 2.100 personas en barrio Colombiat\u00f3n de Cartagena, Mister Carvajalino, precandidato a la alcald\u00eda de Cartagena por el movimiento significativo de ciudadanos \u2018Por una Cartagena en paz\u2019, tuvo la oportunidad de seguir pidiendo permiso bajo su lema de salir a reconstruir, fortalecer y transformar la ciudad que necesita volver a so\u00f1ar.<\/p>\n<p>\u00ab\u00a1Tiene permiso, tiene permiso!\u00bb fue el coro con el que la muchedumbre contest\u00f3 su c\u00edvica solicitud.<\/p>\n<p><strong>Mensaje a las mujeres<\/strong><\/p>\n<p>En celebraci\u00f3n del Dia Internacional de la Mujer, el empresario, educador y l\u00edder c\u00edvico Luis Manuel Carvajalino envi\u00f3 un mensaje de agradecimiento y resaltando que ellas tambi\u00e9n son las forjadores y constructoras de ese mundo nuevo.<\/p>\n<p>Con su lema \u201cprimero la mujer, segundo la mujer, tercero la mujer, y por encima de la mujer, la mujer\u00bb, brinda un mensaje para que sigamos luchando por sus derechos y libertades.<\/p>\n","protected":false},"excerpt":{"rendered":"<p>Cartagena de Indias, 9 de marzo de 2023.- La campa\u00f1a de recolecci\u00f3n de firmas del grupo significativo de ciudadanos \u00abPor una Cartagena en paz\u00bb, que impulsa la aspiraci\u00f3n del empresario, l\u00edder c\u00edvico y educador Luis Carvajalino a la Alcald\u00eda de Cartagena, tuvo dos cotas de may\u00fascula importancia en los \u00faltimos d\u00edas: el masivo permiso que le dieron en Colombiat\u00f3n, y el trascendental mensaje en el D\u00eda Internacional de la Mujer. Permiso en Colombiat\u00f3n En una reuni\u00f3n masiva de m\u00e1s de 2.100 personas en barrio Colombiat\u00f3n de Cartagena, Mister Carvajalino, precandidato&#8230; <\/p>\n","protected":false},"author":3,"featured_media":49217,"comment_status":"closed","ping_status":"closed","sticky":false,"template":"","format":"standard","meta":{"footnotes":"","_links_to":"","_links_to_target":""},"categories":[4,1440],"tags":[],"class_list":["post-49216","post","type-post","status-publish","format-standard","has-post-thumbnail","hentry","category-politica","category-elecciones-2023-politica"],"_links":{"self":[{"href":"https:\/\/revistazetta.com\/index.php?rest_route=\/wp\/v2\/posts\/49216","targetHints":{"allow":["GET"]}}],"collection":[{"href":"https:\/\/revistazetta.com\/index.php?rest_route=\/wp\/v2\/posts"}],"about":[{"href":"https:\/\/revistazetta.com\/index.php?rest_route=\/wp\/v2\/types\/post"}],"author":[{"embeddable":true,"href":"https:\/\/revistazetta.com\/index.php?rest_route=\/wp\/v2\/users\/3"}],"replies":[{"embeddable":true,"href":"https:\/\/revistazetta.com\/index.php?rest_route=%2Fwp%2Fv2%2Fcomments&post=49216"}],"version-history":[{"count":0,"href":"https:\/\/revistazetta.com\/index.php?rest_route=\/wp\/v2\/posts\/49216\/revisions"}],"wp:featuredmedia":[{"embeddable":true,"href":"https:\/\/revistazetta.com\/index.php?rest_route=\/wp\/v2\/media\/49217"}],"wp:attachment":[{"href":"https:\/\/revistazetta.com\/index.php?rest_route=%2Fwp%2Fv2%2Fmedia&parent=49216"}],"wp:term":[{"taxonomy":"category","embeddable":true,"href":"https:\/\/revistazetta.com\/index.php?rest_route=%2Fwp%2Fv2%2Fcategories&post=49216"},{"taxonomy":"post_tag","embeddable":true,"href":"https:\/\/revistazetta.com\/index.php?rest_route=%2Fwp%2Fv2%2Ftags&post=49216"}],"curies":[{"name":"wp","href":"https:\/\/api.w.org\/{rel}","templated":true}]}}