{"id":49232,"date":"2023-03-12T10:33:41","date_gmt":"2023-03-12T15:33:41","guid":{"rendered":"https:\/\/revistazetta.com\/?p=49232"},"modified":"2023-03-12T10:36:00","modified_gmt":"2023-03-12T15:36:00","slug":"dumek-turbay-garcia-tirado-pedrito-pereira-y-el-sindrome-de-hubris-opinion-de-alvaro-royo-desde-xiamen","status":"publish","type":"post","link":"https:\/\/revistazetta.com\/?p=49232","title":{"rendered":"Dumek Turbay, Garc\u00eda Tirado, Pedrito Pereira y el s\u00edndrome de Hubris &#8211; Opini\u00f3n de \u00c1lvaro Royo desde Xiamen"},"content":{"rendered":"<p><strong><span style=\"color: #000080;\">Por \u00c1lvaro Royo B\u00e1rcenas (Especial para Revista Zetta).-<\/span> (<span style=\"color: #008000;\">Xiamen &#8211; China).- 12 de marzo de 2023.-\u00a0<\/span><\/strong>Hay pol\u00edticos que son como ciertas especies de dinosaurios, que se niegan a desaparecer,<span class=\"Apple-converted-space\">\u00a0<\/span>no es suficiente que les caiga uno, sino quiz\u00e1s necesitan de 30 asteroides para poder provocar su extinci\u00f3n, y a estas alturas cuando la pol\u00edtica ha evolucionado a otros niveles, cuando todo ha cambiado,<span class=\"Apple-converted-space\">\u00a0<\/span>son como las cabinas de los tel\u00e9fonos p\u00fablicos que ya nadie las quiere,<span class=\"Apple-converted-space\">\u00a0<\/span>que estorban en el paisaje y de vez en cuando ocasionan uno que otro tropez\u00f3n o accidente.<\/p>\n<p>Entienden Roy Barreras y Juan Fernando Cristo que esto de ser pol\u00edtico, o politiquero, y tener varias guillotinas pendiendo sobre tu cabeza puede convertirse en algo normal, enti\u00e9ndase por guillotinas como las investigaciones de la Fiscal\u00eda, Corte Suprema, Procuradur\u00eda, Contralor\u00eda, etc\u00e9tera, se vuelve algo del d\u00eda a d\u00eda para ellos, y no se sabe si es porque son tantas, o porque ya les da igual que existan o no, y tampoco se molestan por saber si tienen fundamento estas o no, al carajo con eso, si eres pol\u00edtico, o politiquero, que puede ser lo mismo en muchos casos, tienes investigaciones porque es as\u00ed y punto.<\/p>\n<p><img loading=\"lazy\" decoding=\"async\" class=\"alignnone size-medium wp-image-49234\" src=\"https:\/\/revistazetta.com\/wp-content\/uploads\/2023\/03\/1-500x313.jpg\" alt=\"\" width=\"500\" height=\"313\" srcset=\"https:\/\/revistazetta.com\/wp-content\/uploads\/2023\/03\/1-500x313.jpg 500w, https:\/\/revistazetta.com\/wp-content\/uploads\/2023\/03\/1-250x156.jpg 250w, https:\/\/revistazetta.com\/wp-content\/uploads\/2023\/03\/1.jpg 750w\" sizes=\"auto, (max-width: 500px) 100vw, 500px\" \/><\/p>\n<p>Es la lectura que yo hago para poder entender por qu\u00e9 estos dos respetables y muy cuestionados caballeros le dan el aval al que ellos piensan es el m\u00e1s indicado para dirigir<span class=\"Apple-converted-space\">\u00a0<\/span>a Cartagena por los pr\u00f3ximos 4 a\u00f1os, y que aplique en su gobierno, ni m\u00e1s faltaba, pues la misma receta que se le ha venido aplicando a la ciudad desde hace m\u00e1s de 30 a\u00f1os y que la ha llevado al desafortunado estado en que se encuentra hoy.<\/p>\n<p>No pod\u00eda contar Cartagena con mejor suerte, conspiran los pol\u00edticos a nivel nacional para entregarles la cabeza de la ciudad en bandeja a los pol\u00edticos locales m\u00e1s cuestionados, esto, si no fuera cierto, si no lo estuvi\u00e9ramos viviendo, fuera un chiste de mal gusto, pero es real y ya se convierte en una tragedia y un mal sue\u00f1o del que parece que nunca vamos a despertar, pell\u00edzquenme para saber si estoy so\u00f1ando o no.<\/p>\n<p><img loading=\"lazy\" decoding=\"async\" class=\"alignnone size-medium wp-image-49235\" src=\"https:\/\/revistazetta.com\/wp-content\/uploads\/2023\/03\/2-500x333.jpg\" alt=\"\" width=\"500\" height=\"333\" srcset=\"https:\/\/revistazetta.com\/wp-content\/uploads\/2023\/03\/2-500x333.jpg 500w, https:\/\/revistazetta.com\/wp-content\/uploads\/2023\/03\/2-243x162.jpg 243w, https:\/\/revistazetta.com\/wp-content\/uploads\/2023\/03\/2.jpg 770w\" sizes=\"auto, (max-width: 500px) 100vw, 500px\" \/><\/p>\n<p>No encontraba yo explicaci\u00f3n a la manera de actuar de ciertos pol\u00edticos locales y buscando en la literatura m\u00e9dica me encontr\u00e9 con un t\u00e9rmino que hasta ese momento era desconocido para m\u00ed y es el s\u00edndrome de Hubris<\/p>\n<p>Cito textualmente lo que me encontr\u00e9: <b>El \u00abS\u00edndrome de Hubris\u00bb es un\u00a0trastorno que se caracteriza por generar un ego desmedido, un enfoque personal exagerado, aparici\u00f3n de excentricidades y desprecio hacia las opiniones de los dem\u00e1s.<\/b><\/p>\n<p>Que no haya detectado el se\u00f1or Dumek Turbay el desprecio que mostr\u00f3 Cartagena a la clase pol\u00edtica a la que \u00e9l pertenece el 29 de octubre del 2019 y que aun as\u00ed ignore y desprecie la decisi\u00f3n de m\u00e1s de 100 mil personas que votaron en contra de lo que \u00e9l representa, en mi opini\u00f3n es un candidato fuerte, no para ser alcalde, si no para ser diagnosticado con el s\u00edndrome de Hubris, tiene la pinta por como habla, ignora a todos y se expone con su nueva aventura electoral a que le caigan encima los 30 asteroides que penden sobre su cabeza y que esos si provocar\u00edan su extinci\u00f3n definitiva.<\/p>\n<p><img loading=\"lazy\" decoding=\"async\" class=\"alignnone size-medium wp-image-49236\" src=\"https:\/\/revistazetta.com\/wp-content\/uploads\/2023\/03\/3-500x304.png\" alt=\"\" width=\"500\" height=\"304\" srcset=\"https:\/\/revistazetta.com\/wp-content\/uploads\/2023\/03\/3-500x304.png 500w, https:\/\/revistazetta.com\/wp-content\/uploads\/2023\/03\/3-250x152.png 250w, https:\/\/revistazetta.com\/wp-content\/uploads\/2023\/03\/3.png 700w\" sizes=\"auto, (max-width: 500px) 100vw, 500px\" \/><\/p>\n<p>Pasando al se\u00f1or Pedrito Pereira Caballero, otro que en los d\u00edas finales de su administraci\u00f3n en el 2019 a la cual llego en paraca\u00eddas y no por voto popular, mostr\u00f3 evidencia irrefutable de ser portador del s\u00edndrome de Hurbris tambi\u00e9n, porque en contra del Concejo, de la ley, de la ciudad y al mismo tiempo mostrando desprecio por todos los ciudadanos, firm\u00f3 el contrato para regalarle a la ciudad 30 a\u00f1os m\u00e1s de peajes urbanos, la \u00fanica justificaci\u00f3n era la creaci\u00f3n de 5 mil empleos en 30 a\u00f1os para construirle una obra a un privado y poner al eslab\u00f3n m\u00e1s d\u00e9bil de la cadena, la gente, a pagar una obra de infraestructura y hacerle el negocio a sus amigotes de KMA.<span class=\"Apple-converted-space\">\u00a0<\/span><\/p>\n<p>Ahora con la adhesi\u00f3n de Pedrito a la campa\u00f1a para la alcald\u00eda de Dumek podemos adivinar que los peajes van a volver, en contra de todos porque los individuos con el s\u00edndrome de Hubris se comportan as\u00ed, ignoran todas las alertas y se pasan por el forro todas las l\u00edneas rojas.<\/p>\n<p><img loading=\"lazy\" decoding=\"async\" class=\"alignnone size-medium wp-image-49237\" src=\"https:\/\/revistazetta.com\/wp-content\/uploads\/2023\/03\/4-1-426x333.jpg\" alt=\"\" width=\"426\" height=\"333\" srcset=\"https:\/\/revistazetta.com\/wp-content\/uploads\/2023\/03\/4-1-426x333.jpg 426w, https:\/\/revistazetta.com\/wp-content\/uploads\/2023\/03\/4-1-207x162.jpg 207w, https:\/\/revistazetta.com\/wp-content\/uploads\/2023\/03\/4-1.jpg 895w\" sizes=\"auto, (max-width: 426px) 100vw, 426px\" \/><\/p>\n<p>Y luego tenemos al obstinado William Garc\u00eda Tirado, que no pudo ganar en el 2019 con el aval de varios partidos y con toda la clase pol\u00edtica de Cartagena a su favor, ahora pretende mostrar una independencia inexistente recogiendo firmas para tratar de buscar su tercer nocaut, no aprenden, no conocen el desprecio, son como las que las est\u00e1n barriendo y se est\u00e1n subiendo por la escoba, si esto no es ego desmedido, enfoque personal exagerado y desprecio hacia las opiniones de los dem\u00e1s que es?<\/p>\n<p>Yo aqu\u00ed especulando un poco, a futuro se puede ver a un Garc\u00eda Tirado mostrando m\u00fasculo para luego en alg\u00fan momento de la campa\u00f1a caer rendido en los brazos de Dumek, en los tales acuerdos program\u00e1ticos que no es m\u00e1s que la repartija del presupuesto p\u00fablico, ya con Pedrito se puso de acuerdo y como dice el sabio refr\u00e1n que Dios los cr\u00eda y el diablo los junta. Ser\u00eda fenomenal ver a esos tres dinosaurios, a esos tres fant\u00e1sticos pol\u00edticos del siglo pasado tratando de resolver problemas del siglo XXl.<span class=\"Apple-converted-space\">\u00a0<\/span><\/p>\n<p>A estos 3 solo les hace falta la capa.<\/p>\n<p>Como siempre all\u00ed est\u00e1 mi email al pie de p\u00e1gina para los que quieran escribirme sus opiniones acerca del tema y con mucho gusto les responder\u00e9<\/p>\n<p><span style=\"color: #800000;\"><strong>\u00a1Un abrazo!<\/strong><\/span><\/p>\n<p><span style=\"color: #800000;\"><strong>\u00c1lvaro Royo B\u00e1rcenas<\/strong><\/span><\/p>\n<p>Xiamen-China<\/p>\n<p><a href=\"mailto:enchina@gmail.com\">enchina@gmail.com<\/a><\/p>\n<p>Twitter:\u00a0@Alvaro_E_Royo<\/p>\n<p>0086-13559231344<\/p>\n<p>&nbsp;<\/p>\n","protected":false},"excerpt":{"rendered":"<p>Por \u00c1lvaro Royo B\u00e1rcenas (Especial para Revista Zetta).- (Xiamen &#8211; China).- 12 de marzo de 2023.-\u00a0Hay pol\u00edticos que son como ciertas especies de dinosaurios, que se niegan a desaparecer,\u00a0no es suficiente que les caiga uno, sino quiz\u00e1s necesitan de 30 asteroides para poder provocar su extinci\u00f3n, y a estas alturas cuando la pol\u00edtica ha evolucionado a otros niveles, cuando todo ha cambiado,\u00a0son como las cabinas de los tel\u00e9fonos p\u00fablicos que ya nadie las quiere,\u00a0que estorban en el paisaje y de vez en cuando ocasionan uno que otro tropez\u00f3n o accidente&#8230;. <\/p>\n","protected":false},"author":3,"featured_media":49233,"comment_status":"closed","ping_status":"closed","sticky":false,"template":"","format":"standard","meta":{"footnotes":"","_links_to":"","_links_to_target":""},"categories":[1450,44,65],"tags":[377,550,285,74,288,289,228,1545],"class_list":["post-49232","post","type-post","status-publish","format-standard","has-post-thumbnail","hentry","category-parasladers","category-materiagris","category-opinion","tag-alvaro-royo","tag-china","tag-destacada","tag-dumek-turbay","tag-materia-gris","tag-opinion","tag-pedrito-pereira","tag-william-giarca-tirado"],"_links":{"self":[{"href":"https:\/\/revistazetta.com\/index.php?rest_route=\/wp\/v2\/posts\/49232","targetHints":{"allow":["GET"]}}],"collection":[{"href":"https:\/\/revistazetta.com\/index.php?rest_route=\/wp\/v2\/posts"}],"about":[{"href":"https:\/\/revistazetta.com\/index.php?rest_route=\/wp\/v2\/types\/post"}],"author":[{"embeddable":true,"href":"https:\/\/revistazetta.com\/index.php?rest_route=\/wp\/v2\/users\/3"}],"replies":[{"embeddable":true,"href":"https:\/\/revistazetta.com\/index.php?rest_route=%2Fwp%2Fv2%2Fcomments&post=49232"}],"version-history":[{"count":0,"href":"https:\/\/revistazetta.com\/index.php?rest_route=\/wp\/v2\/posts\/49232\/revisions"}],"wp:featuredmedia":[{"embeddable":true,"href":"https:\/\/revistazetta.com\/index.php?rest_route=\/wp\/v2\/media\/49233"}],"wp:attachment":[{"href":"https:\/\/revistazetta.com\/index.php?rest_route=%2Fwp%2Fv2%2Fmedia&parent=49232"}],"wp:term":[{"taxonomy":"category","embeddable":true,"href":"https:\/\/revistazetta.com\/index.php?rest_route=%2Fwp%2Fv2%2Fcategories&post=49232"},{"taxonomy":"post_tag","embeddable":true,"href":"https:\/\/revistazetta.com\/index.php?rest_route=%2Fwp%2Fv2%2Ftags&post=49232"}],"curies":[{"name":"wp","href":"https:\/\/api.w.org\/{rel}","templated":true}]}}