{"id":49261,"date":"2023-03-14T10:02:25","date_gmt":"2023-03-14T15:02:25","guid":{"rendered":"https:\/\/revistazetta.com\/?p=49261"},"modified":"2023-03-14T10:08:57","modified_gmt":"2023-03-14T15:08:57","slug":"49261","status":"publish","type":"post","link":"https:\/\/revistazetta.com\/?p=49261","title":{"rendered":"Dau se frota las manos: en 180 d\u00edas liquida contrato con Colcard y pone recaudador \u00abde bolsillo\u00bb"},"content":{"rendered":"<div><\/div>\n<div><strong>Cartagena de Indias, 14 de marzo de 2023.-<\/strong> Mientras los comunicados oficiales de Transcaribe y la Procuradur\u00eda dan cuenta de la reactivaci\u00f3n del recaudo, as\u00ed como la terminaci\u00f3n bilateral del contrato con Colcard, lo que no se registra es el ruido atronador de las negociaciones subterr\u00e1neas que enrarecen la llegada de un nuevo recaudador.<\/div>\n<div>En esos ruidos estar\u00eda envuelta una persona que gobern\u00f3 breve a Cartagena y que tendr\u00eda nexos internacionales e influencia local para encausar todo en favor de su cliente, en su labor de \u00ablobbista\u00bb.<\/div>\n<div>El comunicado del Consejo Gremial del 8 de marzo pasado tiene un \u00abdeja vu\u00bb pues anticipa e invita a que \u00abse usen los mecanismos de soluci\u00f3n de controversias que estipula el contrato\u00bb.<\/div>\n<div>La concomitancia entre los intereses del cliente de la persona \u00ablobbista\u00bb y el mensaje del Consejo Gremial es perceptible, lo que compagina con los di\u00e1logos entre firmas interesadas en hacerse con el contrato de recaudo, y que tienen una \u00abavanzada\u00bb en cargos de direcci\u00f3n y confianza en el gabinete de William Dau.<\/div>\n<div>Las cosas as\u00ed, Dau canalizar\u00eda su odio personal para eliminar a Colcard, y en simult\u00e1nea traer\u00eda otra vinculaci\u00f3n for\u00e1nea, tal como ha hecho con el nombramiento de secretarios y asesores del Despacho, OPS que laboran desde otras ciudades, o contratos multimillonarios como el de Go Catastral con Bogot\u00e1.<\/div>\n<div>Si Bogot\u00e1 pudo, por qu\u00e9 no Cali, dir\u00e1n algunos. Otros dir\u00edan que si se puede tener una firma especializada en algo tan complejo como asuntos electorales, bien podr\u00eda entenderse para asuntos puntuales de recaudo.<\/div>\n<div>Lo cierto es que con la salida de Colcard, una vez se liquide el contrato luego de los pr\u00f3ximos 180 d\u00edas, es indefendible la llegada de otro operador. Eso ser\u00eda en septiembre, cuando a Dau le queden apenas tres meses para dejar el cargo. \u00bfTendr\u00e1 la autoridad moral y la facultad legal para dejar a la ciudad amarrada a un contrato justo cuando va de salida? \u00bfLe alcanzar\u00e1 el tiempo?<\/div>\n<div><\/div>\n<div><strong>Este el el comunicado de la Procuradur\u00eda:<\/strong><\/div>\n<div><\/div>\n<div><span style=\"color: #0000ff;\"><em><strong>Bogot\u00e1, D.C, 14 marzo de 2023 (PGN_COL). <\/strong>La intervenci\u00f3n de la <strong>Procuradur\u00eda <\/strong>permiti\u00f3 que se destrabara la reactivaci\u00f3n del <strong>Transporte Masivo <\/strong>de la ciudad de <strong>Cartagena<\/strong>, <strong>Transcaribe<\/strong>, luego que llegara a un acuerdo con el <strong>consorcio Colcard <\/strong>para la terminaci\u00f3n del contrato.<\/em><\/span><\/div>\n<div><\/div>\n<div><span style=\"color: #0000ff;\"><em>La conciliaci\u00f3n lograda entre las partes dio <strong>luz verde<\/strong>, nuevamente, a la operaci\u00f3n del recaudo acabando con el <strong>dolor de cabeza <\/strong>para los miles de usuarios que se <strong>vieron afectados <\/strong>al no poder recargar las tarjetas para sus recorridos.<\/em><\/span><\/div>\n<div><\/div>\n<div><span style=\"color: #0000ff;\"><em>El acuerdo contempla, adem\u00e1s, la terminaci\u00f3n, de <strong>forma bilateral<\/strong>, del contrato que tendr\u00e1 180 d\u00edas de vigencia a partir de la fecha, tiempo en el que <strong>Colcard <\/strong>seguir\u00e1 operando mientras que Transcaribe agiliza la <strong>b\u00fasqueda de otro operador.<\/strong><\/em><\/span><\/div>\n<div><\/div>\n<div><span style=\"color: #0000ff;\"><em>En este logro, las <strong>Procuradur\u00edas Regional y Provincial de Cartagena <\/strong>se pusieron en la tarea de propiciar encuentros y mesas de trabajo que, despu\u00e9s de varios d\u00edas de <strong>conversaciones<\/strong>, llevaron a feliz t\u00e9rmino al concretar el acuerdo que hoy beneficia a <strong>miles de cartageneros <\/strong>con la prestaci\u00f3n del servicio.<\/em><\/span><\/div>\n<div><\/div>\n<div><span style=\"color: #0000ff;\"><em>Tras la conciliaci\u00f3n, <strong>Transcaribe <\/strong>anunci\u00f3 en un comunicado \u201cque las rutas que sufrieron ajustes en sus trazados por <strong>la contingencia<\/strong>, retomar\u00e1n sus recorridos habituales a partir de este <strong>mi\u00e9rcoles 15 de marzo<\/strong>, y que los usuarios que todav\u00eda tengan tiquetes podr\u00e1n seguir utiliz\u00e1ndolos para acceder a las estaciones hasta el <strong>pr\u00f3ximo jueves 16 de marzo\u201d<\/strong><strong>.<\/strong><\/em><\/span><\/div>\n<div><\/div>\n<div><strong>Este es el comunicado de Transcaribe:<\/strong><\/div>\n<div><\/div>\n<div><img loading=\"lazy\" decoding=\"async\" class=\"alignnone size-medium wp-image-49269\" src=\"https:\/\/revistazetta.com\/wp-content\/uploads\/2023\/03\/336521681_2291995684316586_9121615768795131542_n-333x333.jpeg\" alt=\"\" width=\"333\" height=\"333\" srcset=\"https:\/\/revistazetta.com\/wp-content\/uploads\/2023\/03\/336521681_2291995684316586_9121615768795131542_n-333x333.jpeg 333w, https:\/\/revistazetta.com\/wp-content\/uploads\/2023\/03\/336521681_2291995684316586_9121615768795131542_n-1024x1024.jpeg 1024w, https:\/\/revistazetta.com\/wp-content\/uploads\/2023\/03\/336521681_2291995684316586_9121615768795131542_n-162x162.jpeg 162w, https:\/\/revistazetta.com\/wp-content\/uploads\/2023\/03\/336521681_2291995684316586_9121615768795131542_n.jpeg 1440w\" sizes=\"auto, (max-width: 333px) 100vw, 333px\" \/><\/div>\n<div><img loading=\"lazy\" decoding=\"async\" class=\"alignnone size-medium wp-image-49268\" src=\"https:\/\/revistazetta.com\/wp-content\/uploads\/2023\/03\/335407133_3444304979175170_4371613632125524306_n-333x333.jpg\" alt=\"\" width=\"333\" height=\"333\" srcset=\"https:\/\/revistazetta.com\/wp-content\/uploads\/2023\/03\/335407133_3444304979175170_4371613632125524306_n-333x333.jpg 333w, https:\/\/revistazetta.com\/wp-content\/uploads\/2023\/03\/335407133_3444304979175170_4371613632125524306_n-1024x1024.jpg 1024w, https:\/\/revistazetta.com\/wp-content\/uploads\/2023\/03\/335407133_3444304979175170_4371613632125524306_n-162x162.jpg 162w, https:\/\/revistazetta.com\/wp-content\/uploads\/2023\/03\/335407133_3444304979175170_4371613632125524306_n.jpg 1440w\" sizes=\"auto, (max-width: 333px) 100vw, 333px\" \/><\/div>\n<div><img loading=\"lazy\" decoding=\"async\" class=\"alignnone size-medium wp-image-49266\" src=\"https:\/\/revistazetta.com\/wp-content\/uploads\/2023\/03\/335201997_1230667630887068_6385894639478762719_n-333x333.jpg\" alt=\"\" width=\"333\" height=\"333\" srcset=\"https:\/\/revistazetta.com\/wp-content\/uploads\/2023\/03\/335201997_1230667630887068_6385894639478762719_n-333x333.jpg 333w, https:\/\/revistazetta.com\/wp-content\/uploads\/2023\/03\/335201997_1230667630887068_6385894639478762719_n-1024x1024.jpg 1024w, https:\/\/revistazetta.com\/wp-content\/uploads\/2023\/03\/335201997_1230667630887068_6385894639478762719_n-162x162.jpg 162w, https:\/\/revistazetta.com\/wp-content\/uploads\/2023\/03\/335201997_1230667630887068_6385894639478762719_n.jpg 1440w\" sizes=\"auto, (max-width: 333px) 100vw, 333px\" \/><\/div>\n<div><img loading=\"lazy\" decoding=\"async\" class=\"alignnone size-medium wp-image-49267\" src=\"https:\/\/revistazetta.com\/wp-content\/uploads\/2023\/03\/335334798_5830281670416466_8752416800306123132_n-333x333.jpg\" alt=\"\" width=\"333\" height=\"333\" srcset=\"https:\/\/revistazetta.com\/wp-content\/uploads\/2023\/03\/335334798_5830281670416466_8752416800306123132_n-333x333.jpg 333w, https:\/\/revistazetta.com\/wp-content\/uploads\/2023\/03\/335334798_5830281670416466_8752416800306123132_n-1024x1024.jpg 1024w, https:\/\/revistazetta.com\/wp-content\/uploads\/2023\/03\/335334798_5830281670416466_8752416800306123132_n-162x162.jpg 162w, https:\/\/revistazetta.com\/wp-content\/uploads\/2023\/03\/335334798_5830281670416466_8752416800306123132_n.jpg 1440w\" sizes=\"auto, (max-width: 333px) 100vw, 333px\" \/><\/div>\n<div><img loading=\"lazy\" decoding=\"async\" class=\"alignnone size-medium wp-image-49265\" src=\"https:\/\/revistazetta.com\/wp-content\/uploads\/2023\/03\/335156576_869646270807515_8795689653663731609_n-333x333.jpg\" alt=\"\" width=\"333\" height=\"333\" srcset=\"https:\/\/revistazetta.com\/wp-content\/uploads\/2023\/03\/335156576_869646270807515_8795689653663731609_n-333x333.jpg 333w, https:\/\/revistazetta.com\/wp-content\/uploads\/2023\/03\/335156576_869646270807515_8795689653663731609_n-1024x1024.jpg 1024w, https:\/\/revistazetta.com\/wp-content\/uploads\/2023\/03\/335156576_869646270807515_8795689653663731609_n-162x162.jpg 162w, https:\/\/revistazetta.com\/wp-content\/uploads\/2023\/03\/335156576_869646270807515_8795689653663731609_n.jpg 1440w\" sizes=\"auto, (max-width: 333px) 100vw, 333px\" \/><\/div>\n<div><\/div>\n<div><strong>Comunicado del Consejo Gremial:<\/strong><\/div>\n<div><\/div>\n<div>\u00a0<img loading=\"lazy\" decoding=\"async\" class=\"alignnone size-medium wp-image-49263\" src=\"https:\/\/revistazetta.com\/wp-content\/uploads\/2023\/03\/334568103_935706390960191_8764985305231479319_n-333x333.jpg\" alt=\"\" width=\"333\" height=\"333\" srcset=\"https:\/\/revistazetta.com\/wp-content\/uploads\/2023\/03\/334568103_935706390960191_8764985305231479319_n-333x333.jpg 333w, https:\/\/revistazetta.com\/wp-content\/uploads\/2023\/03\/334568103_935706390960191_8764985305231479319_n-1024x1024.jpg 1024w, https:\/\/revistazetta.com\/wp-content\/uploads\/2023\/03\/334568103_935706390960191_8764985305231479319_n-162x162.jpg 162w, https:\/\/revistazetta.com\/wp-content\/uploads\/2023\/03\/334568103_935706390960191_8764985305231479319_n.jpg 1080w\" sizes=\"auto, (max-width: 333px) 100vw, 333px\" \/><\/div>\n<div><img loading=\"lazy\" decoding=\"async\" class=\"alignnone size-medium wp-image-49264\" src=\"https:\/\/revistazetta.com\/wp-content\/uploads\/2023\/03\/334579046_566045085499007_3928143556103880541_n-333x333.jpg\" alt=\"\" width=\"333\" height=\"333\" srcset=\"https:\/\/revistazetta.com\/wp-content\/uploads\/2023\/03\/334579046_566045085499007_3928143556103880541_n-333x333.jpg 333w, https:\/\/revistazetta.com\/wp-content\/uploads\/2023\/03\/334579046_566045085499007_3928143556103880541_n-1024x1024.jpg 1024w, https:\/\/revistazetta.com\/wp-content\/uploads\/2023\/03\/334579046_566045085499007_3928143556103880541_n-162x162.jpg 162w, https:\/\/revistazetta.com\/wp-content\/uploads\/2023\/03\/334579046_566045085499007_3928143556103880541_n.jpg 1080w\" sizes=\"auto, (max-width: 333px) 100vw, 333px\" \/><\/div>\n<div><img loading=\"lazy\" decoding=\"async\" class=\"alignnone size-medium wp-image-49262\" src=\"https:\/\/revistazetta.com\/wp-content\/uploads\/2023\/03\/333497698_1281555532767764_7421924646522334011_n-333x333.jpg\" alt=\"\" width=\"333\" height=\"333\" srcset=\"https:\/\/revistazetta.com\/wp-content\/uploads\/2023\/03\/333497698_1281555532767764_7421924646522334011_n-333x333.jpg 333w, https:\/\/revistazetta.com\/wp-content\/uploads\/2023\/03\/333497698_1281555532767764_7421924646522334011_n-1024x1024.jpg 1024w, https:\/\/revistazetta.com\/wp-content\/uploads\/2023\/03\/333497698_1281555532767764_7421924646522334011_n-162x162.jpg 162w, https:\/\/revistazetta.com\/wp-content\/uploads\/2023\/03\/333497698_1281555532767764_7421924646522334011_n.jpg 1080w\" sizes=\"auto, (max-width: 333px) 100vw, 333px\" \/><\/div>\n","protected":false},"excerpt":{"rendered":"<p>Cartagena de Indias, 14 de marzo de 2023.- Mientras los comunicados oficiales de Transcaribe y la Procuradur\u00eda dan cuenta de la reactivaci\u00f3n del recaudo, as\u00ed como la terminaci\u00f3n bilateral del contrato con Colcard, lo que no se registra es el ruido atronador de las negociaciones subterr\u00e1neas que enrarecen la llegada de un nuevo recaudador. En esos ruidos estar\u00eda envuelta una persona que gobern\u00f3 breve a Cartagena y que tendr\u00eda nexos internacionales e influencia local para encausar todo en favor de su cliente, en su labor de \u00ablobbista\u00bb. El comunicado del&#8230; <\/p>\n","protected":false},"author":3,"featured_media":49270,"comment_status":"closed","ping_status":"closed","sticky":false,"template":"","format":"standard","meta":{"footnotes":"","_links_to":"","_links_to_target":""},"categories":[32,1450,87],"tags":[1430,1551,285,296,935,194,149,431],"class_list":["post-49261","post","type-post","status-publish","format-standard","has-post-thumbnail","hentry","category-actualidad-distrito","category-parasladers","category-movilidad","tag-colcard","tag-corrupto","tag-destacada","tag-distrito","tag-malandrin","tag-movilidad","tag-transcaribe","tag-william-dau"],"_links":{"self":[{"href":"https:\/\/revistazetta.com\/index.php?rest_route=\/wp\/v2\/posts\/49261","targetHints":{"allow":["GET"]}}],"collection":[{"href":"https:\/\/revistazetta.com\/index.php?rest_route=\/wp\/v2\/posts"}],"about":[{"href":"https:\/\/revistazetta.com\/index.php?rest_route=\/wp\/v2\/types\/post"}],"author":[{"embeddable":true,"href":"https:\/\/revistazetta.com\/index.php?rest_route=\/wp\/v2\/users\/3"}],"replies":[{"embeddable":true,"href":"https:\/\/revistazetta.com\/index.php?rest_route=%2Fwp%2Fv2%2Fcomments&post=49261"}],"version-history":[{"count":0,"href":"https:\/\/revistazetta.com\/index.php?rest_route=\/wp\/v2\/posts\/49261\/revisions"}],"wp:featuredmedia":[{"embeddable":true,"href":"https:\/\/revistazetta.com\/index.php?rest_route=\/wp\/v2\/media\/49270"}],"wp:attachment":[{"href":"https:\/\/revistazetta.com\/index.php?rest_route=%2Fwp%2Fv2%2Fmedia&parent=49261"}],"wp:term":[{"taxonomy":"category","embeddable":true,"href":"https:\/\/revistazetta.com\/index.php?rest_route=%2Fwp%2Fv2%2Fcategories&post=49261"},{"taxonomy":"post_tag","embeddable":true,"href":"https:\/\/revistazetta.com\/index.php?rest_route=%2Fwp%2Fv2%2Ftags&post=49261"}],"curies":[{"name":"wp","href":"https:\/\/api.w.org\/{rel}","templated":true}]}}