{"id":49273,"date":"2023-03-15T08:35:06","date_gmt":"2023-03-15T13:35:06","guid":{"rendered":"https:\/\/revistazetta.com\/?p=49273"},"modified":"2023-03-15T08:35:06","modified_gmt":"2023-03-15T13:35:06","slug":"arturo-cartagena-triunfa-en-la-novillada-de-la-feria-de-la-magdalena-en-castellon","status":"publish","type":"post","link":"https:\/\/revistazetta.com\/?p=49273","title":{"rendered":"Arturo Cartagena triunfa en la novillada de la Feria de la Magdalena en Castell\u00f3n"},"content":{"rendered":"<p><span style=\"color: #000080;\"><strong><em>El torero de Cartagena de Indias impresiona en ruedos espa\u00f1oles<\/em><\/strong><\/span><\/p>\n<p><strong>Castell\u00f3n de la Plana (Espa\u00f1a).- 15 de marzo de 2023.-<\/strong> El diestro colombiano Arturo Cartagena cort\u00f3 las dos orejas a su \u00fanico novillo de la tarde y se erigi\u00f3 en el gran triunfador de la novillada en la Feria de la Magdalena, en Castell\u00f3n de la Plana.<\/p>\n<p>En el cartel estuvo acompa\u00f1ado por los novilleros El Nene, Javier Aparicio, Cristian Gonz\u00e1lez, Juan Alberto Torrijos y Pablo Vedr\u00ed, con novillos de la ganader\u00eda Hermanas Angloso Clavijo.<\/p>\n<p>Luciendo un traje\u00a0traje primera comuni\u00f3n y luto, el torero de Cartagena de Indias se luci\u00f3 con el capote, a pesar de la embestida tosca y recia del novillo.<\/p>\n<p>Luego, en la tarea de muleta, se le vio variado y con sitio, aunque no pudo sosegar los arreones del astado, que por poco le prende en un remate de pecho.<\/p>\n<div class=\"headline-article__head\">\n<p class=\"h1 headline-article__text\">Seg\u00fan la prensa local, los novillos de Angoso Clavijo denotaron la bravura del Campo Charro en la Feria de Castell\u00f3n. \u00abSeria, cuajada y lustrosa novillada, que adem\u00e1s dio un juego encastado y con transmisi\u00f3n\u00bb, seg\u00fan los entendidos.<\/p>\n<p>Arturo Cartagena (Jos\u00e9 Arturo Sierra) es nacido en Cartagena de Indias, ciudad donde conoci\u00f3 al maestro Sebasti\u00e1n Castella, quien le ha servido de inspiraci\u00f3n para iniciarse en esta bella profesi\u00f3n.<\/p>\n<p>Estas son las im\u00e1genes del festejo, del canal Toros Media.<\/p>\n<\/div>\n<p>Im\u00e1genes: Video Realizaciones J.E.T.<\/p>\n<div class=\"headline-article__head\"><\/div>\n<p><iframe loading=\"lazy\" title=\"ARTURO CARTAGENA , \u00c9XITO EN CASTELL\u00d3N (14-03-2023)\" src=\"https:\/\/videos.toromedia.com\/videos\/embed\/5577a5c9-91a7-4a5b-a9ac-593f657111f7\" width=\"560\" height=\"315\" frameborder=\"0\" sandbox=\"allow-same-origin allow-scripts allow-popups\" allowfullscreen=\"allowfullscreen\"><\/iframe><\/p>\n<p><img loading=\"lazy\" decoding=\"async\" class=\"alignnone size-medium wp-image-49274\" src=\"https:\/\/revistazetta.com\/wp-content\/uploads\/2023\/03\/Captura-de-Pantalla-2023-03-15-a-las-7.16.09-a.m.-500x313.png\" alt=\"\" width=\"500\" height=\"313\" srcset=\"https:\/\/revistazetta.com\/wp-content\/uploads\/2023\/03\/Captura-de-Pantalla-2023-03-15-a-las-7.16.09-a.m.-500x313.png 500w, https:\/\/revistazetta.com\/wp-content\/uploads\/2023\/03\/Captura-de-Pantalla-2023-03-15-a-las-7.16.09-a.m.-1024x640.png 1024w, https:\/\/revistazetta.com\/wp-content\/uploads\/2023\/03\/Captura-de-Pantalla-2023-03-15-a-las-7.16.09-a.m.-250x156.png 250w, https:\/\/revistazetta.com\/wp-content\/uploads\/2023\/03\/Captura-de-Pantalla-2023-03-15-a-las-7.16.09-a.m.-1536x960.png 1536w, https:\/\/revistazetta.com\/wp-content\/uploads\/2023\/03\/Captura-de-Pantalla-2023-03-15-a-las-7.16.09-a.m.-2048x1280.png 2048w\" sizes=\"auto, (max-width: 500px) 100vw, 500px\" \/> <img loading=\"lazy\" decoding=\"async\" class=\"alignnone size-medium wp-image-49275\" src=\"https:\/\/revistazetta.com\/wp-content\/uploads\/2023\/03\/Captura-de-Pantalla-2023-03-15-a-las-7.17.07-a.m.-500x313.png\" alt=\"\" width=\"500\" height=\"313\" srcset=\"https:\/\/revistazetta.com\/wp-content\/uploads\/2023\/03\/Captura-de-Pantalla-2023-03-15-a-las-7.17.07-a.m.-500x313.png 500w, https:\/\/revistazetta.com\/wp-content\/uploads\/2023\/03\/Captura-de-Pantalla-2023-03-15-a-las-7.17.07-a.m.-1024x640.png 1024w, https:\/\/revistazetta.com\/wp-content\/uploads\/2023\/03\/Captura-de-Pantalla-2023-03-15-a-las-7.17.07-a.m.-250x156.png 250w, https:\/\/revistazetta.com\/wp-content\/uploads\/2023\/03\/Captura-de-Pantalla-2023-03-15-a-las-7.17.07-a.m.-1536x960.png 1536w, https:\/\/revistazetta.com\/wp-content\/uploads\/2023\/03\/Captura-de-Pantalla-2023-03-15-a-las-7.17.07-a.m.-2048x1280.png 2048w\" sizes=\"auto, (max-width: 500px) 100vw, 500px\" \/> <img loading=\"lazy\" decoding=\"async\" class=\"alignnone size-medium wp-image-49276\" src=\"https:\/\/revistazetta.com\/wp-content\/uploads\/2023\/03\/Captura-de-Pantalla-2023-03-15-a-las-7.18.03-a.m.-500x313.png\" alt=\"\" width=\"500\" height=\"313\" srcset=\"https:\/\/revistazetta.com\/wp-content\/uploads\/2023\/03\/Captura-de-Pantalla-2023-03-15-a-las-7.18.03-a.m.-500x313.png 500w, https:\/\/revistazetta.com\/wp-content\/uploads\/2023\/03\/Captura-de-Pantalla-2023-03-15-a-las-7.18.03-a.m.-1024x640.png 1024w, https:\/\/revistazetta.com\/wp-content\/uploads\/2023\/03\/Captura-de-Pantalla-2023-03-15-a-las-7.18.03-a.m.-250x156.png 250w, https:\/\/revistazetta.com\/wp-content\/uploads\/2023\/03\/Captura-de-Pantalla-2023-03-15-a-las-7.18.03-a.m.-1536x960.png 1536w, https:\/\/revistazetta.com\/wp-content\/uploads\/2023\/03\/Captura-de-Pantalla-2023-03-15-a-las-7.18.03-a.m.-2048x1280.png 2048w\" sizes=\"auto, (max-width: 500px) 100vw, 500px\" \/> <img loading=\"lazy\" decoding=\"async\" class=\"alignnone size-medium wp-image-49277\" src=\"https:\/\/revistazetta.com\/wp-content\/uploads\/2023\/03\/Captura-de-Pantalla-2023-03-15-a-las-7.19.22-a.m.-500x313.png\" alt=\"\" width=\"500\" height=\"313\" srcset=\"https:\/\/revistazetta.com\/wp-content\/uploads\/2023\/03\/Captura-de-Pantalla-2023-03-15-a-las-7.19.22-a.m.-500x313.png 500w, https:\/\/revistazetta.com\/wp-content\/uploads\/2023\/03\/Captura-de-Pantalla-2023-03-15-a-las-7.19.22-a.m.-1024x640.png 1024w, https:\/\/revistazetta.com\/wp-content\/uploads\/2023\/03\/Captura-de-Pantalla-2023-03-15-a-las-7.19.22-a.m.-250x156.png 250w, https:\/\/revistazetta.com\/wp-content\/uploads\/2023\/03\/Captura-de-Pantalla-2023-03-15-a-las-7.19.22-a.m.-1536x960.png 1536w, https:\/\/revistazetta.com\/wp-content\/uploads\/2023\/03\/Captura-de-Pantalla-2023-03-15-a-las-7.19.22-a.m.-2048x1280.png 2048w\" sizes=\"auto, (max-width: 500px) 100vw, 500px\" \/> <img loading=\"lazy\" decoding=\"async\" class=\"alignnone size-medium wp-image-49278\" src=\"https:\/\/revistazetta.com\/wp-content\/uploads\/2023\/03\/Captura-de-Pantalla-2023-03-15-a-las-7.20.54-a.m.-500x313.png\" alt=\"\" width=\"500\" height=\"313\" srcset=\"https:\/\/revistazetta.com\/wp-content\/uploads\/2023\/03\/Captura-de-Pantalla-2023-03-15-a-las-7.20.54-a.m.-500x313.png 500w, https:\/\/revistazetta.com\/wp-content\/uploads\/2023\/03\/Captura-de-Pantalla-2023-03-15-a-las-7.20.54-a.m.-1024x640.png 1024w, https:\/\/revistazetta.com\/wp-content\/uploads\/2023\/03\/Captura-de-Pantalla-2023-03-15-a-las-7.20.54-a.m.-250x156.png 250w, https:\/\/revistazetta.com\/wp-content\/uploads\/2023\/03\/Captura-de-Pantalla-2023-03-15-a-las-7.20.54-a.m.-1536x960.png 1536w, https:\/\/revistazetta.com\/wp-content\/uploads\/2023\/03\/Captura-de-Pantalla-2023-03-15-a-las-7.20.54-a.m.-2048x1280.png 2048w\" sizes=\"auto, (max-width: 500px) 100vw, 500px\" \/> <img loading=\"lazy\" decoding=\"async\" class=\"alignnone size-medium wp-image-49279\" src=\"https:\/\/revistazetta.com\/wp-content\/uploads\/2023\/03\/Captura-de-Pantalla-2023-03-15-a-las-7.21.09-a.m.-500x313.png\" alt=\"\" width=\"500\" height=\"313\" srcset=\"https:\/\/revistazetta.com\/wp-content\/uploads\/2023\/03\/Captura-de-Pantalla-2023-03-15-a-las-7.21.09-a.m.-500x313.png 500w, https:\/\/revistazetta.com\/wp-content\/uploads\/2023\/03\/Captura-de-Pantalla-2023-03-15-a-las-7.21.09-a.m.-1024x640.png 1024w, https:\/\/revistazetta.com\/wp-content\/uploads\/2023\/03\/Captura-de-Pantalla-2023-03-15-a-las-7.21.09-a.m.-250x156.png 250w, https:\/\/revistazetta.com\/wp-content\/uploads\/2023\/03\/Captura-de-Pantalla-2023-03-15-a-las-7.21.09-a.m.-1536x960.png 1536w, https:\/\/revistazetta.com\/wp-content\/uploads\/2023\/03\/Captura-de-Pantalla-2023-03-15-a-las-7.21.09-a.m.-2048x1280.png 2048w\" sizes=\"auto, (max-width: 500px) 100vw, 500px\" \/> <img loading=\"lazy\" decoding=\"async\" class=\"alignnone size-medium wp-image-49280\" src=\"https:\/\/revistazetta.com\/wp-content\/uploads\/2023\/03\/Captura-de-Pantalla-2023-03-15-a-las-7.23.33-a.m.-500x313.png\" alt=\"\" width=\"500\" height=\"313\" srcset=\"https:\/\/revistazetta.com\/wp-content\/uploads\/2023\/03\/Captura-de-Pantalla-2023-03-15-a-las-7.23.33-a.m.-500x313.png 500w, https:\/\/revistazetta.com\/wp-content\/uploads\/2023\/03\/Captura-de-Pantalla-2023-03-15-a-las-7.23.33-a.m.-1024x640.png 1024w, https:\/\/revistazetta.com\/wp-content\/uploads\/2023\/03\/Captura-de-Pantalla-2023-03-15-a-las-7.23.33-a.m.-250x156.png 250w, https:\/\/revistazetta.com\/wp-content\/uploads\/2023\/03\/Captura-de-Pantalla-2023-03-15-a-las-7.23.33-a.m.-1536x960.png 1536w, https:\/\/revistazetta.com\/wp-content\/uploads\/2023\/03\/Captura-de-Pantalla-2023-03-15-a-las-7.23.33-a.m.-2048x1280.png 2048w\" sizes=\"auto, (max-width: 500px) 100vw, 500px\" \/> <img loading=\"lazy\" decoding=\"async\" class=\"alignnone size-medium wp-image-49281\" src=\"https:\/\/revistazetta.com\/wp-content\/uploads\/2023\/03\/Captura-de-Pantalla-2023-03-15-a-las-7.24.41-a.m.-500x313.png\" alt=\"\" width=\"500\" height=\"313\" srcset=\"https:\/\/revistazetta.com\/wp-content\/uploads\/2023\/03\/Captura-de-Pantalla-2023-03-15-a-las-7.24.41-a.m.-500x313.png 500w, https:\/\/revistazetta.com\/wp-content\/uploads\/2023\/03\/Captura-de-Pantalla-2023-03-15-a-las-7.24.41-a.m.-1024x640.png 1024w, https:\/\/revistazetta.com\/wp-content\/uploads\/2023\/03\/Captura-de-Pantalla-2023-03-15-a-las-7.24.41-a.m.-250x156.png 250w, https:\/\/revistazetta.com\/wp-content\/uploads\/2023\/03\/Captura-de-Pantalla-2023-03-15-a-las-7.24.41-a.m.-1536x960.png 1536w, https:\/\/revistazetta.com\/wp-content\/uploads\/2023\/03\/Captura-de-Pantalla-2023-03-15-a-las-7.24.41-a.m.-2048x1280.png 2048w\" sizes=\"auto, (max-width: 500px) 100vw, 500px\" \/> <img loading=\"lazy\" decoding=\"async\" class=\"alignnone size-medium wp-image-49282\" src=\"https:\/\/revistazetta.com\/wp-content\/uploads\/2023\/03\/Captura-de-Pantalla-2023-03-15-a-las-7.25.35-a.m.-500x313.png\" alt=\"\" width=\"500\" height=\"313\" srcset=\"https:\/\/revistazetta.com\/wp-content\/uploads\/2023\/03\/Captura-de-Pantalla-2023-03-15-a-las-7.25.35-a.m.-500x313.png 500w, https:\/\/revistazetta.com\/wp-content\/uploads\/2023\/03\/Captura-de-Pantalla-2023-03-15-a-las-7.25.35-a.m.-1024x640.png 1024w, https:\/\/revistazetta.com\/wp-content\/uploads\/2023\/03\/Captura-de-Pantalla-2023-03-15-a-las-7.25.35-a.m.-250x156.png 250w, https:\/\/revistazetta.com\/wp-content\/uploads\/2023\/03\/Captura-de-Pantalla-2023-03-15-a-las-7.25.35-a.m.-1536x960.png 1536w, https:\/\/revistazetta.com\/wp-content\/uploads\/2023\/03\/Captura-de-Pantalla-2023-03-15-a-las-7.25.35-a.m.-2048x1280.png 2048w\" sizes=\"auto, (max-width: 500px) 100vw, 500px\" \/><\/p>\n<p>&nbsp;<\/p>\n<p>&nbsp;<\/p>\n","protected":false},"excerpt":{"rendered":"<p>El torero de Cartagena de Indias impresiona en ruedos espa\u00f1oles Castell\u00f3n de la Plana (Espa\u00f1a).- 15 de marzo de 2023.- El diestro colombiano Arturo Cartagena cort\u00f3 las dos orejas a su \u00fanico novillo de la tarde y se erigi\u00f3 en el gran triunfador de la novillada en la Feria de la Magdalena, en Castell\u00f3n de la Plana. En el cartel estuvo acompa\u00f1ado por los novilleros El Nene, Javier Aparicio, Cristian Gonz\u00e1lez, Juan Alberto Torrijos y Pablo Vedr\u00ed, con novillos de la ganader\u00eda Hermanas Angloso Clavijo. Luciendo un traje\u00a0traje primera comuni\u00f3n&#8230; <\/p>\n","protected":false},"author":3,"featured_media":49283,"comment_status":"closed","ping_status":"closed","sticky":false,"template":"","format":"standard","meta":{"footnotes":"","_links_to":"","_links_to_target":""},"categories":[1450,41,42],"tags":[1552,1553,290,285,1554,211],"class_list":["post-49273","post","type-post","status-publish","format-standard","has-post-thumbnail","hentry","category-parasladers","category-cultura","category-cultura-toros","tag-arturo-cartagena","tag-castellon","tag-cultura","tag-destacada","tag-novillada","tag-toros"],"_links":{"self":[{"href":"https:\/\/revistazetta.com\/index.php?rest_route=\/wp\/v2\/posts\/49273","targetHints":{"allow":["GET"]}}],"collection":[{"href":"https:\/\/revistazetta.com\/index.php?rest_route=\/wp\/v2\/posts"}],"about":[{"href":"https:\/\/revistazetta.com\/index.php?rest_route=\/wp\/v2\/types\/post"}],"author":[{"embeddable":true,"href":"https:\/\/revistazetta.com\/index.php?rest_route=\/wp\/v2\/users\/3"}],"replies":[{"embeddable":true,"href":"https:\/\/revistazetta.com\/index.php?rest_route=%2Fwp%2Fv2%2Fcomments&post=49273"}],"version-history":[{"count":0,"href":"https:\/\/revistazetta.com\/index.php?rest_route=\/wp\/v2\/posts\/49273\/revisions"}],"wp:featuredmedia":[{"embeddable":true,"href":"https:\/\/revistazetta.com\/index.php?rest_route=\/wp\/v2\/media\/49283"}],"wp:attachment":[{"href":"https:\/\/revistazetta.com\/index.php?rest_route=%2Fwp%2Fv2%2Fmedia&parent=49273"}],"wp:term":[{"taxonomy":"category","embeddable":true,"href":"https:\/\/revistazetta.com\/index.php?rest_route=%2Fwp%2Fv2%2Fcategories&post=49273"},{"taxonomy":"post_tag","embeddable":true,"href":"https:\/\/revistazetta.com\/index.php?rest_route=%2Fwp%2Fv2%2Ftags&post=49273"}],"curies":[{"name":"wp","href":"https:\/\/api.w.org\/{rel}","templated":true}]}}