{"id":49295,"date":"2023-03-15T17:04:56","date_gmt":"2023-03-15T22:04:56","guid":{"rendered":"https:\/\/revistazetta.com\/?p=49295"},"modified":"2023-03-15T17:06:32","modified_gmt":"2023-03-15T22:06:32","slug":"gerente-de-iderbol-ariel-zambrano-lanzo-primera-bola-del-juego-colombia-vs-canada","status":"publish","type":"post","link":"https:\/\/revistazetta.com\/?p=49295","title":{"rendered":"Gerente de Iderbol, Ariel Zambrano, lanz\u00f3 primera bola del juego Colombia vs. Canad\u00e1"},"content":{"rendered":"<p style=\"padding-left: 40px;\"><span style=\"color: #000080;\"><em>El actual gerente de Iderbol es el tercer colombiano en lanzar la primera bola en un Cl\u00e1sico Mundial de B\u00e9isbol.<\/em><\/span><\/p>\n<p><strong>Phoenix, Arizona, 15 de marzo de 2023.-<\/strong> En el propio Cl\u00e1sico Mundial de B\u00e9isbol y desde el emblem\u00e1tico estadio Chase Field, de Arizona, el gerente de Iderbol, Ariel Zambrano, realiz\u00f3 el lanzamiento de la primera bola en el partido entre la selecci\u00f3n Colombia vs. Canad\u00e1<\/p>\n<p>El funcionario del Bol\u00edvar Primero, nacido en el barrio Paseo Bol\u00edvar, amante de este deporte, se le vio emocionado al posarse en el mont\u00edculo y lanzar la primera bola.<\/p>\n<p><img loading=\"lazy\" decoding=\"async\" class=\"alignnone size-medium wp-image-49299\" src=\"https:\/\/revistazetta.com\/wp-content\/uploads\/2023\/03\/WhatsApp-Image-2023-03-14-at-6.06.01-PM-500x333.jpeg\" alt=\"\" width=\"500\" height=\"333\" srcset=\"https:\/\/revistazetta.com\/wp-content\/uploads\/2023\/03\/WhatsApp-Image-2023-03-14-at-6.06.01-PM-500x333.jpeg 500w, https:\/\/revistazetta.com\/wp-content\/uploads\/2023\/03\/WhatsApp-Image-2023-03-14-at-6.06.01-PM-1024x682.jpeg 1024w, https:\/\/revistazetta.com\/wp-content\/uploads\/2023\/03\/WhatsApp-Image-2023-03-14-at-6.06.01-PM-243x162.jpeg 243w, https:\/\/revistazetta.com\/wp-content\/uploads\/2023\/03\/WhatsApp-Image-2023-03-14-at-6.06.01-PM.jpeg 1280w\" sizes=\"auto, (max-width: 500px) 100vw, 500px\" \/><\/p>\n<p>Zambrano jug\u00f3 b\u00e9isbol con los equipos de Universidad de Cartagena y Comfenalco, donde culmin\u00f3 sus estudios de bachillerato, tambi\u00e9n integr\u00f3 selecciones Bol\u00edvar y de Colombia de b\u00e9isbol.<\/p>\n<p>\u201cGracias a Dios, a la organizaci\u00f3n del Cl\u00e1sico Mundial de B\u00e9isbol, a la Federaci\u00f3n Colombiana de B\u00e9isbol, la Diprob\u00e9isbol, a los amigos del deporte que hicieron posible este momento, el de representar aqu\u00ed al Bol\u00edvar Primero y al deporte bolivarense. Me siento orgulloso porque como amante del b\u00e9isbol es algo muy grande para m\u00ed\u201d.<\/p>\n<p><img loading=\"lazy\" decoding=\"async\" class=\"alignnone size-medium wp-image-49297\" src=\"https:\/\/revistazetta.com\/wp-content\/uploads\/2023\/03\/WhatsApp-Image-2023-03-14-at-6.06.00-PM-1-500x333.jpeg\" alt=\"\" width=\"500\" height=\"333\" srcset=\"https:\/\/revistazetta.com\/wp-content\/uploads\/2023\/03\/WhatsApp-Image-2023-03-14-at-6.06.00-PM-1-500x333.jpeg 500w, https:\/\/revistazetta.com\/wp-content\/uploads\/2023\/03\/WhatsApp-Image-2023-03-14-at-6.06.00-PM-1-1024x682.jpeg 1024w, https:\/\/revistazetta.com\/wp-content\/uploads\/2023\/03\/WhatsApp-Image-2023-03-14-at-6.06.00-PM-1-243x162.jpeg 243w, https:\/\/revistazetta.com\/wp-content\/uploads\/2023\/03\/WhatsApp-Image-2023-03-14-at-6.06.00-PM-1.jpeg 1280w\" sizes=\"auto, (max-width: 500px) 100vw, 500px\" \/><\/p>\n<p>Ariel Zambrano es el tercer colombiano en lanzar la primera bola en este mismo certamen junto a Alejandro Char, exalcalde de Barranquilla y Manolo Duque, exalcalde de Cartagena, quienes lanzaron la primera bola en el Cl\u00e1sico Mundial de 2017 en Miami, ante Estados Unidos y Canad\u00e1, respectivamente.<\/p>\n<p><img loading=\"lazy\" decoding=\"async\" class=\"alignnone size-medium wp-image-49298\" src=\"https:\/\/revistazetta.com\/wp-content\/uploads\/2023\/03\/WhatsApp-Image-2023-03-14-at-6.06.00-PM-2-500x333.jpeg\" alt=\"\" width=\"500\" height=\"333\" srcset=\"https:\/\/revistazetta.com\/wp-content\/uploads\/2023\/03\/WhatsApp-Image-2023-03-14-at-6.06.00-PM-2-500x333.jpeg 500w, https:\/\/revistazetta.com\/wp-content\/uploads\/2023\/03\/WhatsApp-Image-2023-03-14-at-6.06.00-PM-2-1024x682.jpeg 1024w, https:\/\/revistazetta.com\/wp-content\/uploads\/2023\/03\/WhatsApp-Image-2023-03-14-at-6.06.00-PM-2-243x162.jpeg 243w, https:\/\/revistazetta.com\/wp-content\/uploads\/2023\/03\/WhatsApp-Image-2023-03-14-at-6.06.00-PM-2.jpeg 1280w\" sizes=\"auto, (max-width: 500px) 100vw, 500px\" \/><\/p>\n","protected":false},"excerpt":{"rendered":"<p>El actual gerente de Iderbol es el tercer colombiano en lanzar la primera bola en un Cl\u00e1sico Mundial de B\u00e9isbol. Phoenix, Arizona, 15 de marzo de 2023.- En el propio Cl\u00e1sico Mundial de B\u00e9isbol y desde el emblem\u00e1tico estadio Chase Field, de Arizona, el gerente de Iderbol, Ariel Zambrano, realiz\u00f3 el lanzamiento de la primera bola en el partido entre la selecci\u00f3n Colombia vs. Canad\u00e1 El funcionario del Bol\u00edvar Primero, nacido en el barrio Paseo Bol\u00edvar, amante de este deporte, se le vio emocionado al posarse en el mont\u00edculo y&#8230; <\/p>\n","protected":false},"author":3,"featured_media":49296,"comment_status":"closed","ping_status":"closed","sticky":false,"template":"","format":"standard","meta":{"footnotes":"","_links_to":"","_links_to_target":""},"categories":[53,55],"tags":[1158,144,1559,308,333],"class_list":["post-49295","post","type-post","status-publish","format-standard","has-post-thumbnail","hentry","category-deportes","category-beisbol","tag-ariel-zambrano","tag-beisbol","tag-clasico-mundial-del-beisbol","tag-deportes","tag-iderbol"],"_links":{"self":[{"href":"https:\/\/revistazetta.com\/index.php?rest_route=\/wp\/v2\/posts\/49295","targetHints":{"allow":["GET"]}}],"collection":[{"href":"https:\/\/revistazetta.com\/index.php?rest_route=\/wp\/v2\/posts"}],"about":[{"href":"https:\/\/revistazetta.com\/index.php?rest_route=\/wp\/v2\/types\/post"}],"author":[{"embeddable":true,"href":"https:\/\/revistazetta.com\/index.php?rest_route=\/wp\/v2\/users\/3"}],"replies":[{"embeddable":true,"href":"https:\/\/revistazetta.com\/index.php?rest_route=%2Fwp%2Fv2%2Fcomments&post=49295"}],"version-history":[{"count":0,"href":"https:\/\/revistazetta.com\/index.php?rest_route=\/wp\/v2\/posts\/49295\/revisions"}],"wp:featuredmedia":[{"embeddable":true,"href":"https:\/\/revistazetta.com\/index.php?rest_route=\/wp\/v2\/media\/49296"}],"wp:attachment":[{"href":"https:\/\/revistazetta.com\/index.php?rest_route=%2Fwp%2Fv2%2Fmedia&parent=49295"}],"wp:term":[{"taxonomy":"category","embeddable":true,"href":"https:\/\/revistazetta.com\/index.php?rest_route=%2Fwp%2Fv2%2Fcategories&post=49295"},{"taxonomy":"post_tag","embeddable":true,"href":"https:\/\/revistazetta.com\/index.php?rest_route=%2Fwp%2Fv2%2Ftags&post=49295"}],"curies":[{"name":"wp","href":"https:\/\/api.w.org\/{rel}","templated":true}]}}