{"id":49366,"date":"2023-03-22T16:59:37","date_gmt":"2023-03-22T21:59:37","guid":{"rendered":"https:\/\/revistazetta.com\/?p=49366"},"modified":"2023-03-22T16:59:37","modified_gmt":"2023-03-22T21:59:37","slug":"potencia-y-liderazgo-femenino-banderas-de-la-mujer-en-cartagena","status":"publish","type":"post","link":"https:\/\/revistazetta.com\/?p=49366","title":{"rendered":"Potencia y liderazgo femenino, banderas de la Mujer en Cartagena"},"content":{"rendered":"<p><strong>Cartagena de Indias, 22 de marzo de 2023.-<\/strong>\u00a0Al menos 300 fervientes asistentes acudieron este mi\u00e9rcoles 22 de marzo al foro Mujer: Soy Potencia y Liderazgo, organizado por la C\u00e1mara de Comercio de Cartagena, y donde qued\u00f3 claro que son grandes los logros y los retos en materia de g\u00e9nero para la regi\u00f3n.<\/p>\n<p>Andrea Pi\u00f1a, vicepresidenta de competitividad de la CCC, explic\u00f3 que el evento propici\u00f3 el encuentro de decenas de mujeres que est\u00e1n en proceso de emprendimiento, con aquellas que han desarrollado sus empresas y tienen conocimientos y experiencias para compartir.<\/p>\n<p>El foro fue instalado por Mayra Rodr\u00edguez Osorio, y por el presidente ejecutivo de la Ccc, Juan Pablo V\u00e9lez, quienes destacaron la importancia de este tipo de eventos para la regi\u00f3n.<\/p>\n<p>Pi\u00f1a destac\u00f3 que muchas empresarias han afrontado distintas clases de retos para mantener sus emprendimientos, y que esa experticia es de gran utilidad para las que inician sus negocios.<\/p>\n<p>Dentro de las expositoras estuvieron las periodistas Yesenia Carrillo y J\u00e9sica de la Pe\u00f1a, y Michelle gutti, creadora de contenido para redes sociales.<\/p>\n<p><iframe loading=\"lazy\" title=\"YouTube video player\" src=\"https:\/\/www.youtube.com\/embed\/_-VhPt36BBw\" width=\"560\" height=\"315\" frameborder=\"0\" allowfullscreen=\"allowfullscreen\"><\/iframe><\/p>\n","protected":false},"excerpt":{"rendered":"<p>Cartagena de Indias, 22 de marzo de 2023.-\u00a0Al menos 300 fervientes asistentes acudieron este mi\u00e9rcoles 22 de marzo al foro Mujer: Soy Potencia y Liderazgo, organizado por la C\u00e1mara de Comercio de Cartagena, y donde qued\u00f3 claro que son grandes los logros y los retos en materia de g\u00e9nero para la regi\u00f3n. Andrea Pi\u00f1a, vicepresidenta de competitividad de la CCC, explic\u00f3 que el evento propici\u00f3 el encuentro de decenas de mujeres que est\u00e1n en proceso de emprendimiento, con aquellas que han desarrollado sus empresas y tienen conocimientos y experiencias para&#8230; <\/p>\n","protected":false},"author":3,"featured_media":49367,"comment_status":"closed","ping_status":"closed","sticky":false,"template":"","format":"standard","meta":{"footnotes":"","_links_to":"","_links_to_target":""},"categories":[3,1450,50],"tags":[881,154,292,285,306,818],"class_list":["post-49366","post","type-post","status-publish","format-standard","has-post-thumbnail","hentry","category-ciudad","category-parasladers","category-empresa","tag-andrea-pina","tag-camara-de-comercio","tag-ciudad","tag-destacada","tag-empresa","tag-mujer"],"_links":{"self":[{"href":"https:\/\/revistazetta.com\/index.php?rest_route=\/wp\/v2\/posts\/49366","targetHints":{"allow":["GET"]}}],"collection":[{"href":"https:\/\/revistazetta.com\/index.php?rest_route=\/wp\/v2\/posts"}],"about":[{"href":"https:\/\/revistazetta.com\/index.php?rest_route=\/wp\/v2\/types\/post"}],"author":[{"embeddable":true,"href":"https:\/\/revistazetta.com\/index.php?rest_route=\/wp\/v2\/users\/3"}],"replies":[{"embeddable":true,"href":"https:\/\/revistazetta.com\/index.php?rest_route=%2Fwp%2Fv2%2Fcomments&post=49366"}],"version-history":[{"count":0,"href":"https:\/\/revistazetta.com\/index.php?rest_route=\/wp\/v2\/posts\/49366\/revisions"}],"wp:featuredmedia":[{"embeddable":true,"href":"https:\/\/revistazetta.com\/index.php?rest_route=\/wp\/v2\/media\/49367"}],"wp:attachment":[{"href":"https:\/\/revistazetta.com\/index.php?rest_route=%2Fwp%2Fv2%2Fmedia&parent=49366"}],"wp:term":[{"taxonomy":"category","embeddable":true,"href":"https:\/\/revistazetta.com\/index.php?rest_route=%2Fwp%2Fv2%2Fcategories&post=49366"},{"taxonomy":"post_tag","embeddable":true,"href":"https:\/\/revistazetta.com\/index.php?rest_route=%2Fwp%2Fv2%2Ftags&post=49366"}],"curies":[{"name":"wp","href":"https:\/\/api.w.org\/{rel}","templated":true}]}}