{"id":49490,"date":"2023-03-31T17:32:40","date_gmt":"2023-03-31T22:32:40","guid":{"rendered":"https:\/\/revistazetta.com\/?p=49490"},"modified":"2023-03-31T17:32:40","modified_gmt":"2023-03-31T22:32:40","slug":"luego-de-9-anos-camila-salas-se-retira-de-invest-in-cartagena","status":"publish","type":"post","link":"https:\/\/revistazetta.com\/?p=49490","title":{"rendered":"Luego de 9 a\u00f1os, Camila Salas se retira de Invest In Cartagena"},"content":{"rendered":"<p>Cartagena de Indias, 31 de marzo de 2023.- Invest in Cartagena y Bol\u00edvar inform\u00f3 a trav\u00e9s de sus redes sociales que su directora por nueve a\u00f1os, Mar\u00eda Camila Salas, termina un ciclo en esa entidad.<\/p>\n<p>Con un sentido agradecimiento por sus logros y dedicaci\u00f3n profesional, este es el mensaje publicado:<\/p>\n<p style=\"padding-left: 40px;\"><em><span style=\"color: #0000ff;\">Tu equipo te agradece por estos nueve a\u00f1os dedicados al crecimiento y consolidaci\u00f3n de Cartagena y Bol\u00edvar como destino de talla mundial. \u00a1Tu profesionalismo, dedicaci\u00f3n y compromiso marcaron la diferencia!<\/span><\/em><\/p>\n<p><em><span style=\"color: #0000ff;\">\ud83e\udd1dBajo tu liderazgo, logramos apoyar 1.303 oportunidades de inversi\u00f3n, la instalaci\u00f3n de 138 empresas y proyectos de inversi\u00f3n, alcanzando m\u00e1s de 13.000 empleos directos a trav\u00e9s de la expansi\u00f3n y nuevas empresas que decidieron instalarse en la ciudad y el departamento aportando al desarrollo social y econ\u00f3mico de nuestra regi\u00f3n.<\/span><\/em><\/p>\n<p><em><span style=\"color: #0000ff;\">\ud83e\udd47Logramos el 1er lugar del American Cities of the Future, por tener la \u2018Mejor estrategia para atracci\u00f3n de inversi\u00f3n de Am\u00e9rica\u2019 entre 451 ciudades, publicado por la revista FDi Magazine del Financial Times.<\/span><\/em><\/p>\n<p><em><span style=\"color: #0000ff;\">Gracias por hacer posible la promoci\u00f3n de Cartagena y Bol\u00edvar como un destino atractivo para las inversiones liderando alianzas p\u00fablico- privadas. Te deseamos muchos \u00e9xitos en tus nuevos retos profesionales.<\/span><\/em><\/p>\n","protected":false},"excerpt":{"rendered":"<p>Cartagena de Indias, 31 de marzo de 2023.- Invest in Cartagena y Bol\u00edvar inform\u00f3 a trav\u00e9s de sus redes sociales que su directora por nueve a\u00f1os, Mar\u00eda Camila Salas, termina un ciclo en esa entidad. Con un sentido agradecimiento por sus logros y dedicaci\u00f3n profesional, este es el mensaje publicado: Tu equipo te agradece por estos nueve a\u00f1os dedicados al crecimiento y consolidaci\u00f3n de Cartagena y Bol\u00edvar como destino de talla mundial. \u00a1Tu profesionalismo, dedicaci\u00f3n y compromiso marcaron la diferencia! \ud83e\udd1dBajo tu liderazgo, logramos apoyar 1.303 oportunidades de inversi\u00f3n, la&#8230; <\/p>\n","protected":false},"author":3,"featured_media":49491,"comment_status":"closed","ping_status":"closed","sticky":false,"template":"","format":"standard","meta":{"footnotes":"","_links_to":"","_links_to_target":""},"categories":[1450,3,50],"tags":[883,292,285,306,731],"class_list":["post-49490","post","type-post","status-publish","format-standard","has-post-thumbnail","hentry","category-parasladers","category-ciudad","category-empresa","tag-camila-salas","tag-ciudad","tag-destacada","tag-empresa","tag-invest-in-cartagena"],"_links":{"self":[{"href":"https:\/\/revistazetta.com\/index.php?rest_route=\/wp\/v2\/posts\/49490","targetHints":{"allow":["GET"]}}],"collection":[{"href":"https:\/\/revistazetta.com\/index.php?rest_route=\/wp\/v2\/posts"}],"about":[{"href":"https:\/\/revistazetta.com\/index.php?rest_route=\/wp\/v2\/types\/post"}],"author":[{"embeddable":true,"href":"https:\/\/revistazetta.com\/index.php?rest_route=\/wp\/v2\/users\/3"}],"replies":[{"embeddable":true,"href":"https:\/\/revistazetta.com\/index.php?rest_route=%2Fwp%2Fv2%2Fcomments&post=49490"}],"version-history":[{"count":0,"href":"https:\/\/revistazetta.com\/index.php?rest_route=\/wp\/v2\/posts\/49490\/revisions"}],"wp:featuredmedia":[{"embeddable":true,"href":"https:\/\/revistazetta.com\/index.php?rest_route=\/wp\/v2\/media\/49491"}],"wp:attachment":[{"href":"https:\/\/revistazetta.com\/index.php?rest_route=%2Fwp%2Fv2%2Fmedia&parent=49490"}],"wp:term":[{"taxonomy":"category","embeddable":true,"href":"https:\/\/revistazetta.com\/index.php?rest_route=%2Fwp%2Fv2%2Fcategories&post=49490"},{"taxonomy":"post_tag","embeddable":true,"href":"https:\/\/revistazetta.com\/index.php?rest_route=%2Fwp%2Fv2%2Ftags&post=49490"}],"curies":[{"name":"wp","href":"https:\/\/api.w.org\/{rel}","templated":true}]}}