{"id":4954,"date":"2015-03-11T00:43:45","date_gmt":"2015-03-11T05:43:45","guid":{"rendered":"http:\/\/www.revistazetta.com\/?p=4954"},"modified":"2015-03-11T00:45:45","modified_gmt":"2015-03-11T05:45:45","slug":"ecos-de-gambote-discurso-del-gobernador-juan-carlos-gossain","status":"publish","type":"post","link":"https:\/\/revistazetta.com\/?p=4954","title":{"rendered":"Ecos de Gambote &#8211; discurso del gobernador Juan Carlos Gossa\u00edn"},"content":{"rendered":"<blockquote><p><strong>Palabras de Juan Carlos Gossa\u00edn, gobernador de Bol\u00edvar, en la inauguraci\u00f3n del puente de Gambote &#8211; Jueves 5 de marzo (Insumo de an\u00e1lisis)<\/strong><\/p><\/blockquote>\n<p>Hoy hay razones para celebrar la entrega esta tarde del nuevo puente de Gambote en condiciones estructurales superiores al antiguo paso elevado sobre el canal del Dique debe motivar la complacencia de todos los habitantes de la regi\u00f3n Caribe. Por encima de cualquier palabra adicional se\u00f1or Presidente, lo primero que cabe y corresponde como vocero de esta comunidad es darle las gracias, porque aqu\u00ed en este departamento las gracias siempre suenan con un fuerte aplauso.<\/p>\n<p>Sin embargo la felicitad no es completa. Con la inauguraci\u00f3n de la obra surgen inquietudes de la comunidad y de toda la dirigencia pol\u00edtica, gremial y administrativa de Bol\u00edvar, que tal vez no sea pol\u00edticamente correcto plantearlas en este escenario, pero usted bien lo sabe, querido presidente, en la Costa estamos acostumbrados a llamar las cosas por su propio nombre.<\/p>\n<p>Apelo a su buena memoria para recordarle que cuando se conocieron los dise\u00f1os estructurales del nuevo puente, hubo una gran movilizaci\u00f3n de fuerzas vivas del departamento, que con argumentos contundentes demostramos como la proyectada obra resultaba inferior a las demandas de nuestra regi\u00f3n en materia de infraestructura vial para la competitividad en los a\u00f1os que se avecinan.<\/p>\n<p>En el despacho de la entonces Ministra de Transporte Cecilia \u00c1lvarez en Bogot\u00e1 logramos la concertaci\u00f3n con una amplia comisi\u00f3n representativa de todos los sectores del Departamento y asumi\u00f3 la Naci\u00f3n el compromiso de ejecutar un segundo puente en doble calzada como complemento al presupuestado.<\/p>\n<p>Esa concertaci\u00f3n se formaliz\u00f3 mediante oficios del Ministerio que reposan en los archivos de la Gobernaci\u00f3n de Bol\u00edvar, en los que se afirma inclusive que el proceso ya se encontraba en fase de pre licitaci\u00f3n.<\/p>\n<p>Infortunadamente, Presidente, hace algunos d\u00edas, como un golpe directo al ment\u00f3n, recibimos el anuncio arrogante de que la segunda fase del proyecto no estaba aprobada.<\/p>\n<p>El 25 de febrero pasado, fecha exacta, el director del Fondo de Adaptaci\u00f3n, en tono poco cordial, sostuvo en mi Despacho en presencia de varios funcionarios y del alcalde de Arjona, que el Ministerio de Transporte no ha priorizado el proyecto y adicionalmente el Consejo Directivo de ese organismo nunca lo ha aprobado y que este nunca fue formulado y por tales razones no hay asignaci\u00f3n directa de recursos para dicha obra.<\/p>\n<p>En ese entonces no ten\u00eda las pruebas que hoy tengo para se\u00f1alar que el Consejo Directivo del mes de marzo del a\u00f1o pasado, en acta del Fondo de Adaptaci\u00f3n N\u00ba43, se encuentran viabilizados y aprobados los recursos para la doble calzada del puente de Gambote.<\/p>\n<p>Requerimos del funcionario no solamente el cumplimiento de la palabra empe\u00f1ada sino de los compromisos formales y de los anuncios hechos al respecto por el Gobierno a trav\u00e9s de varios medios de comunicaci\u00f3n. La respuesta fue demoledora. El doctor Arce asegur\u00f3 que la Ministra del Transporte no ten\u00eda competencia para asumir los compromisos como lo hab\u00eda anunciado porque ella simplemente era un miembro m\u00e1s del Consejo Directivo. Y fue m\u00e1s all\u00e1 cuando dijo que los compromisos del Presidente no son los que aparecen registrados en la prensa.<\/p>\n<p>Lo que menos queremos, Presidente, es convertir este acto en un escenario de quejas, pero me corresponde hacerlo por varias razones:<\/p>\n<p>Primero porque se trata de declaraciones de un funcionario cuyo nombre no tiene importancia, pero que tiene la facultad y posiblemente la disposici\u00f3n de impedir que se ejecute de manera completa un proyecto sobre el cual est\u00e1n cifradas las esperanzas de esta regi\u00f3n y sobre la cual usted tambi\u00e9n ha fungido como compromisario.<\/p>\n<p>Segundo porque estamos seguros que Usted desconoce lo que est\u00e1 ocurriendo tendiendo en cuenta que en muchas ocasiones se ha referido p\u00fablicamente a la culminaci\u00f3n de la segunda calzada de manera positiva y afectuosa.<\/p>\n<p>Y tercero, por dignidad: este departamento arrastra una historia de exclusi\u00f3n y de decisiones centralistas que han generado una enorme brecha social que nos pesa todav\u00eda, pero que comenzamos a superar hace tres a\u00f1os y un par de meses, no esperando favores o d\u00e1divas sino reclamando derechos y desarrollando gestiones propias.<\/p>\n<p>Los bolivarenses le hemos demostrado que queremos y confiamos en usted Presidente, que su decisi\u00f3n de impulsar la paz desde las regiones es m\u00e1s que un discurso, es una decisi\u00f3n, y vamos a seguir prestos a acompa\u00f1arlo.<\/p>\n<p>Este acto, concebido como una celebraci\u00f3n, todav\u00eda lo puede ser si usted le da un cambio de rumbo a la maniobra que pretenden algunos de sus colaboradores para hacerlo incurrir en un descomunal incumplimiento que la comunidad bolivarense no est\u00e1 dispuesta a aceptar.<\/p>\n<p>Hablo en mi condici\u00f3n de gobernador de Bol\u00edvar pero tambi\u00e9n como vocero y con el respaldo de los 46 los alcaldes de este departamento, de todas las comunidades, de 13 senadores y representantes a la C\u00e1mara de Bol\u00edvar, y de todas las organizaciones gremiales, c\u00edvicas y empresariales, clamo por que se adopten los correctivos inmediatos para que se apruebe la construcci\u00f3n de la segunda calzada del puente de Gambote, \u00a1ya!<\/p>\n<p>No aceptamos que se afecte en forma grave la expectativa de desarrollo del departamento de Bol\u00edvar, que se amenaza hoy por la confesa intenci\u00f3n de un director de un Fondo de Adaptaci\u00f3n, sino tambi\u00e9n por la incertidumbre que genera la forma como \u00e9l ha orientado el proceso de licitaci\u00f3n del puente Yat\u00ed-Bodega. Hay tres fallidos proceso licitatorios; este proyecto, tambi\u00e9n vital, tiene un nuevo cronograma pero nuevamente el director del Fondo anunci\u00f3 la posibilidad de ampliar el plazo para hacerles m\u00e1s ajustes y observaciones.<\/p>\n<p>No cabe en nuestra l\u00f3gica aceptar el descarte de la segunda calzada. Con afecto, con cortes\u00eda, Presidente, le solicito contemplar la posibilidad de que estos recursos sean transferidos y ejecutados por el Ministerio de Transporte, que ellos si han demostrado eficiencia y articulaci\u00f3n regional.<\/p>\n<p>Recibimos complacidos esta tarde la entrega de la primera fase del puente de Gambote. Hoy le damos las gracias por el 50% del avance del proyecto.<\/p>\n<p>Yo vot\u00e9 por usted, Presidente. Este departamento vot\u00f3 mayoritariamente por Usted. Y reiteradamente hemos agradecido su buena voluntad y apoyo. Personalmente he visto su \u00e1nimo en traer progreso a estas tierras, y lo ha conseguido en muchos sectores, con muy buenos funcionarios del Alto Gobierno respaldando cada una de sus iniciativas.<\/p>\n<p>Por eso, al igual que como reza este titular de hoy en el peri\u00f3dico local, yo repito delante de todas las personas presentes, una frase que la digo con convicci\u00f3n para que sea escuchada: \u00a1yo conf\u00edo en la promesa del Presidente Santos, \u00a1en este departamento creemos en usted, Presidente, aqu\u00ed en este departamento donde yo gobierno con el respaldo pleno de los bolivarenses, creemos en Usted, bienvenido a esta inauguraci\u00f3n de su propia obra, por lo cual lo vamos a recordar, y tambi\u00e9n los vamos a estar esperando Presidente en la inauguraci\u00f3n de la segunda calzada del puente, aunque para ese entonces ya yo no sea gobernador de Bol\u00edvar.<\/p>\n<p>Hace m\u00e1s de 50 a\u00f1os un Presidente de la Rep\u00fablica tuvo la visi\u00f3n de concertar un peque\u00f1o puentecito por el cual durante todos esos 50 a\u00f1os se ha recorrido por v\u00eda terrestre m\u00e1s del 80% del transporte de carga que se mueve desde el occidente y desde el centro del pa\u00eds, buscando como destino final el puerto de Cartagena.<\/p>\n<p>Se\u00f1or Presidente: hace 50 a\u00f1os Rojas Pinilla no necesitaba tener un director de un Fondo de Adaptaci\u00f3n para tomar decisiones que generaran desarrollo para la regi\u00f3n. \u00a1Usted tampoco lo necesita!<\/p>\n<p>(FIN)<\/p>\n<p>&nbsp;<\/p>\n","protected":false},"excerpt":{"rendered":"<p>Palabras de Juan Carlos Gossa\u00edn, gobernador de Bol\u00edvar, en la inauguraci\u00f3n del puente de Gambote &#8211; Jueves 5 de marzo (Insumo de an\u00e1lisis) Hoy hay razones para celebrar la entrega esta tarde del nuevo puente de Gambote en condiciones estructurales superiores al antiguo paso elevado sobre el canal del Dique debe motivar la complacencia de todos los habitantes de la regi\u00f3n Caribe. Por encima de cualquier palabra adicional se\u00f1or Presidente, lo primero que cabe y corresponde como vocero de esta comunidad es darle las gracias, porque aqu\u00ed en este departamento&#8230; <\/p>\n","protected":false},"author":3,"featured_media":4955,"comment_status":"open","ping_status":"closed","sticky":false,"template":"","format":"standard","meta":{"footnotes":"","_links_to":"","_links_to_target":""},"categories":[66,44],"tags":[],"class_list":["post-4954","post","type-post","status-publish","format-standard","has-post-thumbnail","hentry","category-analisis","category-materiagris"],"_links":{"self":[{"href":"https:\/\/revistazetta.com\/index.php?rest_route=\/wp\/v2\/posts\/4954","targetHints":{"allow":["GET"]}}],"collection":[{"href":"https:\/\/revistazetta.com\/index.php?rest_route=\/wp\/v2\/posts"}],"about":[{"href":"https:\/\/revistazetta.com\/index.php?rest_route=\/wp\/v2\/types\/post"}],"author":[{"embeddable":true,"href":"https:\/\/revistazetta.com\/index.php?rest_route=\/wp\/v2\/users\/3"}],"replies":[{"embeddable":true,"href":"https:\/\/revistazetta.com\/index.php?rest_route=%2Fwp%2Fv2%2Fcomments&post=4954"}],"version-history":[{"count":0,"href":"https:\/\/revistazetta.com\/index.php?rest_route=\/wp\/v2\/posts\/4954\/revisions"}],"wp:featuredmedia":[{"embeddable":true,"href":"https:\/\/revistazetta.com\/index.php?rest_route=\/wp\/v2\/media\/4955"}],"wp:attachment":[{"href":"https:\/\/revistazetta.com\/index.php?rest_route=%2Fwp%2Fv2%2Fmedia&parent=4954"}],"wp:term":[{"taxonomy":"category","embeddable":true,"href":"https:\/\/revistazetta.com\/index.php?rest_route=%2Fwp%2Fv2%2Fcategories&post=4954"},{"taxonomy":"post_tag","embeddable":true,"href":"https:\/\/revistazetta.com\/index.php?rest_route=%2Fwp%2Fv2%2Ftags&post=4954"}],"curies":[{"name":"wp","href":"https:\/\/api.w.org\/{rel}","templated":true}]}}