{"id":49662,"date":"2023-04-20T10:27:41","date_gmt":"2023-04-20T15:27:41","guid":{"rendered":"https:\/\/revistazetta.com\/?p=49662"},"modified":"2023-04-20T10:27:41","modified_gmt":"2023-04-20T15:27:41","slug":"alcalde-de-santa-catalina-se-opone-a-peaje-en-loma-de-arena","status":"publish","type":"post","link":"https:\/\/revistazetta.com\/?p=49662","title":{"rendered":"Alcalde de Santa Catalina se opone a peaje en Loma de Arena"},"content":{"rendered":"<p><strong>Santa Catalina, Bol\u00edvar, 20 de abril de 2023.-<\/strong> De acuerdo a las recientes declaraciones del alcalde de Cartagena, William Jorge Dau Chamat, sobre el traslado del peaje de Marahuaco a territorio de Loma de Arena, corregimiento de Santa Catalina, el alcalde de ese municipio, Manuel Polo Simancas, recalc\u00f3 que no permitir\u00e1 la instalaci\u00f3n de ese peaje en el territorio.<\/p>\n<p>Dau Chamat indic\u00f3 que el peaje debe estar localizado en el kil\u00f3metro 42 y no donde fue instalado en los a\u00f1os 90 cuando se apertur\u00f3 la V\u00eda al Mar, y por eso pidi\u00f3 al ministro de Transporte, Guillermo Reyes, y a la Agencia Nacional de Infraestructura (ANI) tomen la decisi\u00f3n para no seguir afectando a los habitantes de corregimientos como Arroyo Grande, Arroyo de Las Canoas y Arroyo de Piedra.<\/p>\n<p>La respuesta de Manuel Polo es contundente, pues asegura que la comunidad de Loma de Arena no lo permitir\u00e1. \u201cLoma de Arena es una comunidad pobre que pide a gritos oportunidades, no que vengan a instalar un peaje solo porque a alguien se le ocurre. Yo estoy del lado de la comunidad y defenderemos nuestra posici\u00f3n\u201d, dijo.<\/p>\n<p>Solicit\u00f3 la atenci\u00f3n del ministro de Tranporte, Guillermo Reyes Gonz\u00e1lez para tratar este tema en su territorio y para que palpen la inviabilidad de colocar ese peaje.<\/p>\n<p>\u201cTambien pido al presidente Gustavo Petro para que desde el Gobierno Nacional nos ayude a buscar una soluci\u00f3n al problema del agua potable que padecemos todos los habitantes del municipio\u201d, dijo.<\/p>\n","protected":false},"excerpt":{"rendered":"<p>Santa Catalina, Bol\u00edvar, 20 de abril de 2023.- De acuerdo a las recientes declaraciones del alcalde de Cartagena, William Jorge Dau Chamat, sobre el traslado del peaje de Marahuaco a territorio de Loma de Arena, corregimiento de Santa Catalina, el alcalde de ese municipio, Manuel Polo Simancas, recalc\u00f3 que no permitir\u00e1 la instalaci\u00f3n de ese peaje en el territorio. Dau Chamat indic\u00f3 que el peaje debe estar localizado en el kil\u00f3metro 42 y no donde fue instalado en los a\u00f1os 90 cuando se apertur\u00f3 la V\u00eda al Mar, y por&#8230; <\/p>\n","protected":false},"author":3,"featured_media":49663,"comment_status":"closed","ping_status":"closed","sticky":false,"template":"","format":"standard","meta":{"footnotes":"","_links_to":"","_links_to_target":""},"categories":[80,83],"tags":[305,863,300,1577],"class_list":["post-49662","post","type-post","status-publish","format-standard","has-post-thumbnail","hentry","category-region","category-municipios","tag-municipios","tag-peaje","tag-region","tag-santa-catalina"],"_links":{"self":[{"href":"https:\/\/revistazetta.com\/index.php?rest_route=\/wp\/v2\/posts\/49662","targetHints":{"allow":["GET"]}}],"collection":[{"href":"https:\/\/revistazetta.com\/index.php?rest_route=\/wp\/v2\/posts"}],"about":[{"href":"https:\/\/revistazetta.com\/index.php?rest_route=\/wp\/v2\/types\/post"}],"author":[{"embeddable":true,"href":"https:\/\/revistazetta.com\/index.php?rest_route=\/wp\/v2\/users\/3"}],"replies":[{"embeddable":true,"href":"https:\/\/revistazetta.com\/index.php?rest_route=%2Fwp%2Fv2%2Fcomments&post=49662"}],"version-history":[{"count":0,"href":"https:\/\/revistazetta.com\/index.php?rest_route=\/wp\/v2\/posts\/49662\/revisions"}],"wp:featuredmedia":[{"embeddable":true,"href":"https:\/\/revistazetta.com\/index.php?rest_route=\/wp\/v2\/media\/49663"}],"wp:attachment":[{"href":"https:\/\/revistazetta.com\/index.php?rest_route=%2Fwp%2Fv2%2Fmedia&parent=49662"}],"wp:term":[{"taxonomy":"category","embeddable":true,"href":"https:\/\/revistazetta.com\/index.php?rest_route=%2Fwp%2Fv2%2Fcategories&post=49662"},{"taxonomy":"post_tag","embeddable":true,"href":"https:\/\/revistazetta.com\/index.php?rest_route=%2Fwp%2Fv2%2Ftags&post=49662"}],"curies":[{"name":"wp","href":"https:\/\/api.w.org\/{rel}","templated":true}]}}