{"id":49767,"date":"2023-04-29T10:26:08","date_gmt":"2023-04-29T15:26:08","guid":{"rendered":"https:\/\/revistazetta.com\/?p=49767"},"modified":"2023-04-29T10:26:08","modified_gmt":"2023-04-29T15:26:08","slug":"juventud-tesoro-cartagenero-opinion-de-ambrosio-fernandez","status":"publish","type":"post","link":"https:\/\/revistazetta.com\/?p=49767","title":{"rendered":"Juventud: Tesoro cartagenero &#8211; Opini\u00f3n de Ambrosio Fern\u00e1ndez"},"content":{"rendered":"<p><strong><span style=\"color: #333399;\">Por Ambrosio Fern\u00e1ndez (Especial para Revista Zetta).-<\/span> Cartagena de Indias, 29 de abril de 2023.-<\/strong>\u00a0Cartagena C\u00f3mo Vamos entreg\u00f3 nuevamente los resultados de la Encuesta de Percepci\u00f3n Ciudadana, la cual, a grandes rasgos, sondea c\u00f3mo se sienten los cartageneros con su ciudad en aspectos que van desde las perspectivas de futuro, seguridad, empleo, salud y la opini\u00f3n que tienen los ciudadanos de los mandatarios e instituciones. Como era de esperarse, algunos de los resultados que se mostraron no fueron para nada halagadores, en especial en la imagen que se tiene del alcalde Dau, o en materia de seguridad alimentaria, sin embargo y en aras de ver el vaso medio lleno y no medio vac\u00edo, quisiera enfocarme en unas cifras no tan negativas.<span class=\"Apple-converted-space\">\u00a0<\/span><\/p>\n<p>En el apartado de educaci\u00f3n, entre las principales conclusiones del informe, se anota textualmente que Cartagena es una ciudad principalmente joven, en especial al observar que el 37% de los hogares encuestados dijeron tener un menor de 5 a\u00f1os y que en el 43% hay ni\u00f1os, ni\u00f1as y adolescentes entre los 5 y 17 a\u00f1os. Es decir, que literalmente Cartagena tiene en su juventud un gran futuro.<span class=\"Apple-converted-space\">\u00a0<\/span><\/p>\n<p>Pa\u00edses desarrollados enfrentan actualmente graves problemas demogr\u00e1ficos por el envejecimiento de su poblaci\u00f3n; Jap\u00f3n ha visto estancarse su econom\u00eda, entre otras razones, por cuenta de las bajas tasas de natalidad. Para no ir muy lejos, el DANE ya ha alertado que en Colombia la llamada pir\u00e1mide poblacional ha empezado a revertirse y dentro de pocos a\u00f1os ser\u00e1n m\u00e1s los viejos que los j\u00f3venes, con especial atenci\u00f3n a departamentos como Quind\u00edo o Caldas.<span class=\"Apple-converted-space\">\u00a0<\/span><\/p>\n<p>Que en Cartagena casi la mitad de los hogares tenga un ni\u00f1o o un joven dentro de sus integrantes y eso sin contar a los que se encuentran entre los 18 y 28 a\u00f1os, es una gran oportunidad que se le presenta a la ciudad de cara al futuro y en las manos de los gobernantes, de la sociedad civil, del sector privado, pero tambi\u00e9n de los padres de familia, est\u00e1 gran parte de la responsabilidad para aprovechar sus potencialidades.<span class=\"Apple-converted-space\">\u00a0<\/span><\/p>\n<p>Aunque la misma encuesta revela que en general los cartageneros se encuentran muy satisfechos con la educaci\u00f3n que los estudiantes reciben en todos los niveles, es esta la piedra angular para que qui\u00e9nes est\u00e1n en la infancia o adolescencia hoy, no sean una generaci\u00f3n perdida; sino todo lo contrario, que lleve nuestra ciudad por los caminos del progreso. Una de las maneras de hacerlo es profundizar la formaci\u00f3n en STEM (ciencia, tecnolog\u00eda, ingenier\u00eda y matem\u00e1ticas por sus siglas en ingl\u00e9s) que entre otras permita a qui\u00e9nes la reciben, enfrentar desaf\u00edos como la transici\u00f3n energ\u00e9tica o la cuarta revoluci\u00f3n industrial.<span class=\"Apple-converted-space\">\u00a0<\/span><\/p>\n<p>En las calles, en los barrios, en las islas, detr\u00e1s de las murallas, en cada rinc\u00f3n de esta ciudad, hay miles de muchachos con talento y ganas, es nuestro deber acompa\u00f1arlos y guiarlos para construir la Cartagena del futuro.<span class=\"Apple-converted-space\">\u00a0<\/span><\/p>\n","protected":false},"excerpt":{"rendered":"<p>Por Ambrosio Fern\u00e1ndez (Especial para Revista Zetta).- Cartagena de Indias, 29 de abril de 2023.-\u00a0Cartagena C\u00f3mo Vamos entreg\u00f3 nuevamente los resultados de la Encuesta de Percepci\u00f3n Ciudadana, la cual, a grandes rasgos, sondea c\u00f3mo se sienten los cartageneros con su ciudad en aspectos que van desde las perspectivas de futuro, seguridad, empleo, salud y la opini\u00f3n que tienen los ciudadanos de los mandatarios e instituciones. Como era de esperarse, algunos de los resultados que se mostraron no fueron para nada halagadores, en especial en la imagen que se tiene del&#8230; <\/p>\n","protected":false},"author":3,"featured_media":49768,"comment_status":"closed","ping_status":"closed","sticky":false,"template":"","format":"standard","meta":{"footnotes":"","_links_to":"","_links_to_target":""},"categories":[1450],"tags":[],"class_list":["post-49767","post","type-post","status-publish","format-standard","has-post-thumbnail","hentry","category-parasladers"],"_links":{"self":[{"href":"https:\/\/revistazetta.com\/index.php?rest_route=\/wp\/v2\/posts\/49767","targetHints":{"allow":["GET"]}}],"collection":[{"href":"https:\/\/revistazetta.com\/index.php?rest_route=\/wp\/v2\/posts"}],"about":[{"href":"https:\/\/revistazetta.com\/index.php?rest_route=\/wp\/v2\/types\/post"}],"author":[{"embeddable":true,"href":"https:\/\/revistazetta.com\/index.php?rest_route=\/wp\/v2\/users\/3"}],"replies":[{"embeddable":true,"href":"https:\/\/revistazetta.com\/index.php?rest_route=%2Fwp%2Fv2%2Fcomments&post=49767"}],"version-history":[{"count":0,"href":"https:\/\/revistazetta.com\/index.php?rest_route=\/wp\/v2\/posts\/49767\/revisions"}],"wp:featuredmedia":[{"embeddable":true,"href":"https:\/\/revistazetta.com\/index.php?rest_route=\/wp\/v2\/media\/49768"}],"wp:attachment":[{"href":"https:\/\/revistazetta.com\/index.php?rest_route=%2Fwp%2Fv2%2Fmedia&parent=49767"}],"wp:term":[{"taxonomy":"category","embeddable":true,"href":"https:\/\/revistazetta.com\/index.php?rest_route=%2Fwp%2Fv2%2Fcategories&post=49767"},{"taxonomy":"post_tag","embeddable":true,"href":"https:\/\/revistazetta.com\/index.php?rest_route=%2Fwp%2Fv2%2Ftags&post=49767"}],"curies":[{"name":"wp","href":"https:\/\/api.w.org\/{rel}","templated":true}]}}