{"id":49809,"date":"2023-05-04T08:30:00","date_gmt":"2023-05-04T13:30:00","guid":{"rendered":"https:\/\/revistazetta.com\/?p=49809"},"modified":"2023-05-04T08:30:00","modified_gmt":"2023-05-04T13:30:00","slug":"yamilito-arana-esta-mostrando-lo-mejor-de-bolivar","status":"publish","type":"post","link":"https:\/\/revistazetta.com\/?p=49809","title":{"rendered":"Yamilito Arana est\u00e1 mostrando lo mejor de Bol\u00edvar"},"content":{"rendered":"<p><strong>Turbaco, 4 de mayo de 2023.-<\/strong> Yamilito Arana sorprendi\u00f3 a sus seguidores en redes sociales con un video donde muestra \u00abLo mejor de Bol\u00edvar\u00bb, en lo que parece ser el inicio de una serie de recorridos por todo el territorio departamental.<\/p>\n<p>En turbaco inici\u00f3 esta serie y lo primero que se muestra es la fabricaci\u00f3n de una golosina distintiva del municipio: los panderitos.<\/p>\n<blockquote><p><span style=\"color: #0000ff;\"><em>\u00abDonde me llamen. ah\u00ed estar\u00e9, mostrando le mejor de Bol\u00edvar\u00bb, dice el excongresista.<\/em><\/span><\/p><\/blockquote>\n<p>El video muestra a unos j\u00f3venes preparando este manjar, quienes dicen:<\/p>\n<blockquote><p><span style=\"color: #0000ff;\"><em>En Turbaco: Lo mejor de Bol\u00edvar son los panderitos<\/em><\/span><\/p><\/blockquote>\n<p>Al final, Yamilito se sube a su veh\u00edculo y dice:<\/p>\n<blockquote><p><span style=\"color: #0000ff;\"><em>\u201cComiendo panderitos aqu\u00ed en el carro\u2026 Uno para mi mam\u00e1, otro para Angie, uno para ustedes los antojados, y uno para t\u00ed\u201d.<\/em><\/span><\/p><\/blockquote>\n<blockquote class=\"instagram-media\" style=\"background: #FFF; border: 0; border-radius: 3px; box-shadow: 0 0 1px 0 rgba(0,0,0,0.5),0 1px 10px 0 rgba(0,0,0,0.15); margin: 1px; max-width: 540px; min-width: 326px; padding: 0; width: calc(100% - 2px);\" data-instgrm-captioned=\"\" data-instgrm-permalink=\"https:\/\/www.instagram.com\/reel\/Cr0mXa1O_zv\/?utm_source=ig_embed&amp;utm_campaign=loading\" data-instgrm-version=\"14\">\n<div style=\"padding: 16px;\">\n<p>&nbsp;<\/p>\n<div style=\"display: flex; flex-direction: row; align-items: center;\">\n<div style=\"background-color: #f4f4f4; border-radius: 50%; flex-grow: 0; height: 40px; margin-right: 14px; width: 40px;\"><\/div>\n<div style=\"display: flex; flex-direction: column; flex-grow: 1; justify-content: center;\">\n<div style=\"background-color: #f4f4f4; border-radius: 4px; flex-grow: 0; height: 14px; margin-bottom: 6px; width: 100px;\"><\/div>\n<div style=\"background-color: #f4f4f4; border-radius: 4px; flex-grow: 0; height: 14px; width: 60px;\"><\/div>\n<\/div>\n<\/div>\n<div style=\"padding: 19% 0;\"><\/div>\n<div style=\"display: block; height: 50px; margin: 0 auto 12px; width: 50px;\"><\/div>\n<div style=\"padding-top: 8px;\">\n<div style=\"color: #3897f0; font-family: Arial,sans-serif; font-size: 14px; font-style: normal; font-weight: 550; line-height: 18px;\">Ver esta publicaci\u00f3n en Instagram<\/div>\n<\/div>\n<div style=\"padding: 12.5% 0;\"><\/div>\n<div style=\"display: flex; flex-direction: row; margin-bottom: 14px; align-items: center;\">\n<div>\n<div style=\"background-color: #f4f4f4; border-radius: 50%; height: 12.5px; width: 12.5px; transform: translateX(0px) translateY(7px);\"><\/div>\n<div style=\"background-color: #f4f4f4; height: 12.5px; transform: rotate(-45deg) translateX(3px) translateY(1px); width: 12.5px; flex-grow: 0; margin-right: 14px; margin-left: 2px;\"><\/div>\n<div style=\"background-color: #f4f4f4; border-radius: 50%; height: 12.5px; width: 12.5px; transform: translateX(9px) translateY(-18px);\"><\/div>\n<\/div>\n<div style=\"margin-left: 8px;\">\n<div style=\"background-color: #f4f4f4; border-radius: 50%; flex-grow: 0; height: 20px; width: 20px;\"><\/div>\n<div style=\"width: 0; height: 0; border-top: 2px solid transparent; border-left: 6px solid #f4f4f4; border-bottom: 2px solid transparent; transform: translateX(16px) translateY(-4px) rotate(30deg);\"><\/div>\n<\/div>\n<div style=\"margin-left: auto;\">\n<div style=\"width: 0px; border-top: 8px solid #F4F4F4; border-right: 8px solid transparent; transform: translateY(16px);\"><\/div>\n<div style=\"background-color: #f4f4f4; flex-grow: 0; height: 12px; width: 16px; transform: translateY(-4px);\"><\/div>\n<div style=\"width: 0; height: 0; border-top: 8px solid #F4F4F4; border-left: 8px solid transparent; transform: translateY(-4px) translateX(8px);\"><\/div>\n<\/div>\n<\/div>\n<div style=\"display: flex; flex-direction: column; flex-grow: 1; justify-content: center; margin-bottom: 24px;\">\n<div style=\"background-color: #f4f4f4; border-radius: 4px; flex-grow: 0; height: 14px; margin-bottom: 6px; width: 224px;\"><\/div>\n<div style=\"background-color: #f4f4f4; border-radius: 4px; flex-grow: 0; height: 14px; width: 144px;\"><\/div>\n<\/div>\n<p>&nbsp;<\/p>\n<p style=\"color: #c9c8cd; font-family: Arial,sans-serif; font-size: 14px; line-height: 17px; margin-bottom: 0; margin-top: 8px; overflow: hidden; padding: 8px 0 7px; text-align: center; text-overflow: ellipsis; white-space: nowrap;\"><a style=\"color: #c9c8cd; font-family: Arial,sans-serif; font-size: 14px; font-style: normal; font-weight: normal; line-height: 17px; text-decoration: none;\" href=\"https:\/\/www.instagram.com\/reel\/Cr0mXa1O_zv\/?utm_source=ig_embed&amp;utm_campaign=loading\" target=\"_blank\" rel=\"noopener\">Una publicaci\u00f3n compartida por Yamil Arana (@yamilitoarana)<\/a><\/p>\n<\/div>\n<\/blockquote>\n<p><script async src=\"\/\/www.instagram.com\/embed.js\"><\/script><\/p>\n","protected":false},"excerpt":{"rendered":"<p>Turbaco, 4 de mayo de 2023.- Yamilito Arana sorprendi\u00f3 a sus seguidores en redes sociales con un video donde muestra \u00abLo mejor de Bol\u00edvar\u00bb, en lo que parece ser el inicio de una serie de recorridos por todo el territorio departamental. En turbaco inici\u00f3 esta serie y lo primero que se muestra es la fabricaci\u00f3n de una golosina distintiva del municipio: los panderitos. \u00abDonde me llamen. ah\u00ed estar\u00e9, mostrando le mejor de Bol\u00edvar\u00bb, dice el excongresista. El video muestra a unos j\u00f3venes preparando este manjar, quienes dicen: En Turbaco: Lo&#8230; <\/p>\n","protected":false},"author":3,"featured_media":49810,"comment_status":"closed","ping_status":"closed","sticky":false,"template":"","format":"standard","meta":{"footnotes":"","_links_to":"","_links_to_target":""},"categories":[4,1450,1440],"tags":[73,285,983,298,247],"class_list":["post-49809","post","type-post","status-publish","format-standard","has-post-thumbnail","hentry","category-politica","category-parasladers","category-elecciones-2023-politica","tag-bolivar","tag-destacada","tag-elecciones-2023","tag-politica","tag-yamilito-arana"],"_links":{"self":[{"href":"https:\/\/revistazetta.com\/index.php?rest_route=\/wp\/v2\/posts\/49809","targetHints":{"allow":["GET"]}}],"collection":[{"href":"https:\/\/revistazetta.com\/index.php?rest_route=\/wp\/v2\/posts"}],"about":[{"href":"https:\/\/revistazetta.com\/index.php?rest_route=\/wp\/v2\/types\/post"}],"author":[{"embeddable":true,"href":"https:\/\/revistazetta.com\/index.php?rest_route=\/wp\/v2\/users\/3"}],"replies":[{"embeddable":true,"href":"https:\/\/revistazetta.com\/index.php?rest_route=%2Fwp%2Fv2%2Fcomments&post=49809"}],"version-history":[{"count":0,"href":"https:\/\/revistazetta.com\/index.php?rest_route=\/wp\/v2\/posts\/49809\/revisions"}],"wp:featuredmedia":[{"embeddable":true,"href":"https:\/\/revistazetta.com\/index.php?rest_route=\/wp\/v2\/media\/49810"}],"wp:attachment":[{"href":"https:\/\/revistazetta.com\/index.php?rest_route=%2Fwp%2Fv2%2Fmedia&parent=49809"}],"wp:term":[{"taxonomy":"category","embeddable":true,"href":"https:\/\/revistazetta.com\/index.php?rest_route=%2Fwp%2Fv2%2Fcategories&post=49809"},{"taxonomy":"post_tag","embeddable":true,"href":"https:\/\/revistazetta.com\/index.php?rest_route=%2Fwp%2Fv2%2Ftags&post=49809"}],"curies":[{"name":"wp","href":"https:\/\/api.w.org\/{rel}","templated":true}]}}