{"id":49838,"date":"2023-05-09T07:34:58","date_gmt":"2023-05-09T12:34:58","guid":{"rendered":"https:\/\/revistazetta.com\/?p=49838"},"modified":"2023-05-09T07:34:58","modified_gmt":"2023-05-09T12:34:58","slug":"decima-muestra-de-cine-espanol-es-rica-y-diversa","status":"publish","type":"post","link":"https:\/\/revistazetta.com\/?p=49838","title":{"rendered":"D\u00e9cima Muestra de Cine Espa\u00f1ol es \u00abrica y diversa\u00bb"},"content":{"rendered":"<p><strong>Cartagena de Indias, 9 de mayo de 2023. <\/strong>La d\u00e9cima Muestra de Cine Espa\u00f1ol (MCE), organizada por la Consejer\u00eda Cultural de la Embajada de Espa\u00f1a en Colombia, se realizar\u00e1 del 10 al 21 de mayo en diez ciudades del pa\u00eds. En Cartagena, las proyecciones podr\u00e1n disfrutarse en el Centro de Formaci\u00f3n de la Cooperaci\u00f3n Espa\u00f1ola (CFCE). La entrada ser\u00e1 libre y gratuita.<\/p>\n<p>Bajo el lema \u201cRica y Diversa\u201d, la MCE trae m\u00e1s de 27 producciones que acercar\u00e1n al p\u00fablico colombiano a los t\u00edtulos m\u00e1s destacados y novedosos del cine espa\u00f1ol, incluyendo estrenos, cl\u00e1sicos y pel\u00edculas realizadas en los \u00faltimos a\u00f1os.<\/p>\n<p>La programaci\u00f3n tambi\u00e9n incluye pel\u00edculas coproducidas entre Espa\u00f1a y Angola, Cabo Verde y Guinea Ecuatorial, que forman parte de la secci\u00f3n Ventana \u00c1frica, organizada en colaboraci\u00f3n con la Muestra Itinerante de Cine Africano (MUICA).<\/p>\n<p>Las secciones de la MCE este a\u00f1o son: Estrenos, Medio Ambiente, Ventana \u00c1frica y habr\u00e1 una franja con pel\u00edculas del reciente fallecido y emblem\u00e1tico director espa\u00f1ol Carlos Saura. La Muestra llegar\u00e1 a Bogot\u00e1, Medell\u00edn, Cali, Barranquilla, Cartagena, Monter\u00eda, Pereira, Manizales, Villa de Leyva y Tumaco.<\/p>\n<p>Las pel\u00edculas que ser\u00e1n presentadas en el CFCE en Cartagena de Indias son: Las paredes que hablan (Carlos Saura) jueves 11 de mayo; Cinco lobitos (Alauda Ruiz de Az\u00faa) viernes 12 de mayo; As Bestas (Rodrigo Sorogoyen) mi\u00e9rcoles 17 de mayo; Un d\u00eda m\u00e1s con vida (Ra\u00fal de la Fuente, Dami\u00e1n Nenow) jueves 18 de mayo y Mensajes ocultos del r\u00edo Ganges (Antonio Rodrigo Paulette) viernes 19 de mayo. Todas las proyecciones ser\u00e1n a las 6:30 p.m. con entrada libre.<\/p>\n<p>M\u00e1s informaci\u00f3n en las redes sociales de @cfcecartagena y @consejeriaculturalespcol<\/p>\n<p><img loading=\"lazy\" decoding=\"async\" class=\"alignnone size-medium wp-image-49840\" src=\"https:\/\/revistazetta.com\/wp-content\/uploads\/2023\/05\/image00002-444x333.jpeg\" alt=\"\" width=\"444\" height=\"333\" srcset=\"https:\/\/revistazetta.com\/wp-content\/uploads\/2023\/05\/image00002-444x333.jpeg 444w, https:\/\/revistazetta.com\/wp-content\/uploads\/2023\/05\/image00002-1024x768.jpeg 1024w, https:\/\/revistazetta.com\/wp-content\/uploads\/2023\/05\/image00002-216x162.jpeg 216w, https:\/\/revistazetta.com\/wp-content\/uploads\/2023\/05\/image00002-1536x1152.jpeg 1536w, https:\/\/revistazetta.com\/wp-content\/uploads\/2023\/05\/image00002-2048x1536.jpeg 2048w\" sizes=\"auto, (max-width: 444px) 100vw, 444px\" \/><\/p>\n<p><strong>Programaci\u00f3n<\/strong><\/p>\n<p><strong>Jueves 11 de mayo a las 6:30 p.m.<\/strong><\/p>\n<p>Las paredes hablan (2022)<\/p>\n<p>Direcci\u00f3n: Carlos Saura<\/p>\n<p>Sinopsis: un documental que retrata la evoluci\u00f3n y relaci\u00f3n del arte con la pared como lienzo de creaci\u00f3n, desde las primeras revoluciones gr\u00e1ficas en las cuevas prehist\u00f3ricas hasta las expresiones m\u00e1s vanguardistas del arte urbano.<\/p>\n<p>&nbsp;<\/p>\n<p><strong>Viernes 12 de mayo a las 6:30 p.m.<\/strong><\/p>\n<p>Cinco lobitos (2022)<\/p>\n<p>Direcci\u00f3n: Alauda Ruiz de Az\u00faa<\/p>\n<p>Sinopsis: Amaia acaba de ser madre y se da cuenta de que no sabe muy bien c\u00f3mo serlo. Decide volver a casa de sus padres, en un bonito pueblo costero, y as\u00ed compartir la responsabilidad de cuidar a su beb\u00e9. Lo que no sabe Amaia es que, aunque ahora sea madre, no dejar\u00e1 de ser hija.<\/p>\n<p>&nbsp;<\/p>\n<p><strong>Mi\u00e9rcoles 17 de mayo a las 6:30 p.m.<\/strong><\/p>\n<p>As Bestas (2022)<\/p>\n<p>Direcci\u00f3n: Rodrigo Sorogoyen<\/p>\n<p>Sinopsis: Una pareja francesa de mediana edad se muda a un pueblo gallego en busca de una mayor cercan\u00eda con la naturaleza. Su presencia, sin embargo, despierta la hostilidad de dos lugare\u00f1os.<\/p>\n<p><strong>\u00a0<\/strong><\/p>\n<p><strong>Jueves 18 de mayo a las 6:30 p.m.<\/strong><\/p>\n<p>Un d\u00eda m\u00e1s con vida (2018)<\/p>\n<p>Direcci\u00f3n: Ra\u00fal de la Fuente, Dami\u00e1n Nenow<\/p>\n<p>Sinopsis: este documental animado muestra el relato autobiogr\u00e1fico del reportero polaco Ryszard Kapu\u015bci\u0144ski, quien narra los \u00faltimos d\u00edas de Angola como colonia portuguesa en 1975.<\/p>\n<p>&nbsp;<\/p>\n<p><strong>Viernes 19 de mayo a las 6:30 p.m.<\/strong><\/p>\n<p>Mensajes ocultos del r\u00edo Ganges (2020)<\/p>\n<p>Direcci\u00f3n: Antonio Rodrigo Paulette<\/p>\n<p>Sinopsis: la diosa Ganges representa la l\u00ednea de la vida en la India, pero \u00bfqu\u00e9 hay m\u00e1s all\u00e1 del curso del r\u00edo? Este documental recorre un camino cosmol\u00f3gico a trav\u00e9s de los misterios y la controversia que despierta uno de los r\u00edos m\u00e1s antiguos del planeta.<\/p>\n","protected":false},"excerpt":{"rendered":"<p>Cartagena de Indias, 9 de mayo de 2023. La d\u00e9cima Muestra de Cine Espa\u00f1ol (MCE), organizada por la Consejer\u00eda Cultural de la Embajada de Espa\u00f1a en Colombia, se realizar\u00e1 del 10 al 21 de mayo en diez ciudades del pa\u00eds. En Cartagena, las proyecciones podr\u00e1n disfrutarse en el Centro de Formaci\u00f3n de la Cooperaci\u00f3n Espa\u00f1ola (CFCE). La entrada ser\u00e1 libre y gratuita. Bajo el lema \u201cRica y Diversa\u201d, la MCE trae m\u00e1s de 27 producciones que acercar\u00e1n al p\u00fablico colombiano a los t\u00edtulos m\u00e1s destacados y novedosos del cine espa\u00f1ol,&#8230; <\/p>\n","protected":false},"author":3,"featured_media":49839,"comment_status":"closed","ping_status":"closed","sticky":false,"template":"","format":"standard","meta":{"footnotes":"","_links_to":"","_links_to_target":""},"categories":[41,60],"tags":[291,290,1613],"class_list":["post-49838","post","type-post","status-publish","format-standard","has-post-thumbnail","hentry","category-cultura","category-cine","tag-cine","tag-cultura","tag-muestra-de-cine-espanol"],"_links":{"self":[{"href":"https:\/\/revistazetta.com\/index.php?rest_route=\/wp\/v2\/posts\/49838","targetHints":{"allow":["GET"]}}],"collection":[{"href":"https:\/\/revistazetta.com\/index.php?rest_route=\/wp\/v2\/posts"}],"about":[{"href":"https:\/\/revistazetta.com\/index.php?rest_route=\/wp\/v2\/types\/post"}],"author":[{"embeddable":true,"href":"https:\/\/revistazetta.com\/index.php?rest_route=\/wp\/v2\/users\/3"}],"replies":[{"embeddable":true,"href":"https:\/\/revistazetta.com\/index.php?rest_route=%2Fwp%2Fv2%2Fcomments&post=49838"}],"version-history":[{"count":0,"href":"https:\/\/revistazetta.com\/index.php?rest_route=\/wp\/v2\/posts\/49838\/revisions"}],"wp:featuredmedia":[{"embeddable":true,"href":"https:\/\/revistazetta.com\/index.php?rest_route=\/wp\/v2\/media\/49839"}],"wp:attachment":[{"href":"https:\/\/revistazetta.com\/index.php?rest_route=%2Fwp%2Fv2%2Fmedia&parent=49838"}],"wp:term":[{"taxonomy":"category","embeddable":true,"href":"https:\/\/revistazetta.com\/index.php?rest_route=%2Fwp%2Fv2%2Fcategories&post=49838"},{"taxonomy":"post_tag","embeddable":true,"href":"https:\/\/revistazetta.com\/index.php?rest_route=%2Fwp%2Fv2%2Ftags&post=49838"}],"curies":[{"name":"wp","href":"https:\/\/api.w.org\/{rel}","templated":true}]}}