{"id":49921,"date":"2023-05-16T14:55:21","date_gmt":"2023-05-16T19:55:21","guid":{"rendered":"https:\/\/revistazetta.com\/?p=49921"},"modified":"2023-05-16T14:55:21","modified_gmt":"2023-05-16T19:55:21","slug":"representante-angela-vergara-impulsa-ley-para-que-dian-devuelva-retencion-extra","status":"publish","type":"post","link":"https:\/\/revistazetta.com\/?p=49921","title":{"rendered":"Representante \u00c1ngela Vergara impulsa ley para que DIAN devuelva retenci\u00f3n extra"},"content":{"rendered":"<p><strong>Bogot\u00e1, 16 de mayo de 2023.-<\/strong>\u00a0Las retenciones extras que se le hayan deducido a los trabajadores colombianos deber\u00e1n regresar a sus bolsillos antes de cada 31 de diciembre, seg\u00fan dispone un proyecto de ley presentado por la representante bolivarense \u00c1ngela Vergara.<\/p>\n<p>La congresista, que legisla en la Comisi\u00f3n Tercera, explic\u00f3 que la DIAN deber\u00e1 hacer esas devoluciones para los trabajadores que declaran renta.<\/p>\n<p>\u00abEso garantiza que las familias colombianas a final de a\u00f1o tengan la devoluci\u00f3n de su dinero\u00bb, explic\u00f3 la congresista, quien agreg\u00f3 que la DIAN deber\u00e1 hacer la devoluci\u00f3n sin necesidad de solicitud de parte, y sin ning\u00fan tr\u00e1mite que cause demoras en su devoluci\u00f3n.<\/p>\n<p>&nbsp;<\/p>\n","protected":false},"excerpt":{"rendered":"<p>Bogot\u00e1, 16 de mayo de 2023.-\u00a0Las retenciones extras que se le hayan deducido a los trabajadores colombianos deber\u00e1n regresar a sus bolsillos antes de cada 31 de diciembre, seg\u00fan dispone un proyecto de ley presentado por la representante bolivarense \u00c1ngela Vergara. La congresista, que legisla en la Comisi\u00f3n Tercera, explic\u00f3 que la DIAN deber\u00e1 hacer esas devoluciones para los trabajadores que declaran renta. \u00abEso garantiza que las familias colombianas a final de a\u00f1o tengan la devoluci\u00f3n de su dinero\u00bb, explic\u00f3 la congresista, quien agreg\u00f3 que la DIAN deber\u00e1 hacer la&#8230; <\/p>\n","protected":false},"author":3,"featured_media":49922,"comment_status":"closed","ping_status":"closed","sticky":false,"template":"","format":"standard","meta":{"footnotes":"","_links_to":"","_links_to_target":""},"categories":[1450,336,4],"tags":[425,338,285,1630,298],"class_list":["post-49921","post","type-post","status-publish","format-standard","has-post-thumbnail","hentry","category-parasladers","category-camara-de-representantes","category-politica","tag-angela-vergara","tag-camara-de-representantes","tag-destacada","tag-dian","tag-politica"],"_links":{"self":[{"href":"https:\/\/revistazetta.com\/index.php?rest_route=\/wp\/v2\/posts\/49921","targetHints":{"allow":["GET"]}}],"collection":[{"href":"https:\/\/revistazetta.com\/index.php?rest_route=\/wp\/v2\/posts"}],"about":[{"href":"https:\/\/revistazetta.com\/index.php?rest_route=\/wp\/v2\/types\/post"}],"author":[{"embeddable":true,"href":"https:\/\/revistazetta.com\/index.php?rest_route=\/wp\/v2\/users\/3"}],"replies":[{"embeddable":true,"href":"https:\/\/revistazetta.com\/index.php?rest_route=%2Fwp%2Fv2%2Fcomments&post=49921"}],"version-history":[{"count":0,"href":"https:\/\/revistazetta.com\/index.php?rest_route=\/wp\/v2\/posts\/49921\/revisions"}],"wp:featuredmedia":[{"embeddable":true,"href":"https:\/\/revistazetta.com\/index.php?rest_route=\/wp\/v2\/media\/49922"}],"wp:attachment":[{"href":"https:\/\/revistazetta.com\/index.php?rest_route=%2Fwp%2Fv2%2Fmedia&parent=49921"}],"wp:term":[{"taxonomy":"category","embeddable":true,"href":"https:\/\/revistazetta.com\/index.php?rest_route=%2Fwp%2Fv2%2Fcategories&post=49921"},{"taxonomy":"post_tag","embeddable":true,"href":"https:\/\/revistazetta.com\/index.php?rest_route=%2Fwp%2Fv2%2Ftags&post=49921"}],"curies":[{"name":"wp","href":"https:\/\/api.w.org\/{rel}","templated":true}]}}