{"id":49923,"date":"2023-05-16T15:31:52","date_gmt":"2023-05-16T20:31:52","guid":{"rendered":"https:\/\/revistazetta.com\/?p=49923"},"modified":"2023-05-16T15:31:52","modified_gmt":"2023-05-16T20:31:52","slug":"cartagena-esta-lista-para-la-gran-fiesta-de-los-pedales","status":"publish","type":"post","link":"https:\/\/revistazetta.com\/?p=49923","title":{"rendered":"\u00a1Cartagena est\u00e1 lista para la gran fiesta de los pedales!"},"content":{"rendered":"<p><strong>Cartagena de Indias, 16 de mayo de 2023.-<\/strong> La gran fiesta de los pedales est\u00e1 lista para un fin de semana cargado de emociones en Cartagena de Indias.<\/p>\n<p>Esta s\u00e1bado 20 de mayo ser\u00e1 el abrebocas, con un recorrido que sale desde el Centro Hist\u00f3rico y llega a Ramblas, en zona norte, que servir\u00e1 para \u00abcalentar piernas\u00bb y estrechar amistades.<\/p>\n<p>El domingo ser\u00e1 el Gran Fondo Cartagena, con una participaci\u00f3n que supera el medio millar de pedalistas venidos de todo el Caribe y el interior del pa\u00eds.<\/p>\n<p>La organizaci\u00f3n ha suministrado este resumen, para estar atentos a los recorridos y cierres viales.<\/p>\n<p><b>GFC 2023<span class=\"Apple-converted-space\">\u00a0 <\/span>INFO<\/b><\/p>\n<p>Fecha: s\u00e1bado 20 de mayo<span class=\"Apple-converted-space\">\u00a0<\/span><\/p>\n<p>Hora de encuentro: 5.40 am<span class=\"Apple-converted-space\">\u00a0<\/span><\/p>\n<p>Hora de Salida: 5.55 am<\/p>\n<p>Lugar de encuentro: Plaza de la aduana centro amurallado (frente a la Alcald\u00eda).<\/p>\n<p>Recorrido: Calles del Centro, avenida Santander, t\u00fanel de Crespo, viaducto y con llegada a Serena del Mar (centro de ventas). Regreso al centro parque de la marina. Todo el recorrido con acompa\u00f1amiento de Rueda Seguro y fot\u00f3grafo.<span class=\"Apple-converted-space\">\u00a0<\/span><\/p>\n<p>Tiempo aproximado 1 una y 20 minutos.<span class=\"Apple-converted-space\">\u00a0<\/span><\/p>\n<p>&nbsp;<\/p>\n<p>&nbsp;<\/p>\n<p><b>Entrega de Kit:<\/b><b> (un solo d\u00eda)<span class=\"Apple-converted-space\">\u00a0<\/span><\/b><\/p>\n<p>Fecha: s\u00e1bado 20 de mayo<\/p>\n<p>Horario: 1pm a 7pm<\/p>\n<p>Lugar: centro de ventas Serena del Mar k 8 v\u00eda al mar.<\/p>\n<p>En caso de necesitar un servicio de domicilios para reclamar contacto de Rueda Seguro: 3004059931.<\/p>\n<p>&nbsp;<\/p>\n<p><b>Acompa\u00f1amiento:<\/b><\/p>\n<p>Solo se permitir\u00e1n motos acompa\u00f1antes en el recorrido y el conductor debe llevar el chaleco suministrado por la organizaci\u00f3n que tiene un valor de $20.000 (no hay que devolverlo). Estos estar\u00e1n disponibles para su compra el d\u00eda de la entrega de los kits.<\/p>\n<p><b>No se permite carro acompa\u00f1ante.<span class=\"Apple-converted-space\">\u00a0<\/span><\/b><\/p>\n<p><b>Categor\u00edas 130k:<\/b><\/p>\n<p>Se premiar\u00e1n los tres (3) primeros puestos.<\/p>\n<p><b>Masculino:Alcatraces: 18 a 35 a\u00f1os<\/b><\/p>\n<p><b>Heroicos: 36 a 45 a\u00f1os<\/b><\/p>\n<p><b>Chambaculeros: 46 a 55 a\u00f1os<\/b><\/p>\n<p><b>M\u00e1rtires: 56 a\u00f1os en adelante<\/b><\/p>\n<p><b>Femenino:<\/b><\/p>\n<p><b>Gaviotas: 18 a 35 a\u00f1os<\/b><\/p>\n<p><b>Reinas: 36 a 45 a\u00f1os<\/b><\/p>\n<p><b>Fant\u00e1sticas: 46 a\u00f1os o mas<\/b><\/p>\n<p><b>Medio Fondo (70k) Valor de la inscripci\u00f3n $300.000<\/b><\/p>\n<p><b>2 categor\u00edas: Hombres y Mujeres\u00a0<\/b>(Se premian a los tres primeros de Cada Categor\u00eda con medallas de podio). No hay premios en dinero.<\/p>\n<p><b>Nota:\u00a0<\/b>En caso de que una categor\u00eda no supere los 20 inscritos esta se fusionara con la inmediatamente anterior en edad, ejemplo: Reinas se fusiona con Fant\u00e1sticas.<\/p>\n<p><b>Kit:<\/b><\/p>\n<p>Jersey Bioracer Homenaje a Ineos, Termo, Tula, Camiseta (T Shirt) Conmemorativa, Placa N\u00famero con chip y obsequios de los patrocinadores.<\/p>\n<p><b>Horarios de Salida 130k:<\/b><\/p>\n<p>Lote Categor\u00eda 18 a 35 a\u00f1os Hombres: 5:30 am<\/p>\n<p>Lote Categor\u00eda 36 a 45 a\u00f1os Hombres: 5:35 am<\/p>\n<p>Lote Categor\u00eda 46 a 55 a\u00f1os Hombres: 5:40 am<\/p>\n<p>Lote Categor\u00eda 56 a\u00f1os en adelante Hombres: 5.45 am<\/p>\n<p>Lote Categor\u00eda 18 a 35 a\u00f1os Mujeres: 5:50 am<\/p>\n<p>Lote Categor\u00eda 36 a\u00f1os o m\u00e1s Mujeres: 5:55 am<\/p>\n<p><b>Horarios de Salida 70k:<\/b><\/p>\n<p>Lote Medio Fondo Hombres 6.00 am<\/p>\n<p>Lote Medio Fondo Mujeres 6.05 am<\/p>\n<p>Puntuaci\u00f3n Sprint Gold para cada Categor\u00eda solo en 130k:<span class=\"Apple-converted-space\">\u00a0<\/span><\/p>\n<p>Para el sprint especial gana el que m\u00e1s punto acumule en los 4 pasos, en caso de empate gana el que tenga mejor puesto en la general. Cada paso por el sprint especial entrega estos puntos a los cinco primeros as\u00ed: 1= 7 &#8211; 2= 5 &#8211; 3= 4 &#8211; 4= 2 &#8211; 5= 1<span class=\"Apple-converted-space\">\u00a0<\/span><\/p>\n<p><b>El n\u00famero con el Chip<\/b><span class=\"Apple-converted-space\">\u00a0<\/span><\/p>\n<p>Debe llevarse en la parte delantera de la bicicleta bien visible, sin doblar y sin ocultar ni alterar la informaci\u00f3n.<\/p>\n","protected":false},"excerpt":{"rendered":"<p>Cartagena de Indias, 16 de mayo de 2023.- La gran fiesta de los pedales est\u00e1 lista para un fin de semana cargado de emociones en Cartagena de Indias. Esta s\u00e1bado 20 de mayo ser\u00e1 el abrebocas, con un recorrido que sale desde el Centro Hist\u00f3rico y llega a Ramblas, en zona norte, que servir\u00e1 para \u00abcalentar piernas\u00bb y estrechar amistades. El domingo ser\u00e1 el Gran Fondo Cartagena, con una participaci\u00f3n que supera el medio millar de pedalistas venidos de todo el Caribe y el interior del pa\u00eds. La organizaci\u00f3n ha&#8230; <\/p>\n","protected":false},"author":3,"featured_media":49924,"comment_status":"closed","ping_status":"closed","sticky":false,"template":"","format":"standard","meta":{"footnotes":"","_links_to":"","_links_to_target":""},"categories":[53,341,1450],"tags":[342,308,285],"class_list":["post-49923","post","type-post","status-publish","format-standard","has-post-thumbnail","hentry","category-deportes","category-ciclismo","category-parasladers","tag-ciclismo","tag-deportes","tag-destacada"],"_links":{"self":[{"href":"https:\/\/revistazetta.com\/index.php?rest_route=\/wp\/v2\/posts\/49923","targetHints":{"allow":["GET"]}}],"collection":[{"href":"https:\/\/revistazetta.com\/index.php?rest_route=\/wp\/v2\/posts"}],"about":[{"href":"https:\/\/revistazetta.com\/index.php?rest_route=\/wp\/v2\/types\/post"}],"author":[{"embeddable":true,"href":"https:\/\/revistazetta.com\/index.php?rest_route=\/wp\/v2\/users\/3"}],"replies":[{"embeddable":true,"href":"https:\/\/revistazetta.com\/index.php?rest_route=%2Fwp%2Fv2%2Fcomments&post=49923"}],"version-history":[{"count":0,"href":"https:\/\/revistazetta.com\/index.php?rest_route=\/wp\/v2\/posts\/49923\/revisions"}],"wp:featuredmedia":[{"embeddable":true,"href":"https:\/\/revistazetta.com\/index.php?rest_route=\/wp\/v2\/media\/49924"}],"wp:attachment":[{"href":"https:\/\/revistazetta.com\/index.php?rest_route=%2Fwp%2Fv2%2Fmedia&parent=49923"}],"wp:term":[{"taxonomy":"category","embeddable":true,"href":"https:\/\/revistazetta.com\/index.php?rest_route=%2Fwp%2Fv2%2Fcategories&post=49923"},{"taxonomy":"post_tag","embeddable":true,"href":"https:\/\/revistazetta.com\/index.php?rest_route=%2Fwp%2Fv2%2Ftags&post=49923"}],"curies":[{"name":"wp","href":"https:\/\/api.w.org\/{rel}","templated":true}]}}