{"id":49981,"date":"2023-05-22T09:22:06","date_gmt":"2023-05-22T14:22:06","guid":{"rendered":"https:\/\/revistazetta.com\/?p=49981"},"modified":"2023-05-22T09:22:06","modified_gmt":"2023-05-22T14:22:06","slug":"producir-producir-producir-opinion-de-alvaro-royo-desde-xiamen","status":"publish","type":"post","link":"https:\/\/revistazetta.com\/?p=49981","title":{"rendered":"Producir, producir, producir &#8211; Opini\u00f3n de \u00c1lvaro Royo desde Xiamen"},"content":{"rendered":"<p><strong><span style=\"color: #333399;\">Por \u00c1lvaro Royo B\u00e1rcenas (Especial para Revista Zetta).-<\/span> <span style=\"color: #008000;\">(Xiamen &#8211; China).-<\/span> 22 de mayo de 2023.-\u00a0<\/strong>Atribuirle el desarrollo de un pa\u00eds a sus 5 mil a\u00f1os de historia es por lo menos desacertado, bajo esos par\u00e1metros el Medio Oriente ser\u00eda en estos momentos la primera o segunda potencia mundial, podr\u00edamos decir Irak, para darle nombre de un solo pa\u00eds, ya que all\u00ed, en las m\u00e1rgenes de los r\u00edos Tigris y \u00c9ufrates, se supone, es la cuna de la civilizaci\u00f3n moderna 7 mil a\u00f1os atr\u00e1s.<span class=\"Apple-converted-space\">\u00a0<\/span>O \u00c1frica, que seg\u00fan la antropolog\u00eda y la arqueolog\u00eda fue la cuna de los or\u00edgenes del ser humano.<\/p>\n<p>Nada tiene que ver la historia de un pa\u00eds en esto, estos como si estuvieran en monta\u00f1as rusas, suben y bajan a trav\u00e9s de los tiempos, sus conflictos internos y externos hacen que no avancen o todo lo contrario, afortunadamente todo esta potablemente documentado en el tiempo, con sus desaciertos, claro que si, porque normalmente la historia la escriben los que ganan, y estos normalmente tienden a distorsionarla un poco, vaya uno a saber en qu\u00e9 punto, pero ya las interpretaciones es otra cosa si podemos detenernos un poco a leer entre l\u00edneas.<\/p>\n<p><img loading=\"lazy\" decoding=\"async\" class=\"alignnone size-medium wp-image-49983\" src=\"https:\/\/revistazetta.com\/wp-content\/uploads\/2023\/05\/1-1-471x333.png\" alt=\"\" width=\"471\" height=\"333\" srcset=\"https:\/\/revistazetta.com\/wp-content\/uploads\/2023\/05\/1-1-471x333.png 471w, https:\/\/revistazetta.com\/wp-content\/uploads\/2023\/05\/1-1-1024x724.png 1024w, https:\/\/revistazetta.com\/wp-content\/uploads\/2023\/05\/1-1-229x162.png 229w, https:\/\/revistazetta.com\/wp-content\/uploads\/2023\/05\/1-1.png 1300w\" sizes=\"auto, (max-width: 471px) 100vw, 471px\" \/><\/p>\n<p>En lo que si m\u00e1s o menos se est\u00e1n poniendo de acuerdo los que analizan la historia de los pa\u00edses es que durante los periodos de auge y decadencia de estos ha tenido un papel relevante el sistema pol\u00edtico que estos pose\u00edan, incluso que poseen, ya que estos estudios nos llevan a conclusiones de determinadas zonas del planeta, pa\u00edses quiero decir, donde en tiempos recientes se pueden documentar cientos de casos de pa\u00edses que de repente iban en ascenso y luego por cambios pol\u00edticos se han sumido en el atraso y en la desgracia.<\/p>\n<p>O viceversa, pa\u00edses que iban muy mal y por cambios en su sistema pol\u00edtico, en ultimas en sus sistemas de gesti\u00f3n, han dado un salto exponencial y se han ubicado en lugares de privilegio tray\u00e9ndole bienestar a sus ciudadanos y a los mismos pol\u00edticos, por supuesto, que llevaron a cabo esos cambios.<\/p>\n<p><img loading=\"lazy\" decoding=\"async\" class=\"alignnone size-medium wp-image-49984\" src=\"https:\/\/revistazetta.com\/wp-content\/uploads\/2023\/05\/2-454x333.png\" alt=\"\" width=\"454\" height=\"333\" srcset=\"https:\/\/revistazetta.com\/wp-content\/uploads\/2023\/05\/2-454x333.png 454w, https:\/\/revistazetta.com\/wp-content\/uploads\/2023\/05\/2-221x162.png 221w, https:\/\/revistazetta.com\/wp-content\/uploads\/2023\/05\/2.png 700w\" sizes=\"auto, (max-width: 454px) 100vw, 454px\" \/><\/p>\n<p>Pero vamos al t\u00edtulo de este articulo y lo que nos trajo ac\u00e1, \u00bfb\u00fasqueme usted querido lector un pa\u00eds que haya salido adelante importando bienes y servicios, haci\u00e9ndole el negocio a unos pocos, dejando el dinero de sus utilidades en cuentas bancarias en el extranjero y jodiendo toda la producci\u00f3n nacional?<\/p>\n<p>\u00a1Ninguno!<span class=\"Apple-converted-space\">\u00a0<\/span><\/p>\n<p>Si miramos la lista de los primeros 5 pa\u00edses en el top de las potencias mundiales est\u00e1n all\u00ed porque sus industrias producen, exportan, productos y servicios, y para volver a lo que dijimos al inicio, estas decadencias de los pa\u00edses por sus cambios pol\u00edticos, se dan en d\u00e9cadas, no en d\u00edas, por eso vemos el ascenso de China que empieza a despegar cuando Estados Unidos decidi\u00f3 a traer su producci\u00f3n para ac\u00e1,<span class=\"Apple-converted-space\">\u00a0 <\/span>en los 80 y los 90, en esas d\u00e9cadas inicio el camino para dejar de ser un pa\u00eds tercermundista y sus ciudadanos empezaron a enriquecerse y el estado a prosperar.<\/p>\n<p><img loading=\"lazy\" decoding=\"async\" class=\"alignnone size-medium wp-image-49985\" src=\"https:\/\/revistazetta.com\/wp-content\/uploads\/2023\/05\/3-500x250.jpeg\" alt=\"\" width=\"500\" height=\"250\" srcset=\"https:\/\/revistazetta.com\/wp-content\/uploads\/2023\/05\/3-500x250.jpeg 500w, https:\/\/revistazetta.com\/wp-content\/uploads\/2023\/05\/3-250x125.jpeg 250w, https:\/\/revistazetta.com\/wp-content\/uploads\/2023\/05\/3.jpeg 665w\" sizes=\"auto, (max-width: 500px) 100vw, 500px\" \/><\/p>\n<p>Vivir de lo que le puedes sacar a la tierra en petr\u00f3leo y gas tiene unas desventajas a nivel econ\u00f3mico porque vuelve a los estados rentistas, crea enfermedades econ\u00f3micas como la holandesa y luego las inversiones, tanto internas como externas se van para esos sectores y se abandonan otros segmentos que requieren m\u00e1s labor y m\u00e1s esfuerzo pero no por eso menos productivos, pero que al final generan m\u00e1s empleo y m\u00e1s ingresos para much\u00edsima m\u00e1s gente.<\/p>\n<p>Mejorar la productividad de un pa\u00eds protegiendo su industria nacional es casi que un est\u00e1ndar, un b\u00e1sico, un inamovible dentro de las medidas que debe adoptar un estado si lo que quiere es salir adelante, nada se avanza importando bienes y servicios y con esto destrozando el tejido productivo de un pa\u00eds.<\/p>\n<p>Y en lo anterior tiene que ver en casi todo las decisiones que toman los pol\u00edticos, la mayor\u00eda de estos, por lo menos en nuestros pa\u00edses de Am\u00e9rica Latina, se mueven al vaiv\u00e9n de las elecciones, los votos y el dinero, saben poco o nada de econom\u00eda y est\u00e1n all\u00ed porque hablan bien, saben contar historias y del otro lado hay gente que les cree y caen una y mil veces en el enga\u00f1o, en \u00faltimas quienes nos dirigen son mercaderes de la esperanza y las ilusiones.<\/p>\n<p><img loading=\"lazy\" decoding=\"async\" class=\"alignnone size-medium wp-image-49987\" src=\"https:\/\/revistazetta.com\/wp-content\/uploads\/2023\/05\/5-500x263.png\" alt=\"\" width=\"500\" height=\"263\" srcset=\"https:\/\/revistazetta.com\/wp-content\/uploads\/2023\/05\/5-500x263.png 500w, https:\/\/revistazetta.com\/wp-content\/uploads\/2023\/05\/5-250x131.png 250w, https:\/\/revistazetta.com\/wp-content\/uploads\/2023\/05\/5.png 847w\" sizes=\"auto, (max-width: 500px) 100vw, 500px\" \/><\/p>\n<p>\u00bfD\u00f3nde est\u00e1n los rublos dentro del presupuesto nacional para apoyar la ciencia y tecnolog\u00eda a nivel nacional? Hablo de Colombia, \u00bfd\u00f3nde el de creaci\u00f3n de nuevos productos de consumo masivo? Donde el de sistemas de transportes? Son tantas las cosas que no nos da la gana de producir porque simplemente no creemos en nuestro producto nacional, creemos por ejemplo que los celulares chinos siempre han existido siempre, y no es as\u00ed, hace unos d\u00edas viendo el partido Manchester City y Real Madrid en Inglaterra ve\u00eda en el estadio la publicidad de las vallas promocionando productos chinos,<span class=\"Apple-converted-space\">\u00a0<\/span>tel\u00e9fonos entre otros; marcas que les he visto recorrer el camino desde su nacimiento ac\u00e1, cuando no los quer\u00eda nadie, Xiaomi, Oppo, Honnor, Huawei, Vivo todas marcas hasta hace unos pocos a\u00f1os totalmente desconocidas, que iniciaron en talleres vetustos pero que con el apoyo del gobierno y las ganas de crear y producir se fueron posicionando y hoy est\u00e1n dentro de los tel\u00e9fonos m\u00e1s consumidos tanto en China como en todo el planeta.<\/p>\n<p>Va uno a los centros comerciales, y s\u00ed que hay Ferrari, Lamborgini, BMW etc\u00e9tera, pero al lado est\u00e1n los autos chinos, que tampoco los quer\u00eda nadie hace solo 20 a\u00f1os y hoy gozan de prestigio a nivel mundial y cada vez los ves m\u00e1s y m\u00e1s, en Colombia compramos y le hacemos el negocio a los otros pa\u00edses, importar es m\u00e1s f\u00e1cil, pero el hambre y el desempleo es mucho m\u00e1s duro y dif\u00edcil, \u00bfpara cu\u00e1ndo el carro colombiano? \u00bfPara cu\u00e1ndo el tel\u00e9fono colombiano?<span class=\"Apple-converted-space\">\u00a0 \u00bf<\/span>Para cu\u00e1ndo la organizaci\u00f3n de nuestro consumo de alimentos basado en el producto nacional? Ese orgullo por lo nuestro debe ser difundido y ense\u00f1ado desde el gobierno nacional, no desde la calle hacia el gobierno.<\/p>\n<p><img loading=\"lazy\" decoding=\"async\" class=\"alignnone size-medium wp-image-49986\" src=\"https:\/\/revistazetta.com\/wp-content\/uploads\/2023\/05\/4-498x333.jpg\" alt=\"\" width=\"498\" height=\"333\" srcset=\"https:\/\/revistazetta.com\/wp-content\/uploads\/2023\/05\/4-498x333.jpg 498w, https:\/\/revistazetta.com\/wp-content\/uploads\/2023\/05\/4-242x162.jpg 242w, https:\/\/revistazetta.com\/wp-content\/uploads\/2023\/05\/4.jpg 640w\" sizes=\"auto, (max-width: 498px) 100vw, 498px\" \/><\/p>\n<p>Hace un par de d\u00edas ve\u00eda en whatsapp a un se\u00f1or de Palmar de Varela, Atl\u00e1ntico, que hab\u00eda creado un veh\u00edculo de transporte p\u00fablico que funciona con energ\u00eda solar, qu\u00e9 maravilla, pero este se\u00f1or naci\u00f3 en el pa\u00eds equivocado, si hubiera nacido en China, Jap\u00f3n o Corea del Sur estuviera dirigiendo una f\u00e1brica de veh\u00edculos solares apoyado por el estado y d\u00e1ndole las herramientas necesarias para que su invento sea tecnificado, masificado y puesto al servicio del p\u00fablico para uso y interno y de exportaci\u00f3n, y, como no, para que fuera orgullo de la producci\u00f3n nacional de todo un pa\u00eds.<\/p>\n<p><span class=\"WdYUQQ\">\u00abImportar nos hace m\u00e1s pobres; producir lo nuestro, lo que consumimos, y, por qu\u00e9 no, exportarlo, nos genera empleo, ingresos y nos hace m\u00e1s ricos\u00bb.<\/span><\/p>\n<p>Como siempre all\u00ed est\u00e1 mi email al pie de p\u00e1gina para los que quieran escribirme sus opiniones acerca del tema y con mucho gusto les responder\u00e9<\/p>\n<p><span style=\"color: #800000;\"><strong>\u00a1Un abrazo!<\/strong><\/span><\/p>\n<p><span style=\"color: #800000;\"><strong>\u00c1lvaro Royo B\u00e1rcenas<\/strong><\/span><\/p>\n<p>Xiamen-China<\/p>\n<p><a href=\"mailto:enchina@gmail.com\">enchina@gmail.com<\/a><\/p>\n<p>Twitter:\u00a0@Alvaro_E_Royo<\/p>\n<p>Telefono: 0086-13559231344<\/p>\n<p>&nbsp;<\/p>\n","protected":false},"excerpt":{"rendered":"<p>Por \u00c1lvaro Royo B\u00e1rcenas (Especial para Revista Zetta).- (Xiamen &#8211; China).- 22 de mayo de 2023.-\u00a0Atribuirle el desarrollo de un pa\u00eds a sus 5 mil a\u00f1os de historia es por lo menos desacertado, bajo esos par\u00e1metros el Medio Oriente ser\u00eda en estos momentos la primera o segunda potencia mundial, podr\u00edamos decir Irak, para darle nombre de un solo pa\u00eds, ya que all\u00ed, en las m\u00e1rgenes de los r\u00edos Tigris y \u00c9ufrates, se supone, es la cuna de la civilizaci\u00f3n moderna 7 mil a\u00f1os atr\u00e1s.\u00a0O \u00c1frica, que seg\u00fan la antropolog\u00eda y&#8230; <\/p>\n","protected":false},"author":3,"featured_media":49982,"comment_status":"closed","ping_status":"closed","sticky":false,"template":"","format":"standard","meta":{"footnotes":"","_links_to":"","_links_to_target":""},"categories":[1450,44,65],"tags":[377,550,285,288,289],"class_list":["post-49981","post","type-post","status-publish","format-standard","has-post-thumbnail","hentry","category-parasladers","category-materiagris","category-opinion","tag-alvaro-royo","tag-china","tag-destacada","tag-materia-gris","tag-opinion"],"_links":{"self":[{"href":"https:\/\/revistazetta.com\/index.php?rest_route=\/wp\/v2\/posts\/49981","targetHints":{"allow":["GET"]}}],"collection":[{"href":"https:\/\/revistazetta.com\/index.php?rest_route=\/wp\/v2\/posts"}],"about":[{"href":"https:\/\/revistazetta.com\/index.php?rest_route=\/wp\/v2\/types\/post"}],"author":[{"embeddable":true,"href":"https:\/\/revistazetta.com\/index.php?rest_route=\/wp\/v2\/users\/3"}],"replies":[{"embeddable":true,"href":"https:\/\/revistazetta.com\/index.php?rest_route=%2Fwp%2Fv2%2Fcomments&post=49981"}],"version-history":[{"count":0,"href":"https:\/\/revistazetta.com\/index.php?rest_route=\/wp\/v2\/posts\/49981\/revisions"}],"wp:featuredmedia":[{"embeddable":true,"href":"https:\/\/revistazetta.com\/index.php?rest_route=\/wp\/v2\/media\/49982"}],"wp:attachment":[{"href":"https:\/\/revistazetta.com\/index.php?rest_route=%2Fwp%2Fv2%2Fmedia&parent=49981"}],"wp:term":[{"taxonomy":"category","embeddable":true,"href":"https:\/\/revistazetta.com\/index.php?rest_route=%2Fwp%2Fv2%2Fcategories&post=49981"},{"taxonomy":"post_tag","embeddable":true,"href":"https:\/\/revistazetta.com\/index.php?rest_route=%2Fwp%2Fv2%2Ftags&post=49981"}],"curies":[{"name":"wp","href":"https:\/\/api.w.org\/{rel}","templated":true}]}}