{"id":50091,"date":"2023-05-31T16:22:35","date_gmt":"2023-05-31T21:22:35","guid":{"rendered":"https:\/\/revistazetta.com\/?p=50091"},"modified":"2023-05-31T16:22:35","modified_gmt":"2023-05-31T21:22:35","slug":"nuevamente-el-huc-presta-el-servicio-de-cirugia-maxilofacial","status":"publish","type":"post","link":"https:\/\/revistazetta.com\/?p=50091","title":{"rendered":"Nuevamente el HUC presta el servicio de cirug\u00eda maxilofacial"},"content":{"rendered":"<p><strong>Cartagena de Indias, 31 de mayo de 2023.-<\/strong> Con el trabajo que viene desarrollando Rodrigo Arzuza Jim\u00e9nez como gerente del Hospital Universitario del Caribe, este centro asistencial viene optimizando la prestaci\u00f3n de sus servicios para todos los bolivarenses y usuarios en general.<\/p>\n<p>Esta vez la buena noticia es que se retoma la contrataci\u00f3n del servicio de cirug\u00eda maxilofacial, el cual no se realizaba desde hace unos meses y por motivos administrativos no se hab\u00eda podido adelantar la contrataci\u00f3n de este servicios que ha sido muy importante para muchos pacientes que han podido mejorar su salud y de paso su calidad de vida a trav\u00e9s de los tratamientos que aqu\u00ed se han practicado.<\/p>\n<p>\u201cRetomamos las actividades de nuestra especialidad en el HUC. La cirug\u00eda maxilofacial resuelve patolog\u00edas asociadas al trauma facial y urgencias, pero tambi\u00e9n otras patolog\u00edas de la regi\u00f3n facial como tumores de maxilares, cirug\u00edas de correcci\u00f3n facial, entre otras. Estamos activos en el Hospital, realizando nuestros procedimientos\u201d, explic\u00f3 el cirujano maxilofacial Alexander Pomares.<\/p>\n<p>El gerente Rodrigo Arzuza celebr\u00f3 que nuevamente se le pueda brindar a todos los usuarios que presenten alguna de las patolog\u00edas de esta especializaci\u00f3n una atenci\u00f3n adecuada y con calidad.<\/p>\n<p>\u201cNuevamente contamos con un servicio que le da tranquilidad a pacientes y usuarios, que lo prestamos de manera diligente y oportuna, y con el mejor recurso humano. A partir de ahora est\u00e1 habilitado y disponible para todos los usuarios\u201d, sostuvo Rodrigo Arzuza Jim\u00e9nez.<\/p>\n","protected":false},"excerpt":{"rendered":"<p>Cartagena de Indias, 31 de mayo de 2023.- Con el trabajo que viene desarrollando Rodrigo Arzuza Jim\u00e9nez como gerente del Hospital Universitario del Caribe, este centro asistencial viene optimizando la prestaci\u00f3n de sus servicios para todos los bolivarenses y usuarios en general. Esta vez la buena noticia es que se retoma la contrataci\u00f3n del servicio de cirug\u00eda maxilofacial, el cual no se realizaba desde hace unos meses y por motivos administrativos no se hab\u00eda podido adelantar la contrataci\u00f3n de este servicios que ha sido muy importante para muchos pacientes que&#8230; <\/p>\n","protected":false},"author":3,"featured_media":50092,"comment_status":"closed","ping_status":"closed","sticky":false,"template":"","format":"standard","meta":{"footnotes":"","_links_to":"","_links_to_target":""},"categories":[3,1660],"tags":[292,1091,1661,396],"class_list":["post-50091","post","type-post","status-publish","format-standard","has-post-thumbnail","hentry","category-ciudad","category-salud-ciudad","tag-ciudad","tag-huc","tag-rodrigo-arzuza","tag-salud"],"_links":{"self":[{"href":"https:\/\/revistazetta.com\/index.php?rest_route=\/wp\/v2\/posts\/50091","targetHints":{"allow":["GET"]}}],"collection":[{"href":"https:\/\/revistazetta.com\/index.php?rest_route=\/wp\/v2\/posts"}],"about":[{"href":"https:\/\/revistazetta.com\/index.php?rest_route=\/wp\/v2\/types\/post"}],"author":[{"embeddable":true,"href":"https:\/\/revistazetta.com\/index.php?rest_route=\/wp\/v2\/users\/3"}],"replies":[{"embeddable":true,"href":"https:\/\/revistazetta.com\/index.php?rest_route=%2Fwp%2Fv2%2Fcomments&post=50091"}],"version-history":[{"count":0,"href":"https:\/\/revistazetta.com\/index.php?rest_route=\/wp\/v2\/posts\/50091\/revisions"}],"wp:featuredmedia":[{"embeddable":true,"href":"https:\/\/revistazetta.com\/index.php?rest_route=\/wp\/v2\/media\/50092"}],"wp:attachment":[{"href":"https:\/\/revistazetta.com\/index.php?rest_route=%2Fwp%2Fv2%2Fmedia&parent=50091"}],"wp:term":[{"taxonomy":"category","embeddable":true,"href":"https:\/\/revistazetta.com\/index.php?rest_route=%2Fwp%2Fv2%2Fcategories&post=50091"},{"taxonomy":"post_tag","embeddable":true,"href":"https:\/\/revistazetta.com\/index.php?rest_route=%2Fwp%2Fv2%2Ftags&post=50091"}],"curies":[{"name":"wp","href":"https:\/\/api.w.org\/{rel}","templated":true}]}}