{"id":50093,"date":"2023-05-31T16:32:39","date_gmt":"2023-05-31T21:32:39","guid":{"rendered":"https:\/\/revistazetta.com\/?p=50093"},"modified":"2023-05-31T16:32:39","modified_gmt":"2023-05-31T21:32:39","slug":"este-ano-deseo-para-ti-opinion-de-claudia-tinoco-padaui","status":"publish","type":"post","link":"https:\/\/revistazetta.com\/?p=50093","title":{"rendered":"Este a\u00f1o deseo para t\u00ed&#8230; Opini\u00f3n de Claudia Tinoco Padau\u00ed"},"content":{"rendered":"<p><strong><span style=\"color: #000080;\">Por Claudia Tinoco Padau\u00ed (Especial para Revista Zetta).-<\/span> Cartagena de Indias, 31 de mayo de 2023.-<\/strong> Se cumplen 490 a\u00f1os desde tu fundaci\u00f3n, aunque como hija tuya que soy, quisiera que lucieras de otra forma; m\u00e1s limpia, con un tejido social menos deteriorado, con una mejor malla vial, con escenarios deportivos, parques, que grandes empresas nacionales e internacionales tuvieran sedes aqu\u00ed, menos ciudadanos viviendo en condiciones deplorables, con una mejor educaci\u00f3n y salud para todos, m\u00e1s organizada, que fueras una ciudad en la que el turismo sea tu mayor potencial, en fin, desear\u00eda que fueras lo m\u00e1s parecido a una tacita de t\u00e9 que usa la realeza inglesa.<\/p>\n<p>Algo que te hace mucha falta, son hijos con m\u00e1s AMOR, SENTIDO DE PERTENENCIA Y UNI\u00d3N, muchos que me est\u00e1n leyendo se preguntar\u00e1n \u00bfUNI\u00d3N? Y Si, eso le hace falta a muchos que te habitan e incluso te dirigen, porque no se UNEN en pro de ayudarte para que salgas adelante, les da mucha rabia y envidia si otros crean empresa, tienen mejor empleo o les va mejor, en s\u00edntesis, las malquerencias en todas sus formas no permiten que puedan sacarte adelante.<span class=\"Apple-converted-space\">\u00a0<\/span><\/p>\n<p>Por eso, para este cumplea\u00f1os -adem\u00e1s de que es a\u00f1o electoral- quiero desearte tantas cosas lindas y buenas que siempre te has merecido; un dirigente con capacidades intelectuales, con experiencia, id\u00f3neo y digno de ser tu m\u00e1xima autoridad, que tenga liderazgo y car\u00e1cter para desempe\u00f1ar su cargo de Alcalde Mayor, que no se distraiga de su ardua labor con chismes, dimes y diretes o peleando con tus concejales, que tenga una gran visi\u00f3n y traiga grandes obras y proyectos, terminando el desorden de una vez por todas en el que te encuentras sumida, que arriben inversionistas de otras latitudes, pongan tus ojos en ti, que tu atractiva belleza vuelva a brillar<span class=\"Apple-converted-space\">\u00a0 <\/span>como el sol que te da vida y pone en evidencia a quienes te vivimos y te visitan que no hay mejor vividero que t\u00fa; pero sobretodo, quiero desearte que tus hijos TODOS, los que nacieron y los que no, los que viven aqu\u00ed, sin distingos de ning\u00fan tipo y en general, todo el que tenga alg\u00fan v\u00ednculo contigo nos UNAMOS esta vez y pensemos en ti y solo en ti.<\/p>\n<p>Por \u00faltimo y no menos importante, deseo que por primera vez el resentimiento y la desaz\u00f3n, con justa raz\u00f3n, muchos cartageneros tienen por quienes no han sido dignos de ti, queden a un lado y elijamos para ti, los gobernantes que te mereces como debe ser, se terminaron los tiempos para seguir experimentando contigo, ya expiro la oportunidad de continuar con los mismos que te tienen sumergida en el caos, concluyeron los plazos de quienes se venden como falsos salvadores de tus causas y desde luego, de quienes se a\u00fapan en el oportunismo para regresar a gobernarte con desd\u00e9n y sin resultados como en los viejos tiempos.<span class=\"Apple-converted-space\">\u00a0<\/span><\/p>\n<p>Por eso, deseo que hoy, en \u00e9ste d\u00eda de cumplea\u00f1os, nos UNAMOS \u2013porque individualmente somos importantes, pero juntos en una misma idea, somos invencibles.<\/p>\n<p>\u00a1Un muy feliz a\u00f1o para ti, nos llenamos de esperanza y fe para que vengan los mejores tiempos para todos y sea Dios, nuestro Padre y dador de vida, quien nos de licencia para seguirte viendo y disfrutando mi Fant\u00e1stica!<span class=\"Apple-converted-space\">\u00a0<\/span><\/p>\n<p>\u00a1Feliz Cumplea\u00f1os mi Corralito de Piedra!<\/p>\n<p><b>Claudia P. Tinoco Padaui<\/b><\/p>\n<p><b>Polit\u00f3loga y Magister en Gobierno y Pol\u00edticas P\u00fablicas<span class=\"Apple-converted-space\">\u00a0<\/span><\/b><\/p>\n","protected":false},"excerpt":{"rendered":"<p>Por Claudia Tinoco Padau\u00ed (Especial para Revista Zetta).- Cartagena de Indias, 31 de mayo de 2023.- Se cumplen 490 a\u00f1os desde tu fundaci\u00f3n, aunque como hija tuya que soy, quisiera que lucieras de otra forma; m\u00e1s limpia, con un tejido social menos deteriorado, con una mejor malla vial, con escenarios deportivos, parques, que grandes empresas nacionales e internacionales tuvieran sedes aqu\u00ed, menos ciudadanos viviendo en condiciones deplorables, con una mejor educaci\u00f3n y salud para todos, m\u00e1s organizada, que fueras una ciudad en la que el turismo sea tu mayor potencial,&#8230; <\/p>\n","protected":false},"author":3,"featured_media":50094,"comment_status":"closed","ping_status":"closed","sticky":false,"template":"","format":"standard","meta":{"footnotes":"","_links_to":"","_links_to_target":""},"categories":[1450,44,65],"tags":[1662,285,288,289],"class_list":["post-50093","post","type-post","status-publish","format-standard","has-post-thumbnail","hentry","category-parasladers","category-materiagris","category-opinion","tag-claudia-tinoco","tag-destacada","tag-materia-gris","tag-opinion"],"_links":{"self":[{"href":"https:\/\/revistazetta.com\/index.php?rest_route=\/wp\/v2\/posts\/50093","targetHints":{"allow":["GET"]}}],"collection":[{"href":"https:\/\/revistazetta.com\/index.php?rest_route=\/wp\/v2\/posts"}],"about":[{"href":"https:\/\/revistazetta.com\/index.php?rest_route=\/wp\/v2\/types\/post"}],"author":[{"embeddable":true,"href":"https:\/\/revistazetta.com\/index.php?rest_route=\/wp\/v2\/users\/3"}],"replies":[{"embeddable":true,"href":"https:\/\/revistazetta.com\/index.php?rest_route=%2Fwp%2Fv2%2Fcomments&post=50093"}],"version-history":[{"count":0,"href":"https:\/\/revistazetta.com\/index.php?rest_route=\/wp\/v2\/posts\/50093\/revisions"}],"wp:featuredmedia":[{"embeddable":true,"href":"https:\/\/revistazetta.com\/index.php?rest_route=\/wp\/v2\/media\/50094"}],"wp:attachment":[{"href":"https:\/\/revistazetta.com\/index.php?rest_route=%2Fwp%2Fv2%2Fmedia&parent=50093"}],"wp:term":[{"taxonomy":"category","embeddable":true,"href":"https:\/\/revistazetta.com\/index.php?rest_route=%2Fwp%2Fv2%2Fcategories&post=50093"},{"taxonomy":"post_tag","embeddable":true,"href":"https:\/\/revistazetta.com\/index.php?rest_route=%2Fwp%2Fv2%2Ftags&post=50093"}],"curies":[{"name":"wp","href":"https:\/\/api.w.org\/{rel}","templated":true}]}}