{"id":50226,"date":"2023-06-08T14:43:59","date_gmt":"2023-06-08T19:43:59","guid":{"rendered":"https:\/\/revistazetta.com\/?p=50226"},"modified":"2023-06-08T14:43:59","modified_gmt":"2023-06-08T19:43:59","slug":"zaith-adechine-plantea-presupuesto-participativo-en-bolivar","status":"publish","type":"post","link":"https:\/\/revistazetta.com\/?p=50226","title":{"rendered":"Zaith Adechine plantea presupuesto participativo en Bol\u00edvar"},"content":{"rendered":"<p><strong>Cartagena de Indias, 8 de junio de 2023.-<\/strong> El pre candidato a la Gobernaci\u00f3n de Bol\u00edvar, Zaith Adechine Carrillo, en los diferentes espacios de di\u00e1logo social que ha generado en Cartagena y Bol\u00edvar ha puesto a consideraci\u00f3n de los bolivarenses una propuesta que les permitir\u00e1 incidir de manera directa en la forma c\u00f3mo se invierten los recursos del presupuesto departamental.<\/p>\n<p>Se trata del Presupuesto Participativo, un instrumento de gesti\u00f3n p\u00fablica mediante el cual las comunidades pueden discutir y decidir en que invertir un porcentaje de los recursos p\u00fablicos de inversi\u00f3n de libre destinaci\u00f3n, a trav\u00e9s de la formulaci\u00f3n, seguimiento y vigilancia de proyectos comunitarios.<\/p>\n<p>Esta iniciativa hace parte del nuevo modelo pol\u00edtico que propone Zaith para Bol\u00edvar, en d\u00f3nde sea la ciudadan\u00eda a trav\u00e9s de los diferentes mecanismos de participaci\u00f3n quienes discutan y prioricen los proyectos que m\u00e1s necesita la ciudadan\u00eda, evitando que la aporbaci\u00f3n de obras y proyectos sean por \u201cconveniencia pol\u00edtica\u201d o para favorecer a quienes votan por el mandatario.<\/p>\n<p>\u201cSer\u00e1n hasta $40 mil millones los que pondremos al servicio de la ciudadan\u00eda a trav\u00e9s de Juntas de Acci\u00f3n Comunal y otras organizaciones comunitarias, con unos proyectos que apunten al desarrollo de cada Zodes de Bol\u00edvar. Aqu\u00ed las obras por carita o porque t\u00fa votaste por mi, tienen que acabarse\u201d, apunta Zaith en sus di\u00e1logos comunitarios.<\/p>\n<p>\u201cMi intenci\u00f3n principal es que las y los bolivarenses facturen, por eso nuestras l\u00edneas estrat\u00e9gicas que estructurar\u00e1n nuestro plan de gobierno est\u00e1n enfocadas en que los municipios de Bol\u00edvar tengan m\u00e1s capacidad de generar riqueza y que los campesinos tengan las herramientas necesarias para desarrollar su vocaci\u00f3n agr\u00edcola y generar empleo, por eso dejaremos que sea la misma comunidad quienes prioricen sus proyectos\u201d, enfatiz\u00f3.<\/p>\n<p>Este presupuesto participativo, que ya se implementa en otras ciudades como Bogot\u00e1 y Medell\u00edn, y que incluso tuvo sus inicios en Cartagena, tendr\u00e1 unos criterios de selecci\u00f3n que garanticen su pertinencia, su ejecuci\u00f3n y su sostenibilidad, para que no se conviertan en elefantes blancos u obras in\u00fatiles.<\/p>\n","protected":false},"excerpt":{"rendered":"<p>Cartagena de Indias, 8 de junio de 2023.- El pre candidato a la Gobernaci\u00f3n de Bol\u00edvar, Zaith Adechine Carrillo, en los diferentes espacios de di\u00e1logo social que ha generado en Cartagena y Bol\u00edvar ha puesto a consideraci\u00f3n de los bolivarenses una propuesta que les permitir\u00e1 incidir de manera directa en la forma c\u00f3mo se invierten los recursos del presupuesto departamental. Se trata del Presupuesto Participativo, un instrumento de gesti\u00f3n p\u00fablica mediante el cual las comunidades pueden discutir y decidir en que invertir un porcentaje de los recursos p\u00fablicos de inversi\u00f3n&#8230; <\/p>\n","protected":false},"author":3,"featured_media":50227,"comment_status":"closed","ping_status":"closed","sticky":false,"template":"","format":"standard","meta":{"footnotes":"","_links_to":"","_links_to_target":""},"categories":[1450,1440,4],"tags":[285,983,298,172],"class_list":["post-50226","post","type-post","status-publish","format-standard","has-post-thumbnail","hentry","category-parasladers","category-elecciones-2023-politica","category-politica","tag-destacada","tag-elecciones-2023","tag-politica","tag-zaith-adechine"],"_links":{"self":[{"href":"https:\/\/revistazetta.com\/index.php?rest_route=\/wp\/v2\/posts\/50226","targetHints":{"allow":["GET"]}}],"collection":[{"href":"https:\/\/revistazetta.com\/index.php?rest_route=\/wp\/v2\/posts"}],"about":[{"href":"https:\/\/revistazetta.com\/index.php?rest_route=\/wp\/v2\/types\/post"}],"author":[{"embeddable":true,"href":"https:\/\/revistazetta.com\/index.php?rest_route=\/wp\/v2\/users\/3"}],"replies":[{"embeddable":true,"href":"https:\/\/revistazetta.com\/index.php?rest_route=%2Fwp%2Fv2%2Fcomments&post=50226"}],"version-history":[{"count":0,"href":"https:\/\/revistazetta.com\/index.php?rest_route=\/wp\/v2\/posts\/50226\/revisions"}],"wp:featuredmedia":[{"embeddable":true,"href":"https:\/\/revistazetta.com\/index.php?rest_route=\/wp\/v2\/media\/50227"}],"wp:attachment":[{"href":"https:\/\/revistazetta.com\/index.php?rest_route=%2Fwp%2Fv2%2Fmedia&parent=50226"}],"wp:term":[{"taxonomy":"category","embeddable":true,"href":"https:\/\/revistazetta.com\/index.php?rest_route=%2Fwp%2Fv2%2Fcategories&post=50226"},{"taxonomy":"post_tag","embeddable":true,"href":"https:\/\/revistazetta.com\/index.php?rest_route=%2Fwp%2Fv2%2Ftags&post=50226"}],"curies":[{"name":"wp","href":"https:\/\/api.w.org\/{rel}","templated":true}]}}