{"id":50266,"date":"2023-06-11T09:45:48","date_gmt":"2023-06-11T14:45:48","guid":{"rendered":"https:\/\/revistazetta.com\/?p=50266"},"modified":"2023-06-11T09:45:48","modified_gmt":"2023-06-11T14:45:48","slug":"ana-castro-convencio-y-es-la-candidata-de-una-gran-coalicion-para-la-alcaldia-de-mompox","status":"publish","type":"post","link":"https:\/\/revistazetta.com\/?p=50266","title":{"rendered":"Ana Castro convenci\u00f3 y es la candidata de una gran coalici\u00f3n para la Alcald\u00eda de Mompox"},"content":{"rendered":"<p><strong>Santa Cruz de\u00a0Mompox, 11 de junio de 2023.-<\/strong> \u00a0Dos grandes sectores pol\u00edticos que hist\u00f3ricamente han batallado en lados distintos en contiendas electorales, han decidido unificar sus proyectos y adherirse a la gran apuesta de la actual diputada Ana Elvira Castro Abuabara.<\/p>\n<p>El grupo que lidera el representante Andr\u00e9s Montes adelant\u00f3 un proceso interno donde participaron Calvos F\u00e9liz, Ren\u00e9 Ospino y Jairo Quintero, pero el mecanismo definido privilegi\u00f3 la posici\u00f3n De Castro Abuabara.<\/p>\n<p>De igual forma, sectores liderados por Liliana Sarquis, Ah\u00edbes Ech\u00e1vez , Pablo Gulloso, Ibel Castro, Hernan Sinning junto a consolidados equipos de trabajo, se unieron a Castro con la finalidad de brindar su vocaci\u00f3n de servicio al pueblo momposino y lograr unidos el desarrollo que el Distrito tanto necesita.<\/p>\n<p>Se viene el fortalecimiento de proyectos que le apuntan directamente al mejoramiento de la calidad de vida en los barrios, corregimientos y veredas del Distrito. El trabajo dedicado, constante, responsable y basado en conocimientos, como lo hace saber Ana Castro, son las bases de esta uni\u00f3n hist\u00f3rica.<\/p>\n<p>El objetivo es que el Distrito logre su desarrollo con el trabajo conjunto del sector pol\u00edtico y social, basados en el conocimiento real y la experiencia.<\/p>\n","protected":false},"excerpt":{"rendered":"<p>Santa Cruz de\u00a0Mompox, 11 de junio de 2023.- \u00a0Dos grandes sectores pol\u00edticos que hist\u00f3ricamente han batallado en lados distintos en contiendas electorales, han decidido unificar sus proyectos y adherirse a la gran apuesta de la actual diputada Ana Elvira Castro Abuabara. El grupo que lidera el representante Andr\u00e9s Montes adelant\u00f3 un proceso interno donde participaron Calvos F\u00e9liz, Ren\u00e9 Ospino y Jairo Quintero, pero el mecanismo definido privilegi\u00f3 la posici\u00f3n De Castro Abuabara. De igual forma, sectores liderados por Liliana Sarquis, Ah\u00edbes Ech\u00e1vez , Pablo Gulloso, Ibel Castro, Hernan Sinning junto&#8230; <\/p>\n","protected":false},"author":3,"featured_media":50267,"comment_status":"closed","ping_status":"closed","sticky":false,"template":"","format":"standard","meta":{"footnotes":"","_links_to":"","_links_to_target":""},"categories":[1450,1440,4],"tags":[1682,285,983,218,298],"class_list":["post-50266","post","type-post","status-publish","format-standard","has-post-thumbnail","hentry","category-parasladers","category-elecciones-2023-politica","category-politica","tag-ana-castro","tag-destacada","tag-elecciones-2023","tag-mompox","tag-politica"],"_links":{"self":[{"href":"https:\/\/revistazetta.com\/index.php?rest_route=\/wp\/v2\/posts\/50266","targetHints":{"allow":["GET"]}}],"collection":[{"href":"https:\/\/revistazetta.com\/index.php?rest_route=\/wp\/v2\/posts"}],"about":[{"href":"https:\/\/revistazetta.com\/index.php?rest_route=\/wp\/v2\/types\/post"}],"author":[{"embeddable":true,"href":"https:\/\/revistazetta.com\/index.php?rest_route=\/wp\/v2\/users\/3"}],"replies":[{"embeddable":true,"href":"https:\/\/revistazetta.com\/index.php?rest_route=%2Fwp%2Fv2%2Fcomments&post=50266"}],"version-history":[{"count":0,"href":"https:\/\/revistazetta.com\/index.php?rest_route=\/wp\/v2\/posts\/50266\/revisions"}],"wp:featuredmedia":[{"embeddable":true,"href":"https:\/\/revistazetta.com\/index.php?rest_route=\/wp\/v2\/media\/50267"}],"wp:attachment":[{"href":"https:\/\/revistazetta.com\/index.php?rest_route=%2Fwp%2Fv2%2Fmedia&parent=50266"}],"wp:term":[{"taxonomy":"category","embeddable":true,"href":"https:\/\/revistazetta.com\/index.php?rest_route=%2Fwp%2Fv2%2Fcategories&post=50266"},{"taxonomy":"post_tag","embeddable":true,"href":"https:\/\/revistazetta.com\/index.php?rest_route=%2Fwp%2Fv2%2Ftags&post=50266"}],"curies":[{"name":"wp","href":"https:\/\/api.w.org\/{rel}","templated":true}]}}