{"id":50425,"date":"2023-06-19T12:01:45","date_gmt":"2023-06-19T17:01:45","guid":{"rendered":"https:\/\/revistazetta.com\/?p=50425"},"modified":"2023-06-19T12:01:45","modified_gmt":"2023-06-19T17:01:45","slug":"la-fuerza-de-las-ideas-27-987-propuestas-en-38-dias-para-un-nuevo-modelo-de-ciudad","status":"publish","type":"post","link":"https:\/\/revistazetta.com\/?p=50425","title":{"rendered":"La Fuerza de las Ideas: 27.987 propuestas en 38 d\u00edas para un nuevo modelo de ciudad"},"content":{"rendered":"<div><strong>Cartagena de Indias 19 de junio de 2023.-<\/strong> El centro de pensamiento Liderazgo Caribe, orientado por el dirigente deportivo Dumek Turbay, present\u00f3 los resultados de La Fuerza de las Ideas, un ejercicio de di\u00e1logo social, participaci\u00f3n y escucha ciudadana que tuvo como objetivo recoger propuestas e ideas para la construcci\u00f3n colectiva de un nuevo modelo de ciudad.<\/div>\n<div><\/div>\n<div>El objetivo principal de La Fuerza de las Ideas fue incluir todas las voces y criterios posibles para abordar las complejidades de una ciudad postrada, descuadernada y dividida, y encontrar soluciones a los problemas que la aquejan. Conscientes de que cada cartagenero y residente tiene una idea valiosa para su comunidad o una propuesta para resolver los desaf\u00edos de la ciudad, nos propusimos conocerlas de primera mano a trav\u00e9s de este ejercicio.<\/div>\n<div><img loading=\"lazy\" decoding=\"async\" class=\"alignnone size-medium wp-image-50427\" src=\"https:\/\/revistazetta.com\/wp-content\/uploads\/2023\/06\/WhatsApp-Image-2023-06-18-at-11.09.27-AM-498x333.jpeg\" alt=\"\" width=\"498\" height=\"333\" srcset=\"https:\/\/revistazetta.com\/wp-content\/uploads\/2023\/06\/WhatsApp-Image-2023-06-18-at-11.09.27-AM-498x333.jpeg 498w, https:\/\/revistazetta.com\/wp-content\/uploads\/2023\/06\/WhatsApp-Image-2023-06-18-at-11.09.27-AM-1024x684.jpeg 1024w, https:\/\/revistazetta.com\/wp-content\/uploads\/2023\/06\/WhatsApp-Image-2023-06-18-at-11.09.27-AM-242x162.jpeg 242w, https:\/\/revistazetta.com\/wp-content\/uploads\/2023\/06\/WhatsApp-Image-2023-06-18-at-11.09.27-AM-1536x1026.jpeg 1536w, https:\/\/revistazetta.com\/wp-content\/uploads\/2023\/06\/WhatsApp-Image-2023-06-18-at-11.09.27-AM.jpeg 1600w\" sizes=\"auto, (max-width: 498px) 100vw, 498px\" \/><\/div>\n<div><\/div>\n<div>Frente a las quejas ciudadanas que a menudo se enfrentan a la indiferencia y las ideas que se quedan en redes sociales sin trascender, La Fuerza de las Ideas busc\u00f3 darles valor aportando un enfoque t\u00e9cnico y ciudadano. El objetivo fue alimentar una plataforma program\u00e1tica incluyente y participativa que brinde soluciones reales a los problemas de Cartagena.<\/div>\n<div><\/div>\n<div>La metodolog\u00eda de recolecci\u00f3n de ideas se dividi\u00f3 en dos modalidades: f\u00edsica y digital. Desde el 9 de mayo, ubicaron tres \u00abUrnas de las ideas\u00bb en cada una de las localidades de la ciudad, donde los ciudadanos pudieron dejar sus propuestas por escrito. Tambi\u00e9n se habilit\u00f3 la plataforma web www.lafuerzadelasideas.co, donde los participantes pudieron enviar directamente sus ideas y propuestas.<\/div>\n<div><\/div>\n<div>Durante los 38 d\u00edas que dur\u00f3 la recolecci\u00f3n de ideas, se superaron ampliamente las expectativas al recopilar un total de 27,987 propuestas. Este abrumador n\u00famero refuerza la idea de que los cartageneros desean ser escuchados y tomados en cuenta en la formulaci\u00f3n de un nuevo modelo de ciudad que responda a sus necesidades y derechos constitucionales.<\/div>\n<div><\/div>\n<div>Posteriormente, un comit\u00e9 t\u00e9cnico de expertos vinculados al centro de pensamiento Liderazgo Caribe revis\u00f3, clasific\u00f3, tabul\u00f3 y evalu\u00f3 exhaustivamente las casi 28 mil ideas aportadas.<\/div>\n<div><\/div>\n<div>Las conclusiones finales del an\u00e1lisis cualitativo revelan que, en t\u00e9rminos generales, los aportantes demandan \u00abcompromiso\u00bb por parte del pr\u00f3ximo alcalde de Cartagena. Existe una clara falta de confianza en los dirigentes actuales y se espera que el nuevo l\u00edder tenga las competencias, la experiencia y la capacidad de gesti\u00f3n necesarias para abordar los problemas de la ciudad.<\/div>\n<div><img loading=\"lazy\" decoding=\"async\" class=\"alignnone size-medium wp-image-50428\" src=\"https:\/\/revistazetta.com\/wp-content\/uploads\/2023\/06\/WhatsApp-Image-2023-06-18-at-11.09.29-AM-498x333.jpeg\" alt=\"\" width=\"498\" height=\"333\" srcset=\"https:\/\/revistazetta.com\/wp-content\/uploads\/2023\/06\/WhatsApp-Image-2023-06-18-at-11.09.29-AM-498x333.jpeg 498w, https:\/\/revistazetta.com\/wp-content\/uploads\/2023\/06\/WhatsApp-Image-2023-06-18-at-11.09.29-AM-1024x684.jpeg 1024w, https:\/\/revistazetta.com\/wp-content\/uploads\/2023\/06\/WhatsApp-Image-2023-06-18-at-11.09.29-AM-242x162.jpeg 242w, https:\/\/revistazetta.com\/wp-content\/uploads\/2023\/06\/WhatsApp-Image-2023-06-18-at-11.09.29-AM-1536x1026.jpeg 1536w, https:\/\/revistazetta.com\/wp-content\/uploads\/2023\/06\/WhatsApp-Image-2023-06-18-at-11.09.29-AM.jpeg 1600w\" sizes=\"auto, (max-width: 498px) 100vw, 498px\" \/><\/div>\n<div><\/div>\n<div>Las 10 principales ideas y demandas de los cartageneros son:<\/div>\n<div><\/div>\n<div>1. Compromiso, cumplimiento, eficacia y eficiencia administrativa por parte del nuevo alcalde de Cartagena.<\/div>\n<div>2. Seguridad.<\/div>\n<div>3. Oportunidades en empleo, emprendimiento, bootcamps inform\u00e1ticos y microcr\u00e9ditos para emprendimientos, econom\u00eda popular y mipymes.<\/div>\n<div>4. Acompa\u00f1amiento permanente del Distrito a las juntas de acci\u00f3n comunal (JAC).<\/div>\n<div>5. Infraestructura vial.<\/div>\n<div>6. Vivienda nueva o mejoramiento.<\/div>\n<div>7. Liderazgo, autoridad y orden.<\/div>\n<div>8. Educaci\u00f3n media y superior. Inversi\u00f3n en capital humano.<\/div>\n<div>9. Infraestructura deportiva.<\/div>\n<div>10. Atenci\u00f3n integral a j\u00f3venes en situaci\u00f3n de riesgo.<\/div>\n<div><\/div>\n<div>Los datos cualitativos del formulario de aportes revelan lo siguiente:<\/div>\n<div><\/div>\n<div>La principal problem\u00e1tica que afecta a las familias en Cartagena, seg\u00fan el 42.5% de los participantes, es la inseguridad. Le siguen el desempleo (16.5%), la falta de oportunidades (10.6%), la pobreza (6.9%), la falta de vivienda (5.5%), la movilidad (5%), y los servicios p\u00fablicos (4.2%).<\/div>\n<div>En cuanto al origen del problema, el 26.8% de los participantes atribuye la situaci\u00f3n a la corrupci\u00f3n, seguido por la falta de liderazgo (23.3%), el abandono del Estado (14.4%), la falta de orden (10.2%), la falta de visi\u00f3n de ciudad (9.9%), y la politiquer\u00eda (7.1%).<\/div>\n<div>Respecto al compromiso que debe asumir el pr\u00f3ximo alcalde de Cartagena con los barrios, el 44.1% espera mejoras en la seguridad. Otras demandas importantes incluyen la construcci\u00f3n de escenarios deportivos y culturales (9.1%), la pavimentaci\u00f3n de calles (8.6%), mejoras en la movilidad (8.3%), la lucha contra las drogas y el microtr\u00e1fico (7.4%), la actualizaci\u00f3n del Plan de Ordenamiento Territorial (POT, 6.3%), y la recuperaci\u00f3n de parques (5%).<\/div>\n<div>En cuanto a proyectos estrat\u00e9gicos que no se pueden aplazar m\u00e1s en Cartagena, el 24.6% de los participantes mencion\u00f3 la necesidad de escuelas gratuitas de formaci\u00f3n para la empleabilidad y generaci\u00f3n de ingresos. Le siguen el traslado del mercado de Bazurto (20.2%), la construcci\u00f3n del Malec\u00f3n de la Virgen y la terminaci\u00f3n de la V\u00eda Perimetral (12.7%), el Plan Maestro de drenajes pluviales (8.1%), el Plan Maestro de Rehabilitaci\u00f3n vial (6.6%), el Plan Maestro de Educaci\u00f3n (6.4%), y el Plan de salvamento del sistema Transcaribe (5.8%).<\/div>\n<div><\/div>\n<div>En conclusi\u00f3n, La Fuerza de las Ideas ha permitido recoger una amplia variedad de propuestas y demandas de los ciudadanos de Cartagena. Estos resultados servir\u00e1n como base para la formulaci\u00f3n de un nuevo modelo de ciudad que responda a las necesidades y expectativas de la comunidad. Es compromiso seguir promoviendo el di\u00e1logo social y la participaci\u00f3n ciudadana como herramientas fundamentales para el desarrollo y el bienestar de Cartagena.<\/div>\n","protected":false},"excerpt":{"rendered":"<p>Cartagena de Indias 19 de junio de 2023.- El centro de pensamiento Liderazgo Caribe, orientado por el dirigente deportivo Dumek Turbay, present\u00f3 los resultados de La Fuerza de las Ideas, un ejercicio de di\u00e1logo social, participaci\u00f3n y escucha ciudadana que tuvo como objetivo recoger propuestas e ideas para la construcci\u00f3n colectiva de un nuevo modelo de ciudad. El objetivo principal de La Fuerza de las Ideas fue incluir todas las voces y criterios posibles para abordar las complejidades de una ciudad postrada, descuadernada y dividida, y encontrar soluciones a los&#8230; <\/p>\n","protected":false},"author":3,"featured_media":50426,"comment_status":"closed","ping_status":"closed","sticky":false,"template":"","format":"standard","meta":{"footnotes":"","_links_to":"","_links_to_target":""},"categories":[1450,1440,4],"tags":[285,983,298],"class_list":["post-50425","post","type-post","status-publish","format-standard","has-post-thumbnail","hentry","category-parasladers","category-elecciones-2023-politica","category-politica","tag-destacada","tag-elecciones-2023","tag-politica"],"_links":{"self":[{"href":"https:\/\/revistazetta.com\/index.php?rest_route=\/wp\/v2\/posts\/50425","targetHints":{"allow":["GET"]}}],"collection":[{"href":"https:\/\/revistazetta.com\/index.php?rest_route=\/wp\/v2\/posts"}],"about":[{"href":"https:\/\/revistazetta.com\/index.php?rest_route=\/wp\/v2\/types\/post"}],"author":[{"embeddable":true,"href":"https:\/\/revistazetta.com\/index.php?rest_route=\/wp\/v2\/users\/3"}],"replies":[{"embeddable":true,"href":"https:\/\/revistazetta.com\/index.php?rest_route=%2Fwp%2Fv2%2Fcomments&post=50425"}],"version-history":[{"count":0,"href":"https:\/\/revistazetta.com\/index.php?rest_route=\/wp\/v2\/posts\/50425\/revisions"}],"wp:featuredmedia":[{"embeddable":true,"href":"https:\/\/revistazetta.com\/index.php?rest_route=\/wp\/v2\/media\/50426"}],"wp:attachment":[{"href":"https:\/\/revistazetta.com\/index.php?rest_route=%2Fwp%2Fv2%2Fmedia&parent=50425"}],"wp:term":[{"taxonomy":"category","embeddable":true,"href":"https:\/\/revistazetta.com\/index.php?rest_route=%2Fwp%2Fv2%2Fcategories&post=50425"},{"taxonomy":"post_tag","embeddable":true,"href":"https:\/\/revistazetta.com\/index.php?rest_route=%2Fwp%2Fv2%2Ftags&post=50425"}],"curies":[{"name":"wp","href":"https:\/\/api.w.org\/{rel}","templated":true}]}}