{"id":50433,"date":"2023-06-20T10:16:17","date_gmt":"2023-06-20T15:16:17","guid":{"rendered":"https:\/\/revistazetta.com\/?p=50433"},"modified":"2023-06-20T10:16:17","modified_gmt":"2023-06-20T15:16:17","slug":"antonio-alcala-obtiene-mencion-de-honor-en-fotonaraton-iberoamericana-2023","status":"publish","type":"post","link":"https:\/\/revistazetta.com\/?p=50433","title":{"rendered":"Antonio Alcal\u00e1 obtiene menci\u00f3n de honor en Fotonarat\u00f3n Iberoamericana 2023"},"content":{"rendered":"<p><strong>Cartagena de Indias, 20 de junio de 2023.-<\/strong>\u00a0De un grupo de 2.300 fotograf\u00edas recibidas y de 200 muestras clasificadas por un jurado internacional en la Fotonarat\u00f3n 2023 result\u00f3 ganador con la primera menci\u00f3n honor\u00edfica el fot\u00f3grafo cartagenero Antonio Alcal\u00e1.<br \/>\nLa escogencia estuvo de parte de los integrantes del jurado calificador conformado por los fot\u00f3grafos Sol Schiller, de Argentina; Antonio Morales, de Espa\u00f1a, y Ginebra Sidal, tambi\u00e9n espa\u00f1ola.<\/p>\n<p><img loading=\"lazy\" decoding=\"async\" class=\"alignnone size-medium wp-image-50435\" src=\"https:\/\/revistazetta.com\/wp-content\/uploads\/2023\/06\/WhatsApp-Image-2023-06-20-at-6.17.16-AM-222x333.jpeg\" alt=\"\" width=\"222\" height=\"333\" srcset=\"https:\/\/revistazetta.com\/wp-content\/uploads\/2023\/06\/WhatsApp-Image-2023-06-20-at-6.17.16-AM-222x333.jpeg 222w, https:\/\/revistazetta.com\/wp-content\/uploads\/2023\/06\/WhatsApp-Image-2023-06-20-at-6.17.16-AM-682x1024.jpeg 682w, https:\/\/revistazetta.com\/wp-content\/uploads\/2023\/06\/WhatsApp-Image-2023-06-20-at-6.17.16-AM-108x162.jpeg 108w, https:\/\/revistazetta.com\/wp-content\/uploads\/2023\/06\/WhatsApp-Image-2023-06-20-at-6.17.16-AM-1023x1536.jpeg 1023w, https:\/\/revistazetta.com\/wp-content\/uploads\/2023\/06\/WhatsApp-Image-2023-06-20-at-6.17.16-AM.jpeg 1066w\" sizes=\"auto, (max-width: 222px) 100vw, 222px\" \/><br \/>\nLa fotograf\u00eda exaltada fue hecha en el barrio Getseman\u00ed y muestra el rostro de una mujer negra cartagenera adulta mayor en el que se puede ver cada marca de sus expresiones combinadas con el colorido propio del Caribe en su vestido de s\u00e1bado por la tarde.<br \/>\nAntonio Alcal\u00e1 cuenta con m\u00e1s de cuarenta a\u00f1os de experiencia y en la \u00faltima d\u00e9cada ha venido trabajando la t\u00e9cnica fotogr\u00e1fica del retrato callejero perfeccionando un estilo propio teniendo como escenario el factor humano del Caribe Colombiano en todas sus expresiones.<\/p>\n<p><img loading=\"lazy\" decoding=\"async\" class=\"alignnone size-medium wp-image-50436\" src=\"https:\/\/revistazetta.com\/wp-content\/uploads\/2023\/06\/WhatsApp-Image-2023-06-20-at-7.09.25-AM-477x333.jpeg\" alt=\"\" width=\"477\" height=\"333\" srcset=\"https:\/\/revistazetta.com\/wp-content\/uploads\/2023\/06\/WhatsApp-Image-2023-06-20-at-7.09.25-AM-477x333.jpeg 477w, https:\/\/revistazetta.com\/wp-content\/uploads\/2023\/06\/WhatsApp-Image-2023-06-20-at-7.09.25-AM-1024x715.jpeg 1024w, https:\/\/revistazetta.com\/wp-content\/uploads\/2023\/06\/WhatsApp-Image-2023-06-20-at-7.09.25-AM-232x162.jpeg 232w, https:\/\/revistazetta.com\/wp-content\/uploads\/2023\/06\/WhatsApp-Image-2023-06-20-at-7.09.25-AM-1536x1072.jpeg 1536w, https:\/\/revistazetta.com\/wp-content\/uploads\/2023\/06\/WhatsApp-Image-2023-06-20-at-7.09.25-AM.jpeg 1600w\" sizes=\"auto, (max-width: 477px) 100vw, 477px\" \/><br \/>\nAntonio Alcal\u00e1 ha mostrado un cuidadoso trabajo a lo largo del tiempo tal y como lo requiere el arte de hacer fotos. Entre sus logros se cuentan varias exposiciones fotogr\u00e1ficas locales y nacionales como tambi\u00e9n reconocimientos como este de la Fotonarat\u00f3n Iberoamericana 2023, el premio que obtuvo en el concurso\u00bb Los trabajos y los d\u00edas\u00bb y fue ganador de un concurso de fotograf\u00eda patrocinado por la Sociedad Colombiana de Arquitectos, entre otros reconocimientos.<br \/>\nAntonio Alcal\u00e1 se ha desempa\u00f1ado como reportero gr\u00e1fico de peri\u00f3dicos y revistas colombianas entre los que se cuentan el diario El Tiempo, el diario La Verdad y la revista Ecos de Alemania.<\/p>\n<p>&nbsp;<\/p>\n","protected":false},"excerpt":{"rendered":"<p>Cartagena de Indias, 20 de junio de 2023.-\u00a0De un grupo de 2.300 fotograf\u00edas recibidas y de 200 muestras clasificadas por un jurado internacional en la Fotonarat\u00f3n 2023 result\u00f3 ganador con la primera menci\u00f3n honor\u00edfica el fot\u00f3grafo cartagenero Antonio Alcal\u00e1. La escogencia estuvo de parte de los integrantes del jurado calificador conformado por los fot\u00f3grafos Sol Schiller, de Argentina; Antonio Morales, de Espa\u00f1a, y Ginebra Sidal, tambi\u00e9n espa\u00f1ola. La fotograf\u00eda exaltada fue hecha en el barrio Getseman\u00ed y muestra el rostro de una mujer negra cartagenera adulta mayor en el que&#8230; <\/p>\n","protected":false},"author":3,"featured_media":50434,"comment_status":"closed","ping_status":"closed","sticky":false,"template":"","format":"standard","meta":{"footnotes":"","_links_to":"","_links_to_target":""},"categories":[41,1450],"tags":[1689,290,285,1524],"class_list":["post-50433","post","type-post","status-publish","format-standard","has-post-thumbnail","hentry","category-cultura","category-parasladers","tag-antonio-alcala","tag-cultura","tag-destacada","tag-fotografia"],"_links":{"self":[{"href":"https:\/\/revistazetta.com\/index.php?rest_route=\/wp\/v2\/posts\/50433","targetHints":{"allow":["GET"]}}],"collection":[{"href":"https:\/\/revistazetta.com\/index.php?rest_route=\/wp\/v2\/posts"}],"about":[{"href":"https:\/\/revistazetta.com\/index.php?rest_route=\/wp\/v2\/types\/post"}],"author":[{"embeddable":true,"href":"https:\/\/revistazetta.com\/index.php?rest_route=\/wp\/v2\/users\/3"}],"replies":[{"embeddable":true,"href":"https:\/\/revistazetta.com\/index.php?rest_route=%2Fwp%2Fv2%2Fcomments&post=50433"}],"version-history":[{"count":0,"href":"https:\/\/revistazetta.com\/index.php?rest_route=\/wp\/v2\/posts\/50433\/revisions"}],"wp:featuredmedia":[{"embeddable":true,"href":"https:\/\/revistazetta.com\/index.php?rest_route=\/wp\/v2\/media\/50434"}],"wp:attachment":[{"href":"https:\/\/revistazetta.com\/index.php?rest_route=%2Fwp%2Fv2%2Fmedia&parent=50433"}],"wp:term":[{"taxonomy":"category","embeddable":true,"href":"https:\/\/revistazetta.com\/index.php?rest_route=%2Fwp%2Fv2%2Fcategories&post=50433"},{"taxonomy":"post_tag","embeddable":true,"href":"https:\/\/revistazetta.com\/index.php?rest_route=%2Fwp%2Fv2%2Ftags&post=50433"}],"curies":[{"name":"wp","href":"https:\/\/api.w.org\/{rel}","templated":true}]}}