{"id":50479,"date":"2023-06-24T10:27:05","date_gmt":"2023-06-24T15:27:05","guid":{"rendered":"https:\/\/revistazetta.com\/?p=50479"},"modified":"2023-06-24T10:27:05","modified_gmt":"2023-06-24T15:27:05","slug":"la-transformacion-es-obra-de-todos-javier-doria-en-henequen-y-el-prado","status":"publish","type":"post","link":"https:\/\/revistazetta.com\/?p=50479","title":{"rendered":"La transformaci\u00f3n es obra de todos: Javier Doria en Henequ\u00e9n y El Prado"},"content":{"rendered":"<p>Cartagena de Indias, 24 de junio de 2023.- La transformaci\u00f3n que requiere Cartagena es inaplazable y exige la participaci\u00f3n de todos. Esta es una de las principales conclusiones de una nueva jornada de di\u00e1logo comunitario del l\u00edder del Grupo Significativo de Ciudadanos Cartagena Fuerte y Libre, Javier Doria.<\/p>\n<p>Henequen y El Prado hicieron la invitaci\u00f3n a Doria para comunicarle el abandono que sufren por parte de las autoridades locales y las diferentes situaciones que se presentan en esas zonas de Cartagena.<\/p>\n<p>A los habitantes de El Prado los preocupa la inseguridad y manifiestan tambi\u00e9n que hace al menos cuatro a\u00f1os en el barrio no se realiza ninguna reparaci\u00f3n en sus calles; de la misma manera informaron a Doria que el servicio de energ\u00eda y agua han venido prestandose de manera muy regular. En Henequen, sector Villas de Aranjuez la situaci\u00f3n no es la mejor, esa comunidad no cuenta con espacios para la recreaci\u00f3n, no tienen servicio de agua potable ni de energ\u00eda formalizados.<\/p>\n<p>Doria escuch\u00f3 a los habitantes de ambos sectores explicando la necesidad de trabajar entre todos para lograr la transformaci\u00f3n que todos esperamos.<\/p>\n<p>A pesar de esas carencias las comunidades mantienen la esperanza de poder cambiarle la cara a Cartagena.<\/p>\n","protected":false},"excerpt":{"rendered":"<p>Cartagena de Indias, 24 de junio de 2023.- La transformaci\u00f3n que requiere Cartagena es inaplazable y exige la participaci\u00f3n de todos. Esta es una de las principales conclusiones de una nueva jornada de di\u00e1logo comunitario del l\u00edder del Grupo Significativo de Ciudadanos Cartagena Fuerte y Libre, Javier Doria. Henequen y El Prado hicieron la invitaci\u00f3n a Doria para comunicarle el abandono que sufren por parte de las autoridades locales y las diferentes situaciones que se presentan en esas zonas de Cartagena. A los habitantes de El Prado los preocupa la&#8230; <\/p>\n","protected":false},"author":3,"featured_media":50480,"comment_status":"closed","ping_status":"closed","sticky":false,"template":"","format":"standard","meta":{"footnotes":"","_links_to":"","_links_to_target":""},"categories":[1450,1440,4],"tags":[285,1531,1400,298],"class_list":["post-50479","post","type-post","status-publish","format-standard","has-post-thumbnail","hentry","category-parasladers","category-elecciones-2023-politica","category-politica","tag-destacada","tag-elecciones","tag-javier-doria","tag-politica"],"_links":{"self":[{"href":"https:\/\/revistazetta.com\/index.php?rest_route=\/wp\/v2\/posts\/50479","targetHints":{"allow":["GET"]}}],"collection":[{"href":"https:\/\/revistazetta.com\/index.php?rest_route=\/wp\/v2\/posts"}],"about":[{"href":"https:\/\/revistazetta.com\/index.php?rest_route=\/wp\/v2\/types\/post"}],"author":[{"embeddable":true,"href":"https:\/\/revistazetta.com\/index.php?rest_route=\/wp\/v2\/users\/3"}],"replies":[{"embeddable":true,"href":"https:\/\/revistazetta.com\/index.php?rest_route=%2Fwp%2Fv2%2Fcomments&post=50479"}],"version-history":[{"count":0,"href":"https:\/\/revistazetta.com\/index.php?rest_route=\/wp\/v2\/posts\/50479\/revisions"}],"wp:featuredmedia":[{"embeddable":true,"href":"https:\/\/revistazetta.com\/index.php?rest_route=\/wp\/v2\/media\/50480"}],"wp:attachment":[{"href":"https:\/\/revistazetta.com\/index.php?rest_route=%2Fwp%2Fv2%2Fmedia&parent=50479"}],"wp:term":[{"taxonomy":"category","embeddable":true,"href":"https:\/\/revistazetta.com\/index.php?rest_route=%2Fwp%2Fv2%2Fcategories&post=50479"},{"taxonomy":"post_tag","embeddable":true,"href":"https:\/\/revistazetta.com\/index.php?rest_route=%2Fwp%2Fv2%2Ftags&post=50479"}],"curies":[{"name":"wp","href":"https:\/\/api.w.org\/{rel}","templated":true}]}}