{"id":50664,"date":"2023-07-12T06:23:13","date_gmt":"2023-07-12T11:23:13","guid":{"rendered":"https:\/\/revistazetta.com\/?p=50664"},"modified":"2023-07-12T06:23:13","modified_gmt":"2023-07-12T11:23:13","slug":"carlos-feliz-anuncio-postulacion-al-concejo-de-cartagena","status":"publish","type":"post","link":"https:\/\/revistazetta.com\/?p=50664","title":{"rendered":"Carlos F\u00e9liz anunci\u00f3 postulaci\u00f3n al Concejo de Cartagena"},"content":{"rendered":"<div dir=\"auto\"><strong>Cartagena de Indias, 12 de julio de 2023.-<\/strong>\u00a0Carlos F\u00e9liz Monsalve anunci\u00f3 en sus redes sociales que se postular\u00e1 al Concejo de Cartagena, y lo har\u00e1 en la lista conjunta que presentar\u00e1n los partidos Nuevo Liberalismo y En Marcha.<\/div>\n<div dir=\"auto\">\u00abHemos tomado la decisi\u00f3n de trabajar por Cartagena.\u00a0El control pol\u00edtico debe ser eficiente, serio y constructivo.\u00a0Es hora de avanzar unidos por la ciudad de todos.\u00a0Te participo e invito a avanzar conmigo en este proyecto Cartagena, trabajando teniendo como ruta la fuerza de las ideas\u00bb.<\/div>\n<div dir=\"auto\">El dirigente respaldar\u00e1 la candidatura a la Alcald\u00eda de Dumek Turbay Turbay.<\/div>\n<div dir=\"auto\">F\u00e9liz Monsalve acaba de participar en un proceso para unificar candidaturas para la Alcald\u00eda de Mompox, donde las fuerzas integrantes optaron por respaldar a la actual diputada Ana Elvira Castro Abuabara.<\/div>\n<div dir=\"auto\">Con esa realidad pol\u00edtica, y teniendo en cuenta la coyuntura de su grupo en Cartagena de Indias, se tom\u00f3 la decisi\u00f3n de participar en el proceso electoral de la Heroica.<\/div>\n<div dir=\"auto\">F\u00e9liz es odont\u00f3logo de profesi\u00f3n, ha sido candidato a la Gobernaci\u00f3n de Bol\u00edvar, diputado de la Asamblea Departamental y dos veces Secretario del interior de Bol\u00edvar.<\/div>\n","protected":false},"excerpt":{"rendered":"<p>Cartagena de Indias, 12 de julio de 2023.-\u00a0Carlos F\u00e9liz Monsalve anunci\u00f3 en sus redes sociales que se postular\u00e1 al Concejo de Cartagena, y lo har\u00e1 en la lista conjunta que presentar\u00e1n los partidos Nuevo Liberalismo y En Marcha. \u00abHemos tomado la decisi\u00f3n de trabajar por Cartagena.\u00a0El control pol\u00edtico debe ser eficiente, serio y constructivo.\u00a0Es hora de avanzar unidos por la ciudad de todos.\u00a0Te participo e invito a avanzar conmigo en este proyecto Cartagena, trabajando teniendo como ruta la fuerza de las ideas\u00bb. El dirigente respaldar\u00e1 la candidatura a la Alcald\u00eda&#8230; <\/p>\n","protected":false},"author":3,"featured_media":50665,"comment_status":"closed","ping_status":"closed","sticky":false,"template":"","format":"standard","meta":{"footnotes":"","_links_to":"","_links_to_target":""},"categories":[1450,1440,4],"tags":[233,285,983,298],"class_list":["post-50664","post","type-post","status-publish","format-standard","has-post-thumbnail","hentry","category-parasladers","category-elecciones-2023-politica","category-politica","tag-carlos-feliz","tag-destacada","tag-elecciones-2023","tag-politica"],"_links":{"self":[{"href":"https:\/\/revistazetta.com\/index.php?rest_route=\/wp\/v2\/posts\/50664","targetHints":{"allow":["GET"]}}],"collection":[{"href":"https:\/\/revistazetta.com\/index.php?rest_route=\/wp\/v2\/posts"}],"about":[{"href":"https:\/\/revistazetta.com\/index.php?rest_route=\/wp\/v2\/types\/post"}],"author":[{"embeddable":true,"href":"https:\/\/revistazetta.com\/index.php?rest_route=\/wp\/v2\/users\/3"}],"replies":[{"embeddable":true,"href":"https:\/\/revistazetta.com\/index.php?rest_route=%2Fwp%2Fv2%2Fcomments&post=50664"}],"version-history":[{"count":0,"href":"https:\/\/revistazetta.com\/index.php?rest_route=\/wp\/v2\/posts\/50664\/revisions"}],"wp:featuredmedia":[{"embeddable":true,"href":"https:\/\/revistazetta.com\/index.php?rest_route=\/wp\/v2\/media\/50665"}],"wp:attachment":[{"href":"https:\/\/revistazetta.com\/index.php?rest_route=%2Fwp%2Fv2%2Fmedia&parent=50664"}],"wp:term":[{"taxonomy":"category","embeddable":true,"href":"https:\/\/revistazetta.com\/index.php?rest_route=%2Fwp%2Fv2%2Fcategories&post=50664"},{"taxonomy":"post_tag","embeddable":true,"href":"https:\/\/revistazetta.com\/index.php?rest_route=%2Fwp%2Fv2%2Ftags&post=50664"}],"curies":[{"name":"wp","href":"https:\/\/api.w.org\/{rel}","templated":true}]}}