{"id":50713,"date":"2023-07-17T06:38:13","date_gmt":"2023-07-17T11:38:13","guid":{"rendered":"https:\/\/revistazetta.com\/?p=50713"},"modified":"2023-07-17T06:38:13","modified_gmt":"2023-07-17T11:38:13","slug":"medios-nacionales-iniciaron-estrategia-de-victimizacion-a-la-candidata-de-dau-jacqueline-perea","status":"publish","type":"post","link":"https:\/\/revistazetta.com\/?p=50713","title":{"rendered":"Medios nacionales iniciaron estrategia de victimizaci\u00f3n a la candidata de Dau: Jacqueline Perea"},"content":{"rendered":"<p><strong>Cartagena de Indias, 17 de julio de 2023.-<\/strong> Los medios bogotanos con cobertura nacional iniciaron una estrategia de victimizaci\u00f3n para enrutar a Judith Pinedo hacia la Alcald\u00eda de Cartagena, como candidata continuista del actual Alcalde William Dau.<\/p>\n<p>Esa es la conclusi\u00f3n que expresa la aspirante y opositora Jacqueline Perea en un trino, publicado tras conocerse la entrevista que la periodista Nena Arr\u00e1zola publico en el programa \u00abLos Informantes\u00bb del canal Caracol.<\/p>\n<p>Arr\u00e1zola fue jefe de prensa de Judith Pinedo cuando fue alcaldesa, aspecto que no fue advertido a la audiencia.<\/p>\n<p>Este fue el trino de Perea Blanco, ilustrado con la foto donde se funden en un abrazo la se\u00f1ora Pinedo y el se\u00f1or Dau, el d\u00eda en que la alcaldes fue liberada al ser declarada inocente de una condena a 12 a\u00f1os, de la que alcanz\u00f3 a estar dos a\u00f1os privada de la libertad:<\/p>\n<p><img loading=\"lazy\" decoding=\"async\" class=\"alignnone wp-image-50714 size-large\" src=\"https:\/\/revistazetta.com\/wp-content\/uploads\/2023\/07\/JAcque-Mulata-622x1024.jpg\" alt=\"\" width=\"622\" height=\"1024\" srcset=\"https:\/\/revistazetta.com\/wp-content\/uploads\/2023\/07\/JAcque-Mulata-622x1024.jpg 622w, https:\/\/revistazetta.com\/wp-content\/uploads\/2023\/07\/JAcque-Mulata-202x333.jpg 202w, https:\/\/revistazetta.com\/wp-content\/uploads\/2023\/07\/JAcque-Mulata-98x162.jpg 98w, https:\/\/revistazetta.com\/wp-content\/uploads\/2023\/07\/JAcque-Mulata.jpg 777w\" sizes=\"auto, (max-width: 622px) 100vw, 622px\" \/><\/p>\n<p>La divulgaci\u00f3n de la entrevista tambi\u00e9n origin\u00f3 varias cadenas en WhatsApp con enlaces de publicaciones que apuntan a esc\u00e1ndalos de la gesti\u00f3n en la Alcald\u00eda de Pinedo.<\/p>\n<p><span style=\"color: #0000ff;\">\u00c9sta entrevista organizada por la periodista Nena Arrazola, quien fue jefa de prensa de Judith Pinedo, l\u00f3gicamente no mostrar\u00e1 la corrupci\u00f3n de Mar\u00edamulata, por la que est\u00e1n encartados Augusto Mainero Rom\u00e1n, Marina Mosquera su directora de Corvivienda; Antonio Fl\u00f3rez, su Secretario de Infraestructura, entre otros.<\/span><br \/>\n<strong>Imputan delitos a exfuncionarios capturados<\/strong><\/p>\n<p><a href=\"http:\/\/m.eluniversal.com.co\/cartagena\/imputan-delitos-exfuncionarios-capturados-228848-FQEU335055\" target=\"_blank\" rel=\"noopener\"><span style=\"color: #0000ff;\">http:\/\/m.eluniversal.com.co\/cartagena\/imputan-delitos-exfuncionarios-capturados-228848-FQEU335055<\/span><\/a><br \/>\n<strong>Casa por c\u00e1rcel para exsecretario de Infraestructura de Cartagena | EL ESPECTADOR\u00a0<\/strong><\/p>\n<p><span style=\"color: #0000ff;\"><a style=\"color: #0000ff;\" href=\"https:\/\/www.elespectador.com\/colombia\/cartagena\/casa-por-carcel-para-exsecretario-de-infraestructura-de-cartagena-article-511651\/\" target=\"_blank\" rel=\"noopener\">https:\/\/www.elespectador.com\/colombia\/cartagena\/casa-por-carcel-para-exsecretario-de-infraestructura-de-cartagena-article-511651\/<\/a><\/span><\/p>\n<p><strong>Capturan a Marina Mosquera, exgerente de Corvivienda<\/strong><\/p>\n<p><span style=\"color: #0000ff;\"><a style=\"color: #0000ff;\" href=\"http:\/\/m.eluniversal.com.co\/cartagena\/capturan-marina-mosquera-exgerente-de-corvivienda-120525-NSEU208104\" target=\"_blank\" rel=\"noopener\">http:\/\/m.eluniversal.com.co\/cartagena\/capturan-marina-mosquera-exgerente-de-corvivienda-120525-NSEU208104<\/a><\/span><\/p>\n","protected":false},"excerpt":{"rendered":"<p>Cartagena de Indias, 17 de julio de 2023.- Los medios bogotanos con cobertura nacional iniciaron una estrategia de victimizaci\u00f3n para enrutar a Judith Pinedo hacia la Alcald\u00eda de Cartagena, como candidata continuista del actual Alcalde William Dau. Esa es la conclusi\u00f3n que expresa la aspirante y opositora Jacqueline Perea en un trino, publicado tras conocerse la entrevista que la periodista Nena Arr\u00e1zola publico en el programa \u00abLos Informantes\u00bb del canal Caracol. Arr\u00e1zola fue jefe de prensa de Judith Pinedo cuando fue alcaldesa, aspecto que no fue advertido a la audiencia&#8230;. <\/p>\n","protected":false},"author":3,"featured_media":50715,"comment_status":"closed","ping_status":"closed","sticky":false,"template":"","format":"standard","meta":{"footnotes":"","_links_to":"","_links_to_target":""},"categories":[1450,1440,4],"tags":[285,983,269,1623,298,431],"class_list":["post-50713","post","type-post","status-publish","format-standard","has-post-thumbnail","hentry","category-parasladers","category-elecciones-2023-politica","category-politica","tag-destacada","tag-elecciones-2023","tag-jacqueline-perea","tag-judith-pinedo","tag-politica","tag-william-dau"],"_links":{"self":[{"href":"https:\/\/revistazetta.com\/index.php?rest_route=\/wp\/v2\/posts\/50713","targetHints":{"allow":["GET"]}}],"collection":[{"href":"https:\/\/revistazetta.com\/index.php?rest_route=\/wp\/v2\/posts"}],"about":[{"href":"https:\/\/revistazetta.com\/index.php?rest_route=\/wp\/v2\/types\/post"}],"author":[{"embeddable":true,"href":"https:\/\/revistazetta.com\/index.php?rest_route=\/wp\/v2\/users\/3"}],"replies":[{"embeddable":true,"href":"https:\/\/revistazetta.com\/index.php?rest_route=%2Fwp%2Fv2%2Fcomments&post=50713"}],"version-history":[{"count":0,"href":"https:\/\/revistazetta.com\/index.php?rest_route=\/wp\/v2\/posts\/50713\/revisions"}],"wp:featuredmedia":[{"embeddable":true,"href":"https:\/\/revistazetta.com\/index.php?rest_route=\/wp\/v2\/media\/50715"}],"wp:attachment":[{"href":"https:\/\/revistazetta.com\/index.php?rest_route=%2Fwp%2Fv2%2Fmedia&parent=50713"}],"wp:term":[{"taxonomy":"category","embeddable":true,"href":"https:\/\/revistazetta.com\/index.php?rest_route=%2Fwp%2Fv2%2Fcategories&post=50713"},{"taxonomy":"post_tag","embeddable":true,"href":"https:\/\/revistazetta.com\/index.php?rest_route=%2Fwp%2Fv2%2Ftags&post=50713"}],"curies":[{"name":"wp","href":"https:\/\/api.w.org\/{rel}","templated":true}]}}