{"id":5073,"date":"2015-03-17T07:26:59","date_gmt":"2015-03-17T12:26:59","guid":{"rendered":"http:\/\/www.revistazetta.com\/?p=5073"},"modified":"2015-03-17T07:26:59","modified_gmt":"2015-03-17T12:26:59","slug":"daira-galvis-pide-candidatos-de-la-unidad-nacional","status":"publish","type":"post","link":"https:\/\/revistazetta.com\/?p=5073","title":{"rendered":"Daira Galvis pide candidatos de la Unidad Nacional"},"content":{"rendered":"<p>Los partidos aliados para la reelecci\u00f3n del presidente Juan Manuel Santos deben mantener esa cohesi\u00f3n para las elecciones regionales de octubre pr\u00f3ximo, y los candidatos deben salir del seno de la Unidad Nacional, declar\u00f3 a Revista Zetta la senadora Daira Galvis.<\/p>\n<p>A juicio de la legisladora, es imperativo mantener esa unidad pol\u00edtica en el \u00e1mbito regional, o de lo contrario ser\u00eda un contrasentido haber trabajado por la paz y la prosperidad para luego abandonar esas banderas.<\/p>\n<p>Por ello se\u00f1al\u00f3 que los candidatos a Gobernaci\u00f3n de Bol\u00edvar y Alcald\u00eda de Cartagena deben ser fruto de esa Unidad Nacional que reeligi\u00f3 al Presidente Santos.<\/p>\n<p>Galvis M\u00e9ndez se mostr\u00f3 preocupada por la ausencia de un liderazgo notorio e indiscutible en materia de candidaturas, y dijo que ello se nota m\u00e1s en las candidaturas a Alcald\u00eda que en las de Gobernaci\u00f3n.<\/p>\n<p>\u201cEn las candidaturas a Gobernaci\u00f3n observamos l\u00edderes m\u00e1s visibles y aceptados, pero no pasa lo mismo para la Alcald\u00eda\u201d, dijo en di\u00e1logo con John Zamora, director de Revista Zetta.<\/p>\n<p>Dijo que los nombres actuales no representan las aspiraciones de la ciudad. \u201cO surge una figura nueva, o una de las actuales opciones se tiene que fortalecer\u201d, conceptu\u00f3.<\/p>\n<p>Reiter\u00f3 que la ciudad tiene una crisis dirigencial y que por ello a la democracia llegan propuestas populares y demag\u00f3gicas.<\/p>\n<p>En cuando al grupo pol\u00edtico que orienta, dijo que est\u00e1 trabajando en la organizaci\u00f3n de sus cuadros para la selecci\u00f3n de candidatos a alcald\u00edas y concejos municipales y Asamblea Departamental. \u201cEn mi grupo la pol\u00edtica de dedo no existe\u201d, significando que las decisiones se tomar\u00e1n en consenso.<\/p>\n","protected":false},"excerpt":{"rendered":"<p>Los partidos aliados para la reelecci\u00f3n del presidente Juan Manuel Santos deben mantener esa cohesi\u00f3n para las elecciones regionales de octubre pr\u00f3ximo, y los candidatos deben salir del seno de la Unidad Nacional, declar\u00f3 a Revista Zetta la senadora Daira Galvis. A juicio de la legisladora, es imperativo mantener esa unidad pol\u00edtica en el \u00e1mbito regional, o de lo contrario ser\u00eda un contrasentido haber trabajado por la paz y la prosperidad para luego abandonar esas banderas. Por ello se\u00f1al\u00f3 que los candidatos a Gobernaci\u00f3n de Bol\u00edvar y Alcald\u00eda de Cartagena&#8230; <\/p>\n","protected":false},"author":3,"featured_media":5075,"comment_status":"open","ping_status":"closed","sticky":false,"template":"","format":"standard","meta":{"footnotes":"","_links_to":"","_links_to_target":""},"categories":[26,4],"tags":[],"class_list":["post-5073","post","type-post","status-publish","format-standard","has-post-thumbnail","hentry","category-politica-noticias","category-politica"],"_links":{"self":[{"href":"https:\/\/revistazetta.com\/index.php?rest_route=\/wp\/v2\/posts\/5073","targetHints":{"allow":["GET"]}}],"collection":[{"href":"https:\/\/revistazetta.com\/index.php?rest_route=\/wp\/v2\/posts"}],"about":[{"href":"https:\/\/revistazetta.com\/index.php?rest_route=\/wp\/v2\/types\/post"}],"author":[{"embeddable":true,"href":"https:\/\/revistazetta.com\/index.php?rest_route=\/wp\/v2\/users\/3"}],"replies":[{"embeddable":true,"href":"https:\/\/revistazetta.com\/index.php?rest_route=%2Fwp%2Fv2%2Fcomments&post=5073"}],"version-history":[{"count":0,"href":"https:\/\/revistazetta.com\/index.php?rest_route=\/wp\/v2\/posts\/5073\/revisions"}],"wp:featuredmedia":[{"embeddable":true,"href":"https:\/\/revistazetta.com\/index.php?rest_route=\/wp\/v2\/media\/5075"}],"wp:attachment":[{"href":"https:\/\/revistazetta.com\/index.php?rest_route=%2Fwp%2Fv2%2Fmedia&parent=5073"}],"wp:term":[{"taxonomy":"category","embeddable":true,"href":"https:\/\/revistazetta.com\/index.php?rest_route=%2Fwp%2Fv2%2Fcategories&post=5073"},{"taxonomy":"post_tag","embeddable":true,"href":"https:\/\/revistazetta.com\/index.php?rest_route=%2Fwp%2Fv2%2Ftags&post=5073"}],"curies":[{"name":"wp","href":"https:\/\/api.w.org\/{rel}","templated":true}]}}