{"id":5076,"date":"2015-03-18T06:54:29","date_gmt":"2015-03-18T11:54:29","guid":{"rendered":"http:\/\/www.revistazetta.com\/?p=5076"},"modified":"2015-03-18T06:54:29","modified_gmt":"2015-03-18T11:54:29","slug":"asamblea-aprobo-politica-de-envejecimiento-y-vejez-para-bolivar","status":"publish","type":"post","link":"https:\/\/revistazetta.com\/?p=5076","title":{"rendered":"Asamblea aprob\u00f3 pol\u00edtica de envejecimiento y vejez para Bol\u00edvar"},"content":{"rendered":"<p>La poblaci\u00f3n de la tercera edad de Bol\u00edvar cuenta a partir de hoy con una pol\u00edtica p\u00fablica aprobada por la Asamblea Departamental.<\/p>\n<p>Se trata de la ordenanza que establece en el Departamento las pautas institucionales para la atenci\u00f3n de las personas de la tercera edad, as\u00ed como para la poblaci\u00f3n mayor de 45 a\u00f1os.<\/p>\n<p>La plenaria de la corporaci\u00f3n departamental aprob\u00f3 el informe de comisi\u00f3n, preparado por los diputados Sigifredo Tapia, Orieta V\u00e1squez, Luis Padilla y Carlos F\u00e9liz, en el que se le daba sem\u00e1foro verde a la iniciativa presentada por el gobernador Juan Carlos Gossa\u00edn.<\/p>\n<p>El proyecto de ordenanza pasar\u00e1 a sanci\u00f3n del Ejecutivo.<\/p>\n<p>En las discusiones de los tres debates los diputados recibieron informaci\u00f3n de la Fundaci\u00f3n Saldarriaga y Concha, as\u00ed como la directora social de Bol\u00edvar, Hulie Badr\u00e1n Morales, sobre los estudios realizados para sustentar la iniciativa.<\/p>\n<p>A juicio de Badr\u00e1n Morales, la aprobaci\u00f3n de esta pol\u00edtica p\u00fablica significa un enorme progreso social, pues tanto la Gobernaci\u00f3n como los Municipios tienen un norte claro para el Adulto Mayor.<\/p>\n<p>Actualmente existe una estampilla para la Tercera Edad que se destina en un 30% para los centros de Bienestar y en un 70% para los centros de vida. En los primeros se les brinda atenci\u00f3n diurna, y en los segundos atenci\u00f3n permanente.<\/p>\n<p>Badr\u00e1n Morales dijo que el primer responsable del adulto mayor es la misma familia, por lo que esta pol\u00edtica es subsidiaria.<\/p>\n<p>En Bol\u00edvar hay un recaudo departamental de la estampilla, y actualmente hay 32 municipios que tienen creada su estampilla.<\/p>\n<p>&nbsp;<\/p>\n<p><strong>Aprobada Proposici\u00f3n del sector Educaci\u00f3n<\/strong><\/p>\n<p>En la plenaria de este martes, la Asamblea Departamental de Bol\u00edvar en pleno aprob\u00f3 una proposici\u00f3n sobre el sector ecuaci\u00f3n, as\u00ed:<\/p>\n<p>La Asamblea Departamental de Bol\u00edvar, en la sesi\u00f3n de la fecha, de conformidad con el art\u00edculo 300-11 de la Constituci\u00f3n Nacional, y 62-10 del C\u00f3digo de R\u00e9gimen Departamental, se permite proponer a al Plenaria: Encargar a la Comisi\u00f3n de Educaci\u00f3n y Salud y Asuntos Sociales de la Corporaci\u00f3n, para adelantar los estudios y acciones necesarias a fin de lograr una informaci\u00f3n real de los hechos denunciados recientemente por algunos medios de comunicaci\u00f3n sobre la Administraci\u00f3n Departamental, lo cual permitir\u00eda a esta Corporaci\u00f3n tener los elementos de juicio necesarios para adelantar el control pol\u00edtico a que haya lugar, para bien de los intereses de los bolivarenses.<\/p>\n<p>Presentada a consideraci\u00f3n de la Duma Departamental por los Honorables Diputados el d\u00eda 17 de marzo de 2015.<\/p>\n<p>Firmada por todos los diputados asistentes (12).<\/p>\n<p>&nbsp;<\/p>\n<p><strong>Se preparan debates de control pol\u00edtico<\/strong><\/p>\n<p>La Asamblea Departamental de Bol\u00edvar iniciar\u00e1 desde el 7 de abril una serie de debates pol\u00edticos a la Administraci\u00f3n, tal como lo establece su reglamento interno.<\/p>\n<p>Para tal fin, el presidente de la Duma, Jorge Rodr\u00edguez Sosa, design\u00f3 una comisi\u00f3n encargada de establecer la agenda y elaborar los cuestionarios conformada por Luis Padilla (coordinador) Orieta V\u00e1squez, Miguel Cu\u00e9ter y Jos\u00e9 Utria.<\/p>\n<p>El diputado coordinador Luis Padilla exigi\u00f3 que los funcionarios citados presenten los indicadores de cada dependencia, que sustenten su gesti\u00f3n.<\/p>\n<p>A su vez, el vocero de la bancada liberal Andr\u00e9s Ricaurte exigi\u00f3 que los informes sean enviados con tres d\u00edas de antelaci\u00f3n a la fecha del debate. El diputado del partido de la U, Carlos F\u00e9liz, y Jos\u00e9 Utria, de Cambio Radical, estuvieron de acuerdo con Ricaurte en exigir como condici\u00f3n para la realizaci\u00f3n del debate, la presentaci\u00f3n de tales informes.<\/p>\n<p>El presidente de la Asamblea instruy\u00f3 para que el primer debate de control pol\u00edtico sea para Planeaci\u00f3n Departamental, como ente coordinador del Plan de Desarrollo \u201cBol\u00edvar Ganador 2012-2015\u201d.<\/p>\n","protected":false},"excerpt":{"rendered":"<p>La poblaci\u00f3n de la tercera edad de Bol\u00edvar cuenta a partir de hoy con una pol\u00edtica p\u00fablica aprobada por la Asamblea Departamental. Se trata de la ordenanza que establece en el Departamento las pautas institucionales para la atenci\u00f3n de las personas de la tercera edad, as\u00ed como para la poblaci\u00f3n mayor de 45 a\u00f1os. La plenaria de la corporaci\u00f3n departamental aprob\u00f3 el informe de comisi\u00f3n, preparado por los diputados Sigifredo Tapia, Orieta V\u00e1squez, Luis Padilla y Carlos F\u00e9liz, en el que se le daba sem\u00e1foro verde a la iniciativa presentada&#8230; <\/p>\n","protected":false},"author":3,"featured_media":5078,"comment_status":"open","ping_status":"closed","sticky":false,"template":"","format":"standard","meta":{"footnotes":"","_links_to":"","_links_to_target":""},"categories":[28,4],"tags":[],"class_list":["post-5076","post","type-post","status-publish","format-standard","has-post-thumbnail","hentry","category-politica-asamblea","category-politica"],"_links":{"self":[{"href":"https:\/\/revistazetta.com\/index.php?rest_route=\/wp\/v2\/posts\/5076","targetHints":{"allow":["GET"]}}],"collection":[{"href":"https:\/\/revistazetta.com\/index.php?rest_route=\/wp\/v2\/posts"}],"about":[{"href":"https:\/\/revistazetta.com\/index.php?rest_route=\/wp\/v2\/types\/post"}],"author":[{"embeddable":true,"href":"https:\/\/revistazetta.com\/index.php?rest_route=\/wp\/v2\/users\/3"}],"replies":[{"embeddable":true,"href":"https:\/\/revistazetta.com\/index.php?rest_route=%2Fwp%2Fv2%2Fcomments&post=5076"}],"version-history":[{"count":0,"href":"https:\/\/revistazetta.com\/index.php?rest_route=\/wp\/v2\/posts\/5076\/revisions"}],"wp:featuredmedia":[{"embeddable":true,"href":"https:\/\/revistazetta.com\/index.php?rest_route=\/wp\/v2\/media\/5078"}],"wp:attachment":[{"href":"https:\/\/revistazetta.com\/index.php?rest_route=%2Fwp%2Fv2%2Fmedia&parent=5076"}],"wp:term":[{"taxonomy":"category","embeddable":true,"href":"https:\/\/revistazetta.com\/index.php?rest_route=%2Fwp%2Fv2%2Fcategories&post=5076"},{"taxonomy":"post_tag","embeddable":true,"href":"https:\/\/revistazetta.com\/index.php?rest_route=%2Fwp%2Fv2%2Ftags&post=5076"}],"curies":[{"name":"wp","href":"https:\/\/api.w.org\/{rel}","templated":true}]}}