{"id":5079,"date":"2015-03-18T07:04:16","date_gmt":"2015-03-18T12:04:16","guid":{"rendered":"http:\/\/www.revistazetta.com\/?p=5079"},"modified":"2015-03-18T07:04:16","modified_gmt":"2015-03-18T12:04:16","slug":"antonio-dager-a-la-alcaldia-y-edwin-morillo-a-gobernacion-precandidatos-del-partido-alianza-verde","status":"publish","type":"post","link":"https:\/\/revistazetta.com\/?p=5079","title":{"rendered":"Antonio D\u00e1ger a la Alcald\u00eda y Edwin Morillo a Gobernaci\u00f3n, precandidatos del Partido Alianza Verde"},"content":{"rendered":"<p>Dos nuevos actores entraron al escenario pre electoral, esta vez en la esfera del Partido Alianza Verde: Antonio D\u00e1ger es precandidato a la Alcald\u00eda de Cartagena y Edwin Morillo Valdelamar a la Gobernaci\u00f3n de Bol\u00edvar.<\/p>\n<p>Un sector de esta colectividad en Bol\u00edvar lo solicit\u00f3 a la Direcci\u00f3n Nacional que apruebe el mecanismo de la consulta para definir las candidaturas, y no acudir a la encuesta o la decisi\u00f3n discrecional. Por ello, tanto D\u00e1ger como Morillo decidieron presentar sus nombres.<\/p>\n<p>D\u00e1ger se suma as\u00ed a Fabio Castellanos y Reinaldo Manjarrez, quienes en su momento aceptaron hacer parte de una terna para la consulta.<\/p>\n<p>Morillo solicit\u00f3 formalmente el aval para la Gobernaci\u00f3n y se sumar\u00eda as\u00ed a Rodrigo Arzuza, quien desde el a\u00f1o pasado ha venido recorriendo el departamento promoviendo sus ideas para este cargo.<\/p>\n","protected":false},"excerpt":{"rendered":"<p>Dos nuevos actores entraron al escenario pre electoral, esta vez en la esfera del Partido Alianza Verde: Antonio D\u00e1ger es precandidato a la Alcald\u00eda de Cartagena y Edwin Morillo Valdelamar a la Gobernaci\u00f3n de Bol\u00edvar. Un sector de esta colectividad en Bol\u00edvar lo solicit\u00f3 a la Direcci\u00f3n Nacional que apruebe el mecanismo de la consulta para definir las candidaturas, y no acudir a la encuesta o la decisi\u00f3n discrecional. Por ello, tanto D\u00e1ger como Morillo decidieron presentar sus nombres. D\u00e1ger se suma as\u00ed a Fabio Castellanos y Reinaldo Manjarrez, quienes&#8230; <\/p>\n","protected":false},"author":3,"featured_media":5081,"comment_status":"open","ping_status":"closed","sticky":false,"template":"","format":"standard","meta":{"footnotes":"","_links_to":"","_links_to_target":""},"categories":[26,4],"tags":[],"class_list":["post-5079","post","type-post","status-publish","format-standard","has-post-thumbnail","hentry","category-politica-noticias","category-politica"],"_links":{"self":[{"href":"https:\/\/revistazetta.com\/index.php?rest_route=\/wp\/v2\/posts\/5079","targetHints":{"allow":["GET"]}}],"collection":[{"href":"https:\/\/revistazetta.com\/index.php?rest_route=\/wp\/v2\/posts"}],"about":[{"href":"https:\/\/revistazetta.com\/index.php?rest_route=\/wp\/v2\/types\/post"}],"author":[{"embeddable":true,"href":"https:\/\/revistazetta.com\/index.php?rest_route=\/wp\/v2\/users\/3"}],"replies":[{"embeddable":true,"href":"https:\/\/revistazetta.com\/index.php?rest_route=%2Fwp%2Fv2%2Fcomments&post=5079"}],"version-history":[{"count":0,"href":"https:\/\/revistazetta.com\/index.php?rest_route=\/wp\/v2\/posts\/5079\/revisions"}],"wp:featuredmedia":[{"embeddable":true,"href":"https:\/\/revistazetta.com\/index.php?rest_route=\/wp\/v2\/media\/5081"}],"wp:attachment":[{"href":"https:\/\/revistazetta.com\/index.php?rest_route=%2Fwp%2Fv2%2Fmedia&parent=5079"}],"wp:term":[{"taxonomy":"category","embeddable":true,"href":"https:\/\/revistazetta.com\/index.php?rest_route=%2Fwp%2Fv2%2Fcategories&post=5079"},{"taxonomy":"post_tag","embeddable":true,"href":"https:\/\/revistazetta.com\/index.php?rest_route=%2Fwp%2Fv2%2Ftags&post=5079"}],"curies":[{"name":"wp","href":"https:\/\/api.w.org\/{rel}","templated":true}]}}