{"id":50816,"date":"2023-07-24T07:15:12","date_gmt":"2023-07-24T12:15:12","guid":{"rendered":"https:\/\/revistazetta.com\/?p=50816"},"modified":"2023-07-24T07:19:14","modified_gmt":"2023-07-24T12:19:14","slug":"la-empresaria-elizabeth-zuniga-recibio-homenaje-en-nueva-york","status":"publish","type":"post","link":"https:\/\/revistazetta.com\/?p=50816","title":{"rendered":"La empresaria Elizabeth Z\u00fa\u00f1iga recibi\u00f3 homenaje en Nueva York"},"content":{"rendered":"<p><strong>Nueva York, 24 de julio de 2023.-<\/strong>\u00a0Con la alegr\u00eda y el colorido que identifica al ser caribe, la empresaria del turismo de Cartagena Elizabeth Z\u00fa\u00f1iga Geles, luci\u00f3 la banda de Capitana Mayor del Desfile Colombiano de la Independencia en Nueva York al lado del presidente de la Organizaci\u00f3n Centro Cultural Colombiano, Rafael Castellar.<\/p>\n<p>Colombianos de diversas regiones del pa\u00eds y de diferentes pa\u00edses del mundo fueron participes de la fiesta de Independencia nacional que durante m\u00e1s de 23 a\u00f1os se realiza en los Estados Unidos.<\/p>\n<p><img loading=\"lazy\" decoding=\"async\" class=\"alignnone size-medium wp-image-50819\" src=\"https:\/\/revistazetta.com\/wp-content\/uploads\/2023\/07\/Elizabeth-2-459x333.jpeg\" alt=\"\" width=\"459\" height=\"333\" srcset=\"https:\/\/revistazetta.com\/wp-content\/uploads\/2023\/07\/Elizabeth-2-459x333.jpeg 459w, https:\/\/revistazetta.com\/wp-content\/uploads\/2023\/07\/Elizabeth-2-1024x743.jpeg 1024w, https:\/\/revistazetta.com\/wp-content\/uploads\/2023\/07\/Elizabeth-2-223x162.jpeg 223w, https:\/\/revistazetta.com\/wp-content\/uploads\/2023\/07\/Elizabeth-2.jpeg 1064w\" sizes=\"auto, (max-width: 459px) 100vw, 459px\" \/><\/p>\n<p>Se trata de una actividad cultural que presenta al mundo desde la ciudad de Nueva York, las tradiciones, folclor e idiosincrasia de los colombianos. El desfile est\u00e1 oficialmente registrado en el condado de Queens y pertenece a la Organizaci\u00f3n Centro Cultural Colombiano.<\/p>\n<p>Elizabeth Z\u00fa\u00f1iga se pase\u00f3 en una carroza a lo largo de las avenidas de Nueva York, encabez\u00f3 un baile al lado de la comparsa de Manga y estuvo en tarima, en donde emocionada, le manifest\u00f3 al mundo lo bella que es Colombia y los invit\u00f3 a llegar a nuestro pa\u00eds, principalmente Cartagena y la zona insular, las Islas del Rosario, en donde se encuentra el Hotel Lizamar.<\/p>\n<p><img loading=\"lazy\" decoding=\"async\" class=\"alignnone size-medium wp-image-50820\" src=\"https:\/\/revistazetta.com\/wp-content\/uploads\/2023\/07\/Elizabeth-3-500x289.jpeg\" alt=\"\" width=\"500\" height=\"289\" srcset=\"https:\/\/revistazetta.com\/wp-content\/uploads\/2023\/07\/Elizabeth-3-500x289.jpeg 500w, https:\/\/revistazetta.com\/wp-content\/uploads\/2023\/07\/Elizabeth-3-1024x592.jpeg 1024w, https:\/\/revistazetta.com\/wp-content\/uploads\/2023\/07\/Elizabeth-3-250x144.jpeg 250w, https:\/\/revistazetta.com\/wp-content\/uploads\/2023\/07\/Elizabeth-3.jpeg 1080w\" sizes=\"auto, (max-width: 500px) 100vw, 500px\" \/><\/p>\n","protected":false},"excerpt":{"rendered":"<p>Nueva York, 24 de julio de 2023.-\u00a0Con la alegr\u00eda y el colorido que identifica al ser caribe, la empresaria del turismo de Cartagena Elizabeth Z\u00fa\u00f1iga Geles, luci\u00f3 la banda de Capitana Mayor del Desfile Colombiano de la Independencia en Nueva York al lado del presidente de la Organizaci\u00f3n Centro Cultural Colombiano, Rafael Castellar. Colombianos de diversas regiones del pa\u00eds y de diferentes pa\u00edses del mundo fueron participes de la fiesta de Independencia nacional que durante m\u00e1s de 23 a\u00f1os se realiza en los Estados Unidos. Se trata de una actividad&#8230; <\/p>\n","protected":false},"author":3,"featured_media":50817,"comment_status":"closed","ping_status":"closed","sticky":false,"template":"","format":"standard","meta":{"footnotes":"","_links_to":"","_links_to_target":""},"categories":[6,39],"tags":[1736,833,1735,302,325],"class_list":["post-50816","post","type-post","status-publish","format-standard","has-post-thumbnail","hentry","category-turismo","category-turismo-viajes","tag-elizabeth-zuniga","tag-islas-del-rosario","tag-nueva-york","tag-turismo","tag-viajes"],"_links":{"self":[{"href":"https:\/\/revistazetta.com\/index.php?rest_route=\/wp\/v2\/posts\/50816","targetHints":{"allow":["GET"]}}],"collection":[{"href":"https:\/\/revistazetta.com\/index.php?rest_route=\/wp\/v2\/posts"}],"about":[{"href":"https:\/\/revistazetta.com\/index.php?rest_route=\/wp\/v2\/types\/post"}],"author":[{"embeddable":true,"href":"https:\/\/revistazetta.com\/index.php?rest_route=\/wp\/v2\/users\/3"}],"replies":[{"embeddable":true,"href":"https:\/\/revistazetta.com\/index.php?rest_route=%2Fwp%2Fv2%2Fcomments&post=50816"}],"version-history":[{"count":0,"href":"https:\/\/revistazetta.com\/index.php?rest_route=\/wp\/v2\/posts\/50816\/revisions"}],"wp:featuredmedia":[{"embeddable":true,"href":"https:\/\/revistazetta.com\/index.php?rest_route=\/wp\/v2\/media\/50817"}],"wp:attachment":[{"href":"https:\/\/revistazetta.com\/index.php?rest_route=%2Fwp%2Fv2%2Fmedia&parent=50816"}],"wp:term":[{"taxonomy":"category","embeddable":true,"href":"https:\/\/revistazetta.com\/index.php?rest_route=%2Fwp%2Fv2%2Fcategories&post=50816"},{"taxonomy":"post_tag","embeddable":true,"href":"https:\/\/revistazetta.com\/index.php?rest_route=%2Fwp%2Fv2%2Ftags&post=50816"}],"curies":[{"name":"wp","href":"https:\/\/api.w.org\/{rel}","templated":true}]}}