{"id":50869,"date":"2023-07-26T14:09:25","date_gmt":"2023-07-26T19:09:25","guid":{"rendered":"https:\/\/revistazetta.com\/?p=50869"},"modified":"2023-07-26T14:09:25","modified_gmt":"2023-07-26T19:09:25","slug":"carlos-feliz-sera-el-19-en-la-lista-a-concejo-de-nuevo-liberalismo-en-marcha-pero-quiere-ser-el-primero-en-votacion","status":"publish","type":"post","link":"https:\/\/revistazetta.com\/?p=50869","title":{"rendered":"Carlos F\u00e9liz ser\u00e1 el 19 en la lista a Concejo de Nuevo Liberalismo \/ En Marcha, pero quiere ser el primero en votaci\u00f3n"},"content":{"rendered":"<p><strong>Cartagena de Indias, 26 de julio de 2023.-<\/strong> Carlos F\u00e9liz Monsalve sabe que su lugar en el tarjet\u00f3n es estrat\u00e9gico: es la casilla 19, el \u00faltimo de la lista, pero quiere ser el primero en votaci\u00f3n para el Concejo de Cartagena.<\/p>\n<p>El dirigente recibi\u00f3 aval de la coalici\u00f3n conformada por Nuevo Liberalismo y En Marcha, y se\u00f1al\u00f3 que la meta es abrir el espacio que estos nuevos partidos est\u00e1n reclamando frente a la ciudadan\u00eda.<\/p>\n<p>\u00abNuestro candidato a la Alcald\u00eda es Dumek Turbay, quien tiene el mejor perfil y es el m\u00e1s indicado para conducir los destinos de la ciudad y sacarla del estado en que se encuentra, y desde el Concejo seremos bancada de gobierno y contribuiremos con un control pol\u00edtico edificante a velar para que la ciudadan\u00eda tenga las respuestas\u00bb, dijo F\u00e9liz Monsalve.<\/p>\n<p>La entrega de avales fue presidida por el coordinador de Nuevo Liberalismo en Bol\u00edvar, Fejed Al\u00ed bardan, y el coordinador de En marcha, Jorge Redondo.<\/p>\n<p><img loading=\"lazy\" decoding=\"async\" class=\"alignnone size-medium wp-image-50871\" src=\"https:\/\/revistazetta.com\/wp-content\/uploads\/2023\/07\/CF-2-441x333.jpeg\" alt=\"\" width=\"441\" height=\"333\" srcset=\"https:\/\/revistazetta.com\/wp-content\/uploads\/2023\/07\/CF-2-441x333.jpeg 441w, https:\/\/revistazetta.com\/wp-content\/uploads\/2023\/07\/CF-2-215x162.jpeg 215w, https:\/\/revistazetta.com\/wp-content\/uploads\/2023\/07\/CF-2.jpeg 970w\" sizes=\"auto, (max-width: 441px) 100vw, 441px\" \/> <img loading=\"lazy\" decoding=\"async\" class=\"alignnone size-medium wp-image-50872\" src=\"https:\/\/revistazetta.com\/wp-content\/uploads\/2023\/07\/CF-3-500x333.jpeg\" alt=\"\" width=\"500\" height=\"333\" srcset=\"https:\/\/revistazetta.com\/wp-content\/uploads\/2023\/07\/CF-3-500x333.jpeg 500w, https:\/\/revistazetta.com\/wp-content\/uploads\/2023\/07\/CF-3-243x162.jpeg 243w, https:\/\/revistazetta.com\/wp-content\/uploads\/2023\/07\/CF-3.jpeg 1014w\" sizes=\"auto, (max-width: 500px) 100vw, 500px\" \/> <img loading=\"lazy\" decoding=\"async\" class=\"alignnone size-medium wp-image-50873\" src=\"https:\/\/revistazetta.com\/wp-content\/uploads\/2023\/07\/CF-4-500x263.jpeg\" alt=\"\" width=\"500\" height=\"263\" srcset=\"https:\/\/revistazetta.com\/wp-content\/uploads\/2023\/07\/CF-4-500x263.jpeg 500w, https:\/\/revistazetta.com\/wp-content\/uploads\/2023\/07\/CF-4-1024x538.jpeg 1024w, https:\/\/revistazetta.com\/wp-content\/uploads\/2023\/07\/CF-4-250x131.jpeg 250w, https:\/\/revistazetta.com\/wp-content\/uploads\/2023\/07\/CF-4.jpeg 1080w\" sizes=\"auto, (max-width: 500px) 100vw, 500px\" \/><\/p>\n","protected":false},"excerpt":{"rendered":"<p>Cartagena de Indias, 26 de julio de 2023.- Carlos F\u00e9liz Monsalve sabe que su lugar en el tarjet\u00f3n es estrat\u00e9gico: es la casilla 19, el \u00faltimo de la lista, pero quiere ser el primero en votaci\u00f3n para el Concejo de Cartagena. El dirigente recibi\u00f3 aval de la coalici\u00f3n conformada por Nuevo Liberalismo y En Marcha, y se\u00f1al\u00f3 que la meta es abrir el espacio que estos nuevos partidos est\u00e1n reclamando frente a la ciudadan\u00eda. \u00abNuestro candidato a la Alcald\u00eda es Dumek Turbay, quien tiene el mejor perfil y es el&#8230; <\/p>\n","protected":false},"author":3,"featured_media":50870,"comment_status":"closed","ping_status":"closed","sticky":false,"template":"","format":"standard","meta":{"footnotes":"","_links_to":"","_links_to_target":""},"categories":[1450,1440,4],"tags":[233,195,285,74,983,1567,1097,298],"class_list":["post-50869","post","type-post","status-publish","format-standard","has-post-thumbnail","hentry","category-parasladers","category-elecciones-2023-politica","category-politica","tag-carlos-feliz","tag-concejo-de-cartagena","tag-destacada","tag-dumek-turbay","tag-elecciones-2023","tag-en-marcha","tag-nuevo-liberalismo","tag-politica"],"_links":{"self":[{"href":"https:\/\/revistazetta.com\/index.php?rest_route=\/wp\/v2\/posts\/50869","targetHints":{"allow":["GET"]}}],"collection":[{"href":"https:\/\/revistazetta.com\/index.php?rest_route=\/wp\/v2\/posts"}],"about":[{"href":"https:\/\/revistazetta.com\/index.php?rest_route=\/wp\/v2\/types\/post"}],"author":[{"embeddable":true,"href":"https:\/\/revistazetta.com\/index.php?rest_route=\/wp\/v2\/users\/3"}],"replies":[{"embeddable":true,"href":"https:\/\/revistazetta.com\/index.php?rest_route=%2Fwp%2Fv2%2Fcomments&post=50869"}],"version-history":[{"count":0,"href":"https:\/\/revistazetta.com\/index.php?rest_route=\/wp\/v2\/posts\/50869\/revisions"}],"wp:featuredmedia":[{"embeddable":true,"href":"https:\/\/revistazetta.com\/index.php?rest_route=\/wp\/v2\/media\/50870"}],"wp:attachment":[{"href":"https:\/\/revistazetta.com\/index.php?rest_route=%2Fwp%2Fv2%2Fmedia&parent=50869"}],"wp:term":[{"taxonomy":"category","embeddable":true,"href":"https:\/\/revistazetta.com\/index.php?rest_route=%2Fwp%2Fv2%2Fcategories&post=50869"},{"taxonomy":"post_tag","embeddable":true,"href":"https:\/\/revistazetta.com\/index.php?rest_route=%2Fwp%2Fv2%2Ftags&post=50869"}],"curies":[{"name":"wp","href":"https:\/\/api.w.org\/{rel}","templated":true}]}}