{"id":50874,"date":"2023-07-26T14:23:32","date_gmt":"2023-07-26T19:23:32","guid":{"rendered":"https:\/\/revistazetta.com\/?p=50874"},"modified":"2023-07-26T15:42:45","modified_gmt":"2023-07-26T20:42:45","slug":"con-avales-de-distintos-partidos-acuerdo-de-la-calle-de-las-damas-sigue-su-paso","status":"publish","type":"post","link":"https:\/\/revistazetta.com\/?p=50874","title":{"rendered":"Con avales de distintos partidos, Acuerdo de la Calle de las Damas sigue su paso"},"content":{"rendered":"<p><strong>Cartagena de Indias, 26 de julio de 2023.-<\/strong> Aunque varios de sus integrantes ha recibido aval de partidos pol\u00edticos para inscribirse como candidatos a la Alcald\u00eda, desde de Acuerdo de la Calle de las Damas se insiste en un proceso de unidad.<\/p>\n<p>El colectivo emiti\u00f3 un comunicado donde reafirma su \u00abcompromiso con la transparencia y el progreso para Cartagena\u00bb, y hace un recuento de los que siguen en el acuerdo.<\/p>\n<p>Seg\u00fan el comunicado, Mery Luz Londo\u00f1o tiene el respaldo como candidata a la Gobernaci\u00f3n, habiendo llegado al Acuerdo cuando ten\u00eda calidad de aspirante a la Alcald\u00eda.<\/p>\n<p>Los que siguen \u00abfirmes\u00bb, seg\u00fan este comunicado, son: M\u00edster Carvajalino (Liga de Gobernates Anticorrupci\u00f3n),\u00a0Fernando Tinoco (ASI),\u00a0Fabio Aristizabal (Salvaci\u00f3n Nacional),\u00a0H\u00e9ctor P\u00e9rez (Colombia Justa y Libre), y Nausicrates P\u00e9rez (Verde Ox\u00edgeno).<\/p>\n<p>Se\u00f1ala el mismo comunicado que \u00abpor definir\u00bb est\u00e1n\u00a0Eduardo Matson,\u00a0Juan Carlos D\u00edaz y\u00a0Gabriel Rodriguez. (En comunicados anteriores se les incluy\u00f3).<\/p>\n<p>Se confirma que Gustavo Mart\u00ednez sali\u00f3 del acuerdo y sobre Jacqueline Perea \u00abesperamos que decida\u00bb.<\/p>\n<p>Este es el comunicado (transcrito tal cual fue suministrado):<\/p>\n<p style=\"padding-left: 40px;\"><span style=\"color: #0000ff;\"><em>*Comunicado de Prensa*<\/em><\/span><\/p>\n<p style=\"padding-left: 40px;\"><span style=\"color: #0000ff;\"><em>Acuerdo de la Calle de las Damas: Un Compromiso con la Transparencia y el Progreso para Cartagena<\/em><\/span><\/p>\n<p style=\"padding-left: 40px;\"><span style=\"color: #0000ff;\"><em>El \u00abAcuerdo de la Calle de las Damas\u00bb ha tomado forma como un movimiento prometedor en el panorama pol\u00edtico local de Cartagena. Inspirado por un grupo de precandidatos so\u00f1adores, este acuerdo destaca por su respaldo pol\u00edtico significativo y su inquebrantable compromiso con la integridad y la lucha contra la corrupci\u00f3n.<\/em><\/span><\/p>\n<p style=\"padding-left: 40px;\"><span style=\"color: #0000ff;\"><em>Con los avales correspondientes presentamos a los siguientes candidatos que competir\u00e1n por la alcald\u00eda de Cartagena:<\/em><\/span><\/p>\n<p style=\"padding-left: 40px;\"><span style=\"color: #0000ff;\"><em>1. Doctor Luis Manuel Carvajalino<\/em><\/span><br \/>\n<span style=\"color: #0000ff;\"><em>2. Doctor Fernando Tinoco<\/em><\/span><br \/>\n<span style=\"color: #0000ff;\"><em>3. Doctor Fabio Aristizabal<\/em><\/span><br \/>\n<span style=\"color: #0000ff;\"><em>4. Doctor H\u00e9ctor P\u00e9rez<\/em><\/span><br \/>\n<span style=\"color: #0000ff;\"><em>5. Doctor Nausicrates P\u00e9rez<\/em><\/span><br \/>\n<span style=\"color: #0000ff;\"><em>Por definir <\/em><\/span><br \/>\n<span style=\"color: #0000ff;\"><em>6.Eduardo Matson <\/em><\/span><br \/>\n<span style=\"color: #0000ff;\"><em>7. Juan Carlos D\u00edaz <\/em><\/span><br \/>\n<span style=\"color: #0000ff;\"><em>8. Gabriel Rodriguez <\/em><\/span><br \/>\n<span style=\"color: #0000ff;\"><em>Gustavo Mart\u00ednez se retir\u00f3 <\/em><\/span><br \/>\n<span style=\"color: #0000ff;\"><em>Jackelin Perea esperamos que decido. Toma con su aval<\/em><\/span><\/p>\n<p style=\"padding-left: 40px;\"><span style=\"color: #0000ff;\"><em>Tambi\u00e9n, con el mismo compromiso, el movimiento respalda a la doctora Mery Luz Londo\u00f1o como candidata para la gobernaci\u00f3n.<\/em><\/span><\/p>\n<p style=\"padding-left: 40px;\"><span style=\"color: #0000ff;\"><em>El 29 de julio marcar\u00e1 un hito en la historia pol\u00edtica de Cartagena, pues por primera vez, un grupo de independientes y alternativos se convierten en candidatos oficiales, respaldados por una parte significativa de la ciudadan\u00eda que valora su dedicaci\u00f3n y trabajo en pro del desarrollo de nuestra ciudad.<\/em><\/span><\/p>\n<p style=\"padding-left: 40px;\"><span style=\"color: #0000ff;\"><em>El \u00abAcuerdo de la Calle de las Damas\u00bb tiene como objetivo marcar la diferencia frente a la pol\u00edtica tradicional, presentando una alternativa independiente que prioriza el cumplimiento de metas y compromisos con total transparencia y eficiencia.<\/em><\/span><\/p>\n<p style=\"padding-left: 40px;\"><span style=\"color: #0000ff;\"><em>Es relevante mencionar que cada candidato trabajar\u00e1 de manera independiente con sus respectivos movimientos pol\u00edticos, y se evaluar\u00e1 peri\u00f3dicamente la posibilidad de una unidad que mantenga siempre la integridad y el honor en cada acci\u00f3n realizada en pro de Cartagena.<\/em><\/span><\/p>\n<p style=\"padding-left: 40px;\"><span style=\"color: #0000ff;\"><em>Invitamos a todos los ciudadanos de Cartagena a ser parte de esta nueva historia, donde la transparencia y el progreso son los fundamentos para construir un futuro pr\u00f3spero y justo para nuestra amada ciudad.<\/em><\/span><\/p>\n<p style=\"padding-left: 40px;\"><span style=\"color: #0000ff;\"><em>Juntos, con determinaci\u00f3n y transparencia, construiremos una Cartagena m\u00e1s fuerte y unida, velando por el bienestar de todos.<\/em><\/span><\/p>\n","protected":false},"excerpt":{"rendered":"<p>Cartagena de Indias, 26 de julio de 2023.- Aunque varios de sus integrantes ha recibido aval de partidos pol\u00edticos para inscribirse como candidatos a la Alcald\u00eda, desde de Acuerdo de la Calle de las Damas se insiste en un proceso de unidad. El colectivo emiti\u00f3 un comunicado donde reafirma su \u00abcompromiso con la transparencia y el progreso para Cartagena\u00bb, y hace un recuento de los que siguen en el acuerdo. Seg\u00fan el comunicado, Mery Luz Londo\u00f1o tiene el respaldo como candidata a la Gobernaci\u00f3n, habiendo llegado al Acuerdo cuando ten\u00eda&#8230; <\/p>\n","protected":false},"author":3,"featured_media":50875,"comment_status":"closed","ping_status":"closed","sticky":false,"template":"","format":"standard","meta":{"footnotes":"","_links_to":"","_links_to_target":""},"categories":[4,1440],"tags":[983,298],"class_list":["post-50874","post","type-post","status-publish","format-standard","has-post-thumbnail","hentry","category-politica","category-elecciones-2023-politica","tag-elecciones-2023","tag-politica"],"_links":{"self":[{"href":"https:\/\/revistazetta.com\/index.php?rest_route=\/wp\/v2\/posts\/50874","targetHints":{"allow":["GET"]}}],"collection":[{"href":"https:\/\/revistazetta.com\/index.php?rest_route=\/wp\/v2\/posts"}],"about":[{"href":"https:\/\/revistazetta.com\/index.php?rest_route=\/wp\/v2\/types\/post"}],"author":[{"embeddable":true,"href":"https:\/\/revistazetta.com\/index.php?rest_route=\/wp\/v2\/users\/3"}],"replies":[{"embeddable":true,"href":"https:\/\/revistazetta.com\/index.php?rest_route=%2Fwp%2Fv2%2Fcomments&post=50874"}],"version-history":[{"count":0,"href":"https:\/\/revistazetta.com\/index.php?rest_route=\/wp\/v2\/posts\/50874\/revisions"}],"wp:featuredmedia":[{"embeddable":true,"href":"https:\/\/revistazetta.com\/index.php?rest_route=\/wp\/v2\/media\/50875"}],"wp:attachment":[{"href":"https:\/\/revistazetta.com\/index.php?rest_route=%2Fwp%2Fv2%2Fmedia&parent=50874"}],"wp:term":[{"taxonomy":"category","embeddable":true,"href":"https:\/\/revistazetta.com\/index.php?rest_route=%2Fwp%2Fv2%2Fcategories&post=50874"},{"taxonomy":"post_tag","embeddable":true,"href":"https:\/\/revistazetta.com\/index.php?rest_route=%2Fwp%2Fv2%2Ftags&post=50874"}],"curies":[{"name":"wp","href":"https:\/\/api.w.org\/{rel}","templated":true}]}}